{"id":1482,"date":"2015-04-14T16:59:16","date_gmt":"2015-04-14T15:59:16","guid":{"rendered":"http:\/\/blocs.xtec.cat\/ceipstjulia\/?p=1482"},"modified":"2015-11-16T23:19:41","modified_gmt":"2015-11-16T22:19:41","slug":"dia-de-lescola-verda","status":"publish","type":"post","link":"https:\/\/agora.xtec.cat\/escolasantjulia\/general\/dia-de-lescola-verda\/","title":{"rendered":"Dia de l&#8217;Escola Verda"},"content":{"rendered":"<p>El passat 26 de mar\u00e7 tots els alumnes i mestres de l\u2019escola van celebrar el <span style=\"color: #008000;\"><strong>Dia d\u2019Escola Verda<\/strong><\/span>, el qual aquest any va girar en tenir<strong><span style=\"color: #ff6600;\"> m\u00e9s cura de l\u2019entorn<\/span><\/strong>, \u00e9s a dir, mantenir m\u00e9s neta l\u2019escola i el poble on es troba.<br \/>\nAquesta proposta va ser una idea del Parlament Verd de l\u2019escola, ja que creuen que els entorns de l\u2019escola i del poble no estan prou nets i la gent no en t\u00e9 prou cura.<br \/>\nAprofitant aquesta idea i\/o preocupaci\u00f3, aquell dia es van fer diferents activitats per promoure i fer conscienciar a alumnes, mestres i habitants del poble que tots podem fer alguna cosa per millorar aquesta situaci\u00f3.<br \/>\nEls alumnes d<span style=\"color: #ff0000;\">\u2019<strong>Educaci\u00f3 Infantil<\/strong><\/span> van fer un tomb pels voltants de l\u2019escola i van poder comprovar que hi havia molts residus que s\u2019havien de recollir i que no es llencen als llocs adequats. Els alumnes de <strong><span style=\"color: #3366ff;\">Cicle Inicial<\/span> <\/strong>van recollir alguns d\u2019aquests residus amb guant i bosses, i van quedar sorpresos de la quantitat recollida. Els alumnes de<strong><span style=\"color: #ff9900;\"> Cicle Mitj\u00e0<\/span><\/strong> van escriure unes cartes dirigides a l\u2019alcalde on explicaven la seva preocupaci\u00f3 sobre aquest tema i altres i li van presentar fotos de la brut\u00edcia per certificar el que es deia. Despr\u00e9s de ser atesos per l\u2019alcalde i la regidora d\u2019Ensenyament els Parlamentaris Verds van poder registrar les cartes a l\u2019Ajuntament. I per \u00faltim, els alumnes de <span style=\"color: #008000;\"><strong>Cicle Superior<\/strong><\/span> van acompanyar a l\u2019Ajuntament als alumnes de tercer i quart i pel cam\u00ed van penjar cartells fets per ells mateixos per conscienciar sobre el tema del dia.<br \/>\nPer acabar la celebraci\u00f3 tots els alumnes i mestres de l\u2019escola es van reunir i van plantar un taronger al pati per poder recordar el dia i tamb\u00e9 que fer-nos conscients que nosaltres som els primers en haver de tenir cura del m\u00f3n on vivim, comen\u00e7ant per la nostra escola i el nostre poble .<\/p>\n<div style=\"width: 480px; text-align: right;\"><embed width=\"480\" height=\"360\" src=\"http:\/\/pic2.pbsrc.com\/flash\/rss_slideshow.swf\" flashvars=\"rssFeed=http%3A%2F%2Ffeed879.photobucket.com%2Falbums%2Fab352%2FEscolaSantJulia%2F2014-15%2FESCOLA%2520VERDA%2FDIA%2520ESCOLA%2520VERDA%2Ffeed.rss\" type=\"application\/x-shockwave-flash\" wmode=\"transparent\"><\/embed><a target=\"_blank\"><img decoding=\"async\" style=\"border: none;\" src=\"http:\/\/pic.photobucket.com\/share\/icons\/embed\/btn_geturs.gif\" alt=\"\" \/><\/a><a href=\"http:\/\/s879.photobucket.com\/user\/EscolaSantJulia\/library\/2014-15\/ESCOLA%20VERDA\/DIA%20ESCOLA%20VERDA\" target=\"_blank\"><img decoding=\"async\" style=\"border: none;\" src=\"http:\/\/pic.photobucket.com\/share\/icons\/embed\/btn_viewall.gif\" alt=\"EscolaSantJulia's DIA ESCOLA VERDA album on Photobucket\" \/><\/a><\/div>\n","protected":false},"excerpt":{"rendered":"<p>El passat 26 de mar\u00e7 tots els alumnes i mestres de l\u2019escola van celebrar el Dia d\u2019Escola Verda, el qual aquest any va girar en tenir m\u00e9s cura de l\u2019entorn, \u00e9s a dir, mantenir m\u00e9s neta l\u2019escola i el poble on es troba. Aquesta proposta va ser una idea del Parlament Verd de l\u2019escola, ja [&hellip;]<\/p>\n","protected":false},"author":1,"featured_media":0,"comment_status":"open","ping_status":"open","sticky":false,"template":"","format":"standard","meta":{"_bbp_topic_count":0,"_bbp_reply_count":0,"_bbp_total_topic_count":0,"_bbp_total_reply_count":0,"_bbp_voice_count":0,"_bbp_anonymous_reply_count":0,"_bbp_topic_count_hidden":0,"_bbp_reply_count_hidden":0,"_bbp_forum_subforum_count":0,"site-sidebar-layout":"default","site-content-layout":"","ast-site-content-layout":"","site-content-style":"default","site-sidebar-style":"default","ast-global-header-display":"","ast-banner-title-visibility":"","ast-main-header-display":"","ast-hfb-above-header-display":"","ast-hfb-below-header-display":"","ast-hfb-mobile-header-display":"","site-post-title":"","ast-breadcrumbs-content":"","ast-featured-img":"","footer-sml-layout":"","theme-transparent-header-meta":"","adv-header-id-meta":"","stick-header-meta":"","header-above-stick-meta":"","header-main-stick-meta":"","header-below-stick-meta":"","astra-migrate-meta-layouts":"default","ast-page-background-enabled":"default","ast-page-background-meta":{"desktop":{"background-color":"var(--ast-global-color-4)","background-image":"","background-repeat":"repeat","background-position":"center center","background-size":"auto","background-attachment":"scroll","background-type":"","background-media":"","overlay-type":"","overlay-color":"","overlay-opacity":"","overlay-gradient":""},"tablet":{"background-color":"","background-image":"","background-repeat":"repeat","background-position":"center center","background-size":"auto","background-attachment":"scroll","background-type":"","background-media":"","overlay-type":"","overlay-color":"","overlay-opacity":"","overlay-gradient":""},"mobile":{"background-color":"","background-image":"","background-repeat":"repeat","background-position":"center center","background-size":"auto","background-attachment":"scroll","background-type":"","background-media":"","overlay-type":"","overlay-color":"","overlay-opacity":"","overlay-gradient":""}},"ast-content-background-meta":{"desktop":{"background-color":"var(--ast-global-color-5)","background-image":"","background-repeat":"repeat","background-position":"center center","background-size":"auto","background-attachment":"scroll","background-type":"","background-media":"","overlay-type":"","overlay-color":"","overlay-opacity":"","overlay-gradient":""},"tablet":{"background-color":"var(--ast-global-color-5)","background-image":"","background-repeat":"repeat","background-position":"center center","background-size":"auto","background-attachment":"scroll","background-type":"","background-media":"","overlay-type":"","overlay-color":"","overlay-opacity":"","overlay-gradient":""},"mobile":{"background-color":"var(--ast-global-color-5)","background-image":"","background-repeat":"repeat","background-position":"center center","background-size":"auto","background-attachment":"scroll","background-type":"","background-media":"","overlay-type":"","overlay-color":"","overlay-opacity":"","overlay-gradient":""}},"footnotes":""},"categories":[21,26,1,2,3,8,9,15,14,13,12,11,10,34],"tags":[92,119,157,16],"class_list":["post-1482","post","type-post","status-publish","format-standard","hentry","category-activitats-escola","category-escola-verda","category-general","category-infantil","category-p3","category-p4","category-p5","category-6e","category-5e","category-4t","category-3r","category-2n","category-1r","category-sortides","tag-escola-verda","tag-larboc","tag-reciclar","tag-sortides"],"post_mailing_queue_ids":[],"_links":{"self":[{"href":"https:\/\/agora.xtec.cat\/escolasantjulia\/wp-json\/wp\/v2\/posts\/1482","targetHints":{"allow":["GET"]}}],"collection":[{"href":"https:\/\/agora.xtec.cat\/escolasantjulia\/wp-json\/wp\/v2\/posts"}],"about":[{"href":"https:\/\/agora.xtec.cat\/escolasantjulia\/wp-json\/wp\/v2\/types\/post"}],"author":[{"embeddable":true,"href":"https:\/\/agora.xtec.cat\/escolasantjulia\/wp-json\/wp\/v2\/users\/1"}],"replies":[{"embeddable":true,"href":"https:\/\/agora.xtec.cat\/escolasantjulia\/wp-json\/wp\/v2\/comments?post=1482"}],"version-history":[{"count":1,"href":"https:\/\/agora.xtec.cat\/escolasantjulia\/wp-json\/wp\/v2\/posts\/1482\/revisions"}],"predecessor-version":[{"id":1773,"href":"https:\/\/agora.xtec.cat\/escolasantjulia\/wp-json\/wp\/v2\/posts\/1482\/revisions\/1773"}],"wp:attachment":[{"href":"https:\/\/agora.xtec.cat\/escolasantjulia\/wp-json\/wp\/v2\/media?parent=1482"}],"wp:term":[{"taxonomy":"category","embeddable":true,"href":"https:\/\/agora.xtec.cat\/escolasantjulia\/wp-json\/wp\/v2\/categories?post=1482"},{"taxonomy":"post_tag","embeddable":true,"href":"https:\/\/agora.xtec.cat\/escolasantjulia\/wp-json\/wp\/v2\/tags?post=1482"}],"curies":[{"name":"wp","href":"https:\/\/api.w.org\/{rel}","templated":true}]}}