{"id":1456,"date":"2015-03-20T13:07:11","date_gmt":"2015-03-20T12:07:11","guid":{"rendered":"http:\/\/blocs.xtec.cat\/ceipstjulia\/?p=1456"},"modified":"2015-11-16T23:19:42","modified_gmt":"2015-11-16T22:19:42","slug":"1456","status":"publish","type":"post","link":"https:\/\/agora.xtec.cat\/escolasantjulia\/general\/1456\/","title":{"rendered":"Cros Escolar a l&#8217;Arbo\u00e7"},"content":{"rendered":"<p>El passat diumenge 8 de mar\u00e7, a m\u00e9s de celebrar el Dia Internacional de la Dona Treballadora, vam celebrar el <span style=\"color: #ff6600;\"><strong>XIII\u00e8 Cros Escolar de l&#8217;Arbo\u00e7.<\/strong><\/span><\/p>\n<p>Participaren nens i nenes de l&#8217;Arbo\u00e7 i d&#8217;altres poblacions, i tots els esportistes de categories juvenils, infantils, cadets, alevins, benjamins i els m\u00e9s petits gaudiren d&#8217;un bon dia assolellat per fer esport. En acabar el cros van gaudir d&#8217;una &#8220;masterclass&#8221; de Hip-Hop.<br \/>\nTots els participants reberen una merescuda medalla a l&#8217;esfor\u00e7 i a la superaci\u00f3 en acabar la cursa i, des d&#8217;aqu\u00ed, volem donar-los l&#8217;enhorabona i convidar-los a continuar fent esport i promovent una vida sana.<\/p>\n<div style=\"width:480px;text-align:right;\"><embed width=\"480\" height=\"360\" src=\"http:\/\/pic2.pbsrc.com\/flash\/rss_slideshow.swf\" flashvars=\"rssFeed=http%3A%2F%2Ffeed879.photobucket.com%2Falbums%2Fab352%2FEscolaSantJulia%2F2014-15%2FEDUCACIO%2520FISICA%2FCROS%25202015%2Ffeed.rss\" type=\"application\/x-shockwave-flash\" wmode=\"transparent\" \/><a href=\"javascript:void(0);\" target=\"_blank\"><img decoding=\"async\" src=\"http:\/\/pic.photobucket.com\/share\/icons\/embed\/btn_geturs.gif\" style=\"border:none;\" \/><\/a><a href=\"http:\/\/s879.photobucket.com\/user\/EscolaSantJulia\/library\/2014-15\/EDUCACIO%20FISICA\/CROS%202015\" target=\"_blank\"><img decoding=\"async\" src=\"http:\/\/pic.photobucket.com\/share\/icons\/embed\/btn_viewall.gif\" style=\"border:none;\" alt=\"EscolaSantJulia&#039;s CROS 2015 album on Photobucket\" \/><\/a><\/div>\n","protected":false},"excerpt":{"rendered":"<p>El passat diumenge 8 de mar\u00e7, a m\u00e9s de celebrar el Dia Internacional de la Dona Treballadora, vam celebrar el XIII\u00e8 Cros Escolar de l&#8217;Arbo\u00e7. Participaren nens i nenes de l&#8217;Arbo\u00e7 i d&#8217;altres poblacions, i tots els esportistes de categories juvenils, infantils, cadets, alevins, benjamins i els m\u00e9s petits gaudiren d&#8217;un bon dia assolellat per [&hellip;]<\/p>\n","protected":false},"author":1,"featured_media":0,"comment_status":"open","ping_status":"open","sticky":false,"template":"","format":"standard","meta":{"_bbp_topic_count":0,"_bbp_reply_count":0,"_bbp_total_topic_count":0,"_bbp_total_reply_count":0,"_bbp_voice_count":0,"_bbp_anonymous_reply_count":0,"_bbp_topic_count_hidden":0,"_bbp_reply_count_hidden":0,"_bbp_forum_subforum_count":0,"site-sidebar-layout":"default","site-content-layout":"","ast-site-content-layout":"","site-content-style":"default","site-sidebar-style":"default","ast-global-header-display":"","ast-banner-title-visibility":"","ast-main-header-display":"","ast-hfb-above-header-display":"","ast-hfb-below-header-display":"","ast-hfb-mobile-header-display":"","site-post-title":"","ast-breadcrumbs-content":"","ast-featured-img":"","footer-sml-layout":"","theme-transparent-header-meta":"","adv-header-id-meta":"","stick-header-meta":"","header-above-stick-meta":"","header-main-stick-meta":"","header-below-stick-meta":"","astra-migrate-meta-layouts":"default","ast-page-background-enabled":"default","ast-page-background-meta":{"desktop":{"background-color":"var(--ast-global-color-4)","background-image":"","background-repeat":"repeat","background-position":"center center","background-size":"auto","background-attachment":"scroll","background-type":"","background-media":"","overlay-type":"","overlay-color":"","overlay-opacity":"","overlay-gradient":""},"tablet":{"background-color":"","background-image":"","background-repeat":"repeat","background-position":"center center","background-size":"auto","background-attachment":"scroll","background-type":"","background-media":"","overlay-type":"","overlay-color":"","overlay-opacity":"","overlay-gradient":""},"mobile":{"background-color":"","background-image":"","background-repeat":"repeat","background-position":"center center","background-size":"auto","background-attachment":"scroll","background-type":"","background-media":"","overlay-type":"","overlay-color":"","overlay-opacity":"","overlay-gradient":""}},"ast-content-background-meta":{"desktop":{"background-color":"var(--ast-global-color-5)","background-image":"","background-repeat":"repeat","background-position":"center center","background-size":"auto","background-attachment":"scroll","background-type":"","background-media":"","overlay-type":"","overlay-color":"","overlay-opacity":"","overlay-gradient":""},"tablet":{"background-color":"var(--ast-global-color-5)","background-image":"","background-repeat":"repeat","background-position":"center center","background-size":"auto","background-attachment":"scroll","background-type":"","background-media":"","overlay-type":"","overlay-color":"","overlay-opacity":"","overlay-gradient":""},"mobile":{"background-color":"var(--ast-global-color-5)","background-image":"","background-repeat":"repeat","background-position":"center center","background-size":"auto","background-attachment":"scroll","background-type":"","background-media":"","overlay-type":"","overlay-color":"","overlay-opacity":"","overlay-gradient":""}},"footnotes":""},"categories":[21,7,1],"tags":[49,77,89,93,99,181],"class_list":["post-1456","post","type-post","status-publish","format-standard","hentry","category-activitats-escola","category-ampa","category-general","tag-ampa","tag-cros","tag-emocions","tag-esport","tag-festa","tag-valors"],"post_mailing_queue_ids":[],"_links":{"self":[{"href":"https:\/\/agora.xtec.cat\/escolasantjulia\/wp-json\/wp\/v2\/posts\/1456","targetHints":{"allow":["GET"]}}],"collection":[{"href":"https:\/\/agora.xtec.cat\/escolasantjulia\/wp-json\/wp\/v2\/posts"}],"about":[{"href":"https:\/\/agora.xtec.cat\/escolasantjulia\/wp-json\/wp\/v2\/types\/post"}],"author":[{"embeddable":true,"href":"https:\/\/agora.xtec.cat\/escolasantjulia\/wp-json\/wp\/v2\/users\/1"}],"replies":[{"embeddable":true,"href":"https:\/\/agora.xtec.cat\/escolasantjulia\/wp-json\/wp\/v2\/comments?post=1456"}],"version-history":[{"count":1,"href":"https:\/\/agora.xtec.cat\/escolasantjulia\/wp-json\/wp\/v2\/posts\/1456\/revisions"}],"predecessor-version":[{"id":2072,"href":"https:\/\/agora.xtec.cat\/escolasantjulia\/wp-json\/wp\/v2\/posts\/1456\/revisions\/2072"}],"wp:attachment":[{"href":"https:\/\/agora.xtec.cat\/escolasantjulia\/wp-json\/wp\/v2\/media?parent=1456"}],"wp:term":[{"taxonomy":"category","embeddable":true,"href":"https:\/\/agora.xtec.cat\/escolasantjulia\/wp-json\/wp\/v2\/categories?post=1456"},{"taxonomy":"post_tag","embeddable":true,"href":"https:\/\/agora.xtec.cat\/escolasantjulia\/wp-json\/wp\/v2\/tags?post=1456"}],"curies":[{"name":"wp","href":"https:\/\/api.w.org\/{rel}","templated":true}]}}