{"id":1446,"date":"2015-03-11T16:28:04","date_gmt":"2015-03-11T15:28:04","guid":{"rendered":"http:\/\/blocs.xtec.cat\/ceipstjulia\/?p=1446"},"modified":"2015-11-16T23:19:42","modified_gmt":"2015-11-16T22:19:42","slug":"activitat-de-musica-a-2n","status":"publish","type":"post","link":"https:\/\/agora.xtec.cat\/escolasantjulia\/general\/activitat-de-musica-a-2n\/","title":{"rendered":"Activitat de m\u00fasica a 2n"},"content":{"rendered":"<p>Els nens i les nenes de 2n estan treballant la pulsaci\u00f3 i els ritmes a l&#8217;aula de m\u00fasica. Amb la can\u00e7\u00f3 &#8220;Visca el foc&#8221; treballem les notes blanques, les negres i les corxeres&#8230; Aqu\u00ed us deixem la lletra de la can\u00e7\u00f3 i uns v\u00eddeos.<\/p>\n<blockquote><p>Visca la claror del foc, visca sa claror.<br \/>\nVisca la claror del foc, visca sa claror.<br \/>\nFoc, foc, foc joliu, crema, crema amb gran delit;<br \/>\nfoc, foc, foc joliu, alegra\u2019ns la nit.<br \/>\nVisca l\u2019escalfor del foc, visca l\u2019escalfor.<br \/>\nVisca l\u2019escalfor del foc, visca l\u2019escalfor.<br \/>\nFoc, foc, foc joliu, crema, crema amb gran delit;<br \/>\nfoc, foc, foc joliu, alegra\u2019ns la nit.<br \/>\nVisquen les brases del foc, visquen els tions.<br \/>\nVisquen les brases del foc, visquen els tions.<br \/>\nFoc, foc, foc joliu, crema, crema amb gran delit;<br \/>\nfoc, foc, foc joliu, alegra\u2019ns la nit.<\/p><\/blockquote>\n<p><iframe loading=\"lazy\" src=\"https:\/\/www.youtube.com\/embed\/K4oJUGzzh0k\" width=\"358\" height=\"216\" frameborder=\"0\" allowfullscreen=\"allowfullscreen\"><\/iframe> <iframe loading=\"lazy\" src=\"https:\/\/www.youtube.com\/embed\/towUnJ79NY0\" width=\"358\" height=\"211\" frameborder=\"0\" allowfullscreen=\"allowfullscreen\"><\/iframe><\/p>\n","protected":false},"excerpt":{"rendered":"<p>Els nens i les nenes de 2n estan treballant la pulsaci\u00f3 i els ritmes a l&#8217;aula de m\u00fasica. Amb la can\u00e7\u00f3 &#8220;Visca el foc&#8221; treballem les notes blanques, les negres i les corxeres&#8230; Aqu\u00ed us deixem la lletra de la can\u00e7\u00f3 i uns v\u00eddeos. Visca la claror del foc, visca sa claror. Visca la claror [&hellip;]<\/p>\n","protected":false},"author":1,"featured_media":0,"comment_status":"open","ping_status":"open","sticky":false,"template":"","format":"standard","meta":{"_bbp_topic_count":0,"_bbp_reply_count":0,"_bbp_total_topic_count":0,"_bbp_total_reply_count":0,"_bbp_voice_count":0,"_bbp_anonymous_reply_count":0,"_bbp_topic_count_hidden":0,"_bbp_reply_count_hidden":0,"_bbp_forum_subforum_count":0,"site-sidebar-layout":"default","site-content-layout":"","ast-site-content-layout":"","site-content-style":"default","site-sidebar-style":"default","ast-global-header-display":"","ast-banner-title-visibility":"","ast-main-header-display":"","ast-hfb-above-header-display":"","ast-hfb-below-header-display":"","ast-hfb-mobile-header-display":"","site-post-title":"","ast-breadcrumbs-content":"","ast-featured-img":"","footer-sml-layout":"","theme-transparent-header-meta":"","adv-header-id-meta":"","stick-header-meta":"","header-above-stick-meta":"","header-main-stick-meta":"","header-below-stick-meta":"","astra-migrate-meta-layouts":"default","ast-page-background-enabled":"default","ast-page-background-meta":{"desktop":{"background-color":"var(--ast-global-color-4)","background-image":"","background-repeat":"repeat","background-position":"center center","background-size":"auto","background-attachment":"scroll","background-type":"","background-media":"","overlay-type":"","overlay-color":"","overlay-opacity":"","overlay-gradient":""},"tablet":{"background-color":"","background-image":"","background-repeat":"repeat","background-position":"center center","background-size":"auto","background-attachment":"scroll","background-type":"","background-media":"","overlay-type":"","overlay-color":"","overlay-opacity":"","overlay-gradient":""},"mobile":{"background-color":"","background-image":"","background-repeat":"repeat","background-position":"center center","background-size":"auto","background-attachment":"scroll","background-type":"","background-media":"","overlay-type":"","overlay-color":"","overlay-opacity":"","overlay-gradient":""}},"ast-content-background-meta":{"desktop":{"background-color":"var(--ast-global-color-5)","background-image":"","background-repeat":"repeat","background-position":"center center","background-size":"auto","background-attachment":"scroll","background-type":"","background-media":"","overlay-type":"","overlay-color":"","overlay-opacity":"","overlay-gradient":""},"tablet":{"background-color":"var(--ast-global-color-5)","background-image":"","background-repeat":"repeat","background-position":"center center","background-size":"auto","background-attachment":"scroll","background-type":"","background-media":"","overlay-type":"","overlay-color":"","overlay-opacity":"","overlay-gradient":""},"mobile":{"background-color":"var(--ast-global-color-5)","background-image":"","background-repeat":"repeat","background-position":"center center","background-size":"auto","background-attachment":"scroll","background-type":"","background-media":"","overlay-type":"","overlay-color":"","overlay-opacity":"","overlay-gradient":""}},"footnotes":""},"categories":[35,1,11],"tags":[55,110,132],"class_list":["post-1446","post","type-post","status-publish","format-standard","hentry","category-activitats-a-laula","category-general","category-2n","tag-canco","tag-instruments","tag-musica"],"post_mailing_queue_ids":[],"_links":{"self":[{"href":"https:\/\/agora.xtec.cat\/escolasantjulia\/wp-json\/wp\/v2\/posts\/1446","targetHints":{"allow":["GET"]}}],"collection":[{"href":"https:\/\/agora.xtec.cat\/escolasantjulia\/wp-json\/wp\/v2\/posts"}],"about":[{"href":"https:\/\/agora.xtec.cat\/escolasantjulia\/wp-json\/wp\/v2\/types\/post"}],"author":[{"embeddable":true,"href":"https:\/\/agora.xtec.cat\/escolasantjulia\/wp-json\/wp\/v2\/users\/1"}],"replies":[{"embeddable":true,"href":"https:\/\/agora.xtec.cat\/escolasantjulia\/wp-json\/wp\/v2\/comments?post=1446"}],"version-history":[{"count":1,"href":"https:\/\/agora.xtec.cat\/escolasantjulia\/wp-json\/wp\/v2\/posts\/1446\/revisions"}],"predecessor-version":[{"id":1899,"href":"https:\/\/agora.xtec.cat\/escolasantjulia\/wp-json\/wp\/v2\/posts\/1446\/revisions\/1899"}],"wp:attachment":[{"href":"https:\/\/agora.xtec.cat\/escolasantjulia\/wp-json\/wp\/v2\/media?parent=1446"}],"wp:term":[{"taxonomy":"category","embeddable":true,"href":"https:\/\/agora.xtec.cat\/escolasantjulia\/wp-json\/wp\/v2\/categories?post=1446"},{"taxonomy":"post_tag","embeddable":true,"href":"https:\/\/agora.xtec.cat\/escolasantjulia\/wp-json\/wp\/v2\/tags?post=1446"}],"curies":[{"name":"wp","href":"https:\/\/api.w.org\/{rel}","templated":true}]}}