{"id":1415,"date":"2015-02-09T13:12:44","date_gmt":"2015-02-09T12:12:44","guid":{"rendered":"http:\/\/blocs.xtec.cat\/ceipstjulia\/?p=1415"},"modified":"2015-11-16T23:20:08","modified_gmt":"2015-11-16T22:20:08","slug":"nous-parlamentaris-verds","status":"publish","type":"post","link":"https:\/\/agora.xtec.cat\/escolasantjulia\/general\/nous-parlamentaris-verds\/","title":{"rendered":"Nous Parlamentaris Verds"},"content":{"rendered":"<p>Aquest segon trimestre tenim nous Parlamentaris Verds per poder representar les seves respectives classes i treballar junts per millorar el projecte d\u2019Escola Verda. Aquests s\u00f3n:<\/p>\n<p>1rA: Sandra 1rB: Ian<br \/>\n2nA: Elisabeth 2nB: Elena<br \/>\n3rA: Marta 3rB: Martina<br \/>\n4tA: Naomi 4tB: Ricard<br \/>\n5\u00e8A: Daniel 5\u00e8B: Oriol<br \/>\n6\u00e8A: Nada 6\u00e8B: Asala<br \/>\n6\u00e8C: Luc\u00eda Su\u00e1rez<\/p>\n<p>A m\u00e9s a m\u00e9s, les classes de P4, P5, 2nA, 2nB, 3rA i 6\u00e8C, ha rebut un petit premi verd per poder tenir a l\u2019aula, plantes de roman\u00ed i esp\u00edgol. Les han aconseguit per ser les classes que millor han reciclat durant el passat trimestre.<\/p>\n<p><a href=\"http:\/\/s879.photobucket.com\/user\/EscolaSantJulia\/media\/2014-15\/ESCOLA%20VERDA\/PARLAMENT%20VERD%202T\/P2050001_zpsef4f40f8.jpg.html\" target=\"_blank\"><img loading=\"lazy\" decoding=\"async\" class=\"\" src=\"http:\/\/i879.photobucket.com\/albums\/ab352\/EscolaSantJulia\/2014-15\/ESCOLA%20VERDA\/PARLAMENT%20VERD%202T\/P2050001_zpsef4f40f8.jpg\" alt=\" photo P2050001_zpsef4f40f8.jpg\" width=\"230\" height=\"175\" border=\"0\" \/><\/a>  <a href=\"http:\/\/s879.photobucket.com\/user\/EscolaSantJulia\/media\/2014-15\/ESCOLA%20VERDA\/PARLAMENT%20VERD%202T\/P2050002_zpsabccb63c.jpg.html\" target=\"_blank\"><img loading=\"lazy\" decoding=\"async\" class=\"\" src=\"http:\/\/i879.photobucket.com\/albums\/ab352\/EscolaSantJulia\/2014-15\/ESCOLA%20VERDA\/PARLAMENT%20VERD%202T\/P2050002_zpsabccb63c.jpg\" alt=\" photo P2050002_zpsabccb63c.jpg\" width=\"230\" height=\"173\" border=\"0\" \/><\/a>  <a href=\"http:\/\/s879.photobucket.com\/user\/EscolaSantJulia\/media\/2014-15\/ESCOLA%20VERDA\/PARLAMENT%20VERD%202T\/P2050005_zps1562418f.jpg.html\" target=\"_blank\"><img loading=\"lazy\" decoding=\"async\" class=\"\" src=\"http:\/\/i879.photobucket.com\/albums\/ab352\/EscolaSantJulia\/2014-15\/ESCOLA%20VERDA\/PARLAMENT%20VERD%202T\/P2050005_zps1562418f.jpg\" alt=\" photo P2050005_zps1562418f.jpg\" width=\"230\" height=\"176\" border=\"0\" \/><\/a>  <a href=\"http:\/\/s879.photobucket.com\/user\/EscolaSantJulia\/media\/2014-15\/ESCOLA%20VERDA\/PARLAMENT%20VERD%202T\/P2050008_zpsce7ba2da.jpg.html\" target=\"_blank\"><img loading=\"lazy\" decoding=\"async\" class=\"\" src=\"http:\/\/i879.photobucket.com\/albums\/ab352\/EscolaSantJulia\/2014-15\/ESCOLA%20VERDA\/PARLAMENT%20VERD%202T\/P2050008_zpsce7ba2da.jpg\" alt=\" photo P2050008_zpsce7ba2da.jpg\" width=\"230\" height=\"173\" border=\"0\" \/><\/a><\/p>\n","protected":false},"excerpt":{"rendered":"<p>Aquest segon trimestre tenim nous Parlamentaris Verds per poder representar les seves respectives classes i treballar junts per millorar el projecte d\u2019Escola Verda. Aquests s\u00f3n: 1rA: Sandra 1rB: Ian 2nA: Elisabeth 2nB: Elena 3rA: Marta 3rB: Martina 4tA: Naomi 4tB: Ricard 5\u00e8A: Daniel 5\u00e8B: Oriol 6\u00e8A: Nada 6\u00e8B: Asala 6\u00e8C: Luc\u00eda Su\u00e1rez A m\u00e9s a [&hellip;]<\/p>\n","protected":false},"author":1,"featured_media":0,"comment_status":"open","ping_status":"open","sticky":false,"template":"","format":"standard","meta":{"_bbp_topic_count":0,"_bbp_reply_count":0,"_bbp_total_topic_count":0,"_bbp_total_reply_count":0,"_bbp_voice_count":0,"_bbp_anonymous_reply_count":0,"_bbp_topic_count_hidden":0,"_bbp_reply_count_hidden":0,"_bbp_forum_subforum_count":0,"site-sidebar-layout":"default","site-content-layout":"","ast-site-content-layout":"","site-content-style":"default","site-sidebar-style":"default","ast-global-header-display":"","ast-banner-title-visibility":"","ast-main-header-display":"","ast-hfb-above-header-display":"","ast-hfb-below-header-display":"","ast-hfb-mobile-header-display":"","site-post-title":"","ast-breadcrumbs-content":"","ast-featured-img":"","footer-sml-layout":"","theme-transparent-header-meta":"","adv-header-id-meta":"","stick-header-meta":"","header-above-stick-meta":"","header-main-stick-meta":"","header-below-stick-meta":"","astra-migrate-meta-layouts":"default","ast-page-background-enabled":"default","ast-page-background-meta":{"desktop":{"background-color":"var(--ast-global-color-4)","background-image":"","background-repeat":"repeat","background-position":"center center","background-size":"auto","background-attachment":"scroll","background-type":"","background-media":"","overlay-type":"","overlay-color":"","overlay-opacity":"","overlay-gradient":""},"tablet":{"background-color":"","background-image":"","background-repeat":"repeat","background-position":"center center","background-size":"auto","background-attachment":"scroll","background-type":"","background-media":"","overlay-type":"","overlay-color":"","overlay-opacity":"","overlay-gradient":""},"mobile":{"background-color":"","background-image":"","background-repeat":"repeat","background-position":"center center","background-size":"auto","background-attachment":"scroll","background-type":"","background-media":"","overlay-type":"","overlay-color":"","overlay-opacity":"","overlay-gradient":""}},"ast-content-background-meta":{"desktop":{"background-color":"var(--ast-global-color-5)","background-image":"","background-repeat":"repeat","background-position":"center center","background-size":"auto","background-attachment":"scroll","background-type":"","background-media":"","overlay-type":"","overlay-color":"","overlay-opacity":"","overlay-gradient":""},"tablet":{"background-color":"var(--ast-global-color-5)","background-image":"","background-repeat":"repeat","background-position":"center center","background-size":"auto","background-attachment":"scroll","background-type":"","background-media":"","overlay-type":"","overlay-color":"","overlay-opacity":"","overlay-gradient":""},"mobile":{"background-color":"var(--ast-global-color-5)","background-image":"","background-repeat":"repeat","background-position":"center center","background-size":"auto","background-attachment":"scroll","background-type":"","background-media":"","overlay-type":"","overlay-color":"","overlay-opacity":"","overlay-gradient":""}},"footnotes":""},"categories":[21,26,1],"tags":[92,139],"class_list":["post-1415","post","type-post","status-publish","format-standard","hentry","category-activitats-escola","category-escola-verda","category-general","tag-escola-verda","tag-parlament-verd"],"post_mailing_queue_ids":[],"_links":{"self":[{"href":"https:\/\/agora.xtec.cat\/escolasantjulia\/wp-json\/wp\/v2\/posts\/1415","targetHints":{"allow":["GET"]}}],"collection":[{"href":"https:\/\/agora.xtec.cat\/escolasantjulia\/wp-json\/wp\/v2\/posts"}],"about":[{"href":"https:\/\/agora.xtec.cat\/escolasantjulia\/wp-json\/wp\/v2\/types\/post"}],"author":[{"embeddable":true,"href":"https:\/\/agora.xtec.cat\/escolasantjulia\/wp-json\/wp\/v2\/users\/1"}],"replies":[{"embeddable":true,"href":"https:\/\/agora.xtec.cat\/escolasantjulia\/wp-json\/wp\/v2\/comments?post=1415"}],"version-history":[{"count":1,"href":"https:\/\/agora.xtec.cat\/escolasantjulia\/wp-json\/wp\/v2\/posts\/1415\/revisions"}],"predecessor-version":[{"id":2074,"href":"https:\/\/agora.xtec.cat\/escolasantjulia\/wp-json\/wp\/v2\/posts\/1415\/revisions\/2074"}],"wp:attachment":[{"href":"https:\/\/agora.xtec.cat\/escolasantjulia\/wp-json\/wp\/v2\/media?parent=1415"}],"wp:term":[{"taxonomy":"category","embeddable":true,"href":"https:\/\/agora.xtec.cat\/escolasantjulia\/wp-json\/wp\/v2\/categories?post=1415"},{"taxonomy":"post_tag","embeddable":true,"href":"https:\/\/agora.xtec.cat\/escolasantjulia\/wp-json\/wp\/v2\/tags?post=1415"}],"curies":[{"name":"wp","href":"https:\/\/api.w.org\/{rel}","templated":true}]}}