{"id":1106,"date":"2014-05-18T18:03:07","date_gmt":"2014-05-18T17:03:07","guid":{"rendered":"http:\/\/blocs.xtec.cat\/ceipstjulia\/?p=1106"},"modified":"2015-11-16T23:26:24","modified_gmt":"2015-11-16T22:26:24","slug":"activitats-varies-a-primer-b","status":"publish","type":"post","link":"https:\/\/agora.xtec.cat\/escolasantjulia\/general\/activitats-varies-a-primer-b\/","title":{"rendered":"Activitats v\u00e0ries a Primer B"},"content":{"rendered":"<p>Els nens i nenes de 1rB han participat en les activitats del centre. Aqu\u00ed en teniu un recull.<\/p>\n<p>El dimecres 9 d\u2019abril vam anar a l\u2019Auditori de Cornell\u00e0 a veure l\u2019obra \u201cPetruska\u201d.<br \/>\nLa m\u00fasica i la posada en escena ens va agradar molt\u00edssim!!<br \/>\nDespr\u00e9s vam anar a un parc que hi havia molt a prop a jugar una estona i a dinar.<br \/>\nEns ho vam passar molt b\u00e9!!<\/p>\n<div style=\"width:480px;text-align:right;\"><embed width=\"320\" height=\"240\" src=\"http:\/\/pic2.pbsrc.com\/flash\/rss_slideshow.swf\" flashvars=\"rssFeed=http%3A%2F%2Ffeed1248.photobucket.com%2Falbums%2Fhh487%2Fsantjuliaarbos1%2FPetrushka%2520CI%2Ffeed.rss\" type=\"application\/x-shockwave-flash\" wmode=\"transparent\" \/><a href=\"javascript:void(0);\" target=\"_blank\"><img decoding=\"async\" src=\"http:\/\/pic.photobucket.com\/share\/icons\/embed\/btn_geturs.gif\" style=\"border:none;\" \/><\/a><a href=\"http:\/\/s1248.photobucket.com\/user\/santjuliaarbos1\/library\/Petrushka%20CI\" target=\"_blank\"><img decoding=\"async\" src=\"http:\/\/pic.photobucket.com\/share\/icons\/embed\/btn_viewall.gif\" style=\"border:none;\" alt=\"santjuliaarbos1&#039;s Petrushka CI album on Photobucket\" \/><\/a><\/div>\n<p>El dijous 10 d\u2019abril tota l\u2019escola vam inaugurar el jard\u00ed vertical situat a l\u2019entrada de l\u2019escola.<br \/>\nCada classe vam elaborar un rodol\u00ed a partir del nom d\u2019una de les plantes que hi ha al jard\u00ed.<br \/>\nAra caldr\u00e0 conservar i mantenir entre tots aquest jard\u00ed tan acolorit!!<\/p>\n<div style=\"width:480px;text-align:right;\"><embed width=\"320\" height=\"240\" src=\"http:\/\/pic2.pbsrc.com\/flash\/rss_slideshow.swf\" flashvars=\"rssFeed=http%3A%2F%2Ffeed1248.photobucket.com%2Falbums%2Fhh487%2Fsantjuliaarbos1%2FJardi%2520vertical%2FJardi%2520vertical%25201rB%2Ffeed.rss\" type=\"application\/x-shockwave-flash\" wmode=\"transparent\" \/><a href=\"javascript:void(0);\" target=\"_blank\"><img decoding=\"async\" src=\"http:\/\/pic.photobucket.com\/share\/icons\/embed\/btn_geturs.gif\" style=\"border:none;\" \/><\/a><a href=\"http:\/\/s1248.photobucket.com\/user\/santjuliaarbos1\/library\/Jardi%20vertical\/Jardi%20vertical%201rB\" target=\"_blank\"><img decoding=\"async\" src=\"http:\/\/pic.photobucket.com\/share\/icons\/embed\/btn_viewall.gif\" style=\"border:none;\" alt=\"santjuliaarbos1&#039;s Jardi vertical 1rB album on Photobucket\" \/><\/a><\/div>\n<p>El divendres 11 d\u2019abril vam celebrar el dia de l\u2019esport a l\u2019escola.<br \/>\nDurant tot el mat\u00ed vam estar realitzant diverses activitats esportives i, a la tarda, per cursos vam participar en un Cross que es va fer en un itinerari marcat que hi havia pels patis de l\u2019escola.<br \/>\nVa ser molt divertit i al mateix temps tots vam acabar molt cansats!!!<\/p>\n<div style=\"width:480px;text-align:right;\"><embed width=\"320\" height=\"240\" src=\"http:\/\/pic2.pbsrc.com\/flash\/rss_slideshow.swf\" flashvars=\"rssFeed=http%3A%2F%2Ffeed1248.photobucket.com%2Falbums%2Fhh487%2Fsantjuliaarbos1%2FDia%2520Esport%2FDia%2520Esport_1rB%2Ffeed.rss\" type=\"application\/x-shockwave-flash\" wmode=\"transparent\" \/><a href=\"javascript:void(0);\" target=\"_blank\"><img decoding=\"async\" src=\"http:\/\/pic.photobucket.com\/share\/icons\/embed\/btn_geturs.gif\" style=\"border:none;\" \/><\/a><a href=\"http:\/\/s1248.photobucket.com\/user\/santjuliaarbos1\/library\/Dia%20Esport\/Dia%20Esport_1rB\" target=\"_blank\"><img decoding=\"async\" src=\"http:\/\/pic.photobucket.com\/share\/icons\/embed\/btn_viewall.gif\" style=\"border:none;\" alt=\"santjuliaarbos1&#039;s Dia Esport_1rB album on Photobucket\" \/><\/a><\/div>\n<p>El dimecres 23 d\u2019abril vam celebrar la coneguda festa de Sant Jordi.<br \/>\nAl mat\u00ed, es va fer l\u2019intercanvi de llibre, despr\u00e9s vam sortir pels carrers de L\u2019Arbo\u00e7 i vam comprar un conte per la nostra classe que es diu \u201cUna rosa per&#8230;\u201d.<br \/>\nA la tarda, els alumnes de 4t ens van fer una lectura de \u201cLa llegenda de Sant Jordi\u201d i es van entregar els premis dels Jocs Florals.<br \/>\nVam trobar a faltar els alumnes de Cicle Superior que estaven de col\u00f2nies!!!<\/p>\n<div style=\"width:480px;text-align:right;\"><embed width=\"320\" height=\"240\" src=\"http:\/\/pic2.pbsrc.com\/flash\/rss_slideshow.swf\" flashvars=\"rssFeed=http%3A%2F%2Ffeed1248.photobucket.com%2Falbums%2Fhh487%2Fsantjuliaarbos1%2FSant%2520Jordi%2FSant%2520Jordi%25201rB%2Ffeed.rss\" type=\"application\/x-shockwave-flash\" wmode=\"transparent\" \/><a href=\"javascript:void(0);\" target=\"_blank\"><img decoding=\"async\" src=\"http:\/\/pic.photobucket.com\/share\/icons\/embed\/btn_geturs.gif\" style=\"border:none;\" \/><\/a><a href=\"http:\/\/s1248.photobucket.com\/user\/santjuliaarbos1\/library\/Sant%20Jordi\/Sant%20Jordi%201rB\" target=\"_blank\"><img decoding=\"async\" src=\"http:\/\/pic.photobucket.com\/share\/icons\/embed\/btn_viewall.gif\" style=\"border:none;\" alt=\"santjuliaarbos1&#039;s Sant Jordi 1rB album on Photobucket\" \/><\/a><\/div>\n","protected":false},"excerpt":{"rendered":"<p>Els nens i nenes de 1rB han participat en les activitats del centre. Aqu\u00ed en teniu un recull. El dimecres 9 d\u2019abril vam anar a l\u2019Auditori de Cornell\u00e0 a veure l\u2019obra \u201cPetruska\u201d. La m\u00fasica i la posada en escena ens va agradar molt\u00edssim!! Despr\u00e9s vam anar a un parc que hi havia molt a prop [&hellip;]<\/p>\n","protected":false},"author":1,"featured_media":0,"comment_status":"open","ping_status":"open","sticky":false,"template":"","format":"standard","meta":{"_bbp_topic_count":0,"_bbp_reply_count":0,"_bbp_total_topic_count":0,"_bbp_total_reply_count":0,"_bbp_voice_count":0,"_bbp_anonymous_reply_count":0,"_bbp_topic_count_hidden":0,"_bbp_reply_count_hidden":0,"_bbp_forum_subforum_count":0,"site-sidebar-layout":"default","site-content-layout":"","ast-site-content-layout":"","site-content-style":"default","site-sidebar-style":"default","ast-global-header-display":"","ast-banner-title-visibility":"","ast-main-header-display":"","ast-hfb-above-header-display":"","ast-hfb-below-header-display":"","ast-hfb-mobile-header-display":"","site-post-title":"","ast-breadcrumbs-content":"","ast-featured-img":"","footer-sml-layout":"","theme-transparent-header-meta":"","adv-header-id-meta":"","stick-header-meta":"","header-above-stick-meta":"","header-main-stick-meta":"","header-below-stick-meta":"","astra-migrate-meta-layouts":"default","ast-page-background-enabled":"default","ast-page-background-meta":{"desktop":{"background-color":"var(--ast-global-color-4)","background-image":"","background-repeat":"repeat","background-position":"center center","background-size":"auto","background-attachment":"scroll","background-type":"","background-media":"","overlay-type":"","overlay-color":"","overlay-opacity":"","overlay-gradient":""},"tablet":{"background-color":"","background-image":"","background-repeat":"repeat","background-position":"center center","background-size":"auto","background-attachment":"scroll","background-type":"","background-media":"","overlay-type":"","overlay-color":"","overlay-opacity":"","overlay-gradient":""},"mobile":{"background-color":"","background-image":"","background-repeat":"repeat","background-position":"center center","background-size":"auto","background-attachment":"scroll","background-type":"","background-media":"","overlay-type":"","overlay-color":"","overlay-opacity":"","overlay-gradient":""}},"ast-content-background-meta":{"desktop":{"background-color":"var(--ast-global-color-5)","background-image":"","background-repeat":"repeat","background-position":"center center","background-size":"auto","background-attachment":"scroll","background-type":"","background-media":"","overlay-type":"","overlay-color":"","overlay-opacity":"","overlay-gradient":""},"tablet":{"background-color":"var(--ast-global-color-5)","background-image":"","background-repeat":"repeat","background-position":"center center","background-size":"auto","background-attachment":"scroll","background-type":"","background-media":"","overlay-type":"","overlay-color":"","overlay-opacity":"","overlay-gradient":""},"mobile":{"background-color":"var(--ast-global-color-5)","background-image":"","background-repeat":"repeat","background-position":"center center","background-size":"auto","background-attachment":"scroll","background-type":"","background-media":"","overlay-type":"","overlay-color":"","overlay-opacity":"","overlay-gradient":""}},"footnotes":""},"categories":[35,28,1,10,34],"tags":[52,77,92,93,115,16],"class_list":["post-1106","post","type-post","status-publish","format-standard","hentry","category-activitats-a-laula","category-festes","category-general","category-1r","category-sortides","tag-biblioteca","tag-cros","tag-escola-verda","tag-esport","tag-jardi","tag-sortides"],"post_mailing_queue_ids":[],"_links":{"self":[{"href":"https:\/\/agora.xtec.cat\/escolasantjulia\/wp-json\/wp\/v2\/posts\/1106","targetHints":{"allow":["GET"]}}],"collection":[{"href":"https:\/\/agora.xtec.cat\/escolasantjulia\/wp-json\/wp\/v2\/posts"}],"about":[{"href":"https:\/\/agora.xtec.cat\/escolasantjulia\/wp-json\/wp\/v2\/types\/post"}],"author":[{"embeddable":true,"href":"https:\/\/agora.xtec.cat\/escolasantjulia\/wp-json\/wp\/v2\/users\/1"}],"replies":[{"embeddable":true,"href":"https:\/\/agora.xtec.cat\/escolasantjulia\/wp-json\/wp\/v2\/comments?post=1106"}],"version-history":[{"count":1,"href":"https:\/\/agora.xtec.cat\/escolasantjulia\/wp-json\/wp\/v2\/posts\/1106\/revisions"}],"predecessor-version":[{"id":1909,"href":"https:\/\/agora.xtec.cat\/escolasantjulia\/wp-json\/wp\/v2\/posts\/1106\/revisions\/1909"}],"wp:attachment":[{"href":"https:\/\/agora.xtec.cat\/escolasantjulia\/wp-json\/wp\/v2\/media?parent=1106"}],"wp:term":[{"taxonomy":"category","embeddable":true,"href":"https:\/\/agora.xtec.cat\/escolasantjulia\/wp-json\/wp\/v2\/categories?post=1106"},{"taxonomy":"post_tag","embeddable":true,"href":"https:\/\/agora.xtec.cat\/escolasantjulia\/wp-json\/wp\/v2\/tags?post=1106"}],"curies":[{"name":"wp","href":"https:\/\/api.w.org\/{rel}","templated":true}]}}