{"id":1089,"date":"2014-05-12T21:58:00","date_gmt":"2014-05-12T19:58:00","guid":{"rendered":"http:\/\/blocs.xtec.cat\/ceipstjulia\/?p=1089"},"modified":"2015-11-16T23:26:24","modified_gmt":"2015-11-16T22:26:24","slug":"hem-fet-un-jardi-vertical-a-lescola","status":"publish","type":"post","link":"https:\/\/agora.xtec.cat\/escolasantjulia\/general\/hem-fet-un-jardi-vertical-a-lescola\/","title":{"rendered":"Hem fet un jard\u00ed vertical a l&#8217;escola"},"content":{"rendered":"<p>Un any m\u00e9s, des de la comissi\u00f3 d\u2019Escola Verda, s\u2019ha promogut una activitat col\u00b7lectiva de centre per fer conscienciar a petits i grans que hem de crear i fomentar una escola m\u00e9s verda i sostenible.<br \/>\nPer aquest motiu el passat 10 d\u2019abril els nens i nenes van assistir en la inauguraci\u00f3 del jard\u00ed vertical de l\u2019escola, on hi van participar tots i totes.<br \/>\nCada classe van preparar la seva \u201ctorreta\u2013ampolla\u201d i van pensar un rodol\u00ed que ajud\u00e9s a descriure la seva planta i les seves caracter\u00edstiques.<br \/>\nDespr\u00e9s d\u2019aquell dia la nostra escola \u00e9s una mica m\u00e9s verda i primaveral.<\/p>\n<div style=\"width:480px;text-align:right;\"><embed width=\"480\" height=\"360\" src=\"http:\/\/pic2.pbsrc.com\/flash\/rss_slideshow.swf\" flashvars=\"rssFeed=http%3A%2F%2Ffeed1248.photobucket.com%2Falbums%2Fhh487%2Fsantjuliaarbos1%2FJardi%2520vertical%2Ffeed.rss\" type=\"application\/x-shockwave-flash\" wmode=\"transparent\" \/><a href=\"javascript:void(0);\" target=\"_blank\"><img decoding=\"async\" src=\"http:\/\/pic.photobucket.com\/share\/icons\/embed\/btn_geturs.gif\" style=\"border:none;\" \/><\/a><a href=\"http:\/\/s1248.photobucket.com\/user\/santjuliaarbos1\/library\/Jardi%20vertical\" target=\"_blank\"><img decoding=\"async\" src=\"http:\/\/pic.photobucket.com\/share\/icons\/embed\/btn_viewall.gif\" style=\"border:none;\" alt=\"santjuliaarbos1&#039;s Jardi vertical album on Photobucket\" \/><\/a><\/div>\n","protected":false},"excerpt":{"rendered":"<p>Un any m\u00e9s, des de la comissi\u00f3 d\u2019Escola Verda, s\u2019ha promogut una activitat col\u00b7lectiva de centre per fer conscienciar a petits i grans que hem de crear i fomentar una escola m\u00e9s verda i sostenible. Per aquest motiu el passat 10 d\u2019abril els nens i nenes van assistir en la inauguraci\u00f3 del jard\u00ed vertical de [&hellip;]<\/p>\n","protected":false},"author":1,"featured_media":0,"comment_status":"open","ping_status":"open","sticky":false,"template":"","format":"standard","meta":{"_bbp_topic_count":0,"_bbp_reply_count":0,"_bbp_total_topic_count":0,"_bbp_total_reply_count":0,"_bbp_voice_count":0,"_bbp_anonymous_reply_count":0,"_bbp_topic_count_hidden":0,"_bbp_reply_count_hidden":0,"_bbp_forum_subforum_count":0,"site-sidebar-layout":"default","site-content-layout":"","ast-site-content-layout":"","site-content-style":"default","site-sidebar-style":"default","ast-global-header-display":"","ast-banner-title-visibility":"","ast-main-header-display":"","ast-hfb-above-header-display":"","ast-hfb-below-header-display":"","ast-hfb-mobile-header-display":"","site-post-title":"","ast-breadcrumbs-content":"","ast-featured-img":"","footer-sml-layout":"","theme-transparent-header-meta":"","adv-header-id-meta":"","stick-header-meta":"","header-above-stick-meta":"","header-main-stick-meta":"","header-below-stick-meta":"","astra-migrate-meta-layouts":"default","ast-page-background-enabled":"default","ast-page-background-meta":{"desktop":{"background-color":"var(--ast-global-color-4)","background-image":"","background-repeat":"repeat","background-position":"center center","background-size":"auto","background-attachment":"scroll","background-type":"","background-media":"","overlay-type":"","overlay-color":"","overlay-opacity":"","overlay-gradient":""},"tablet":{"background-color":"","background-image":"","background-repeat":"repeat","background-position":"center center","background-size":"auto","background-attachment":"scroll","background-type":"","background-media":"","overlay-type":"","overlay-color":"","overlay-opacity":"","overlay-gradient":""},"mobile":{"background-color":"","background-image":"","background-repeat":"repeat","background-position":"center center","background-size":"auto","background-attachment":"scroll","background-type":"","background-media":"","overlay-type":"","overlay-color":"","overlay-opacity":"","overlay-gradient":""}},"ast-content-background-meta":{"desktop":{"background-color":"var(--ast-global-color-5)","background-image":"","background-repeat":"repeat","background-position":"center center","background-size":"auto","background-attachment":"scroll","background-type":"","background-media":"","overlay-type":"","overlay-color":"","overlay-opacity":"","overlay-gradient":""},"tablet":{"background-color":"var(--ast-global-color-5)","background-image":"","background-repeat":"repeat","background-position":"center center","background-size":"auto","background-attachment":"scroll","background-type":"","background-media":"","overlay-type":"","overlay-color":"","overlay-opacity":"","overlay-gradient":""},"mobile":{"background-color":"var(--ast-global-color-5)","background-image":"","background-repeat":"repeat","background-position":"center center","background-size":"auto","background-attachment":"scroll","background-type":"","background-media":"","overlay-type":"","overlay-color":"","overlay-opacity":"","overlay-gradient":""}},"footnotes":""},"categories":[21,26,28,1],"tags":[92,99,115],"class_list":["post-1089","post","type-post","status-publish","format-standard","hentry","category-activitats-escola","category-escola-verda","category-festes","category-general","tag-escola-verda","tag-festa","tag-jardi"],"post_mailing_queue_ids":[],"_links":{"self":[{"href":"https:\/\/agora.xtec.cat\/escolasantjulia\/wp-json\/wp\/v2\/posts\/1089","targetHints":{"allow":["GET"]}}],"collection":[{"href":"https:\/\/agora.xtec.cat\/escolasantjulia\/wp-json\/wp\/v2\/posts"}],"about":[{"href":"https:\/\/agora.xtec.cat\/escolasantjulia\/wp-json\/wp\/v2\/types\/post"}],"author":[{"embeddable":true,"href":"https:\/\/agora.xtec.cat\/escolasantjulia\/wp-json\/wp\/v2\/users\/1"}],"replies":[{"embeddable":true,"href":"https:\/\/agora.xtec.cat\/escolasantjulia\/wp-json\/wp\/v2\/comments?post=1089"}],"version-history":[{"count":1,"href":"https:\/\/agora.xtec.cat\/escolasantjulia\/wp-json\/wp\/v2\/posts\/1089\/revisions"}],"predecessor-version":[{"id":2099,"href":"https:\/\/agora.xtec.cat\/escolasantjulia\/wp-json\/wp\/v2\/posts\/1089\/revisions\/2099"}],"wp:attachment":[{"href":"https:\/\/agora.xtec.cat\/escolasantjulia\/wp-json\/wp\/v2\/media?parent=1089"}],"wp:term":[{"taxonomy":"category","embeddable":true,"href":"https:\/\/agora.xtec.cat\/escolasantjulia\/wp-json\/wp\/v2\/categories?post=1089"},{"taxonomy":"post_tag","embeddable":true,"href":"https:\/\/agora.xtec.cat\/escolasantjulia\/wp-json\/wp\/v2\/tags?post=1089"}],"curies":[{"name":"wp","href":"https:\/\/api.w.org\/{rel}","templated":true}]}}