{"id":1069,"date":"2014-04-12T14:05:40","date_gmt":"2014-04-12T13:05:40","guid":{"rendered":"http:\/\/blocs.xtec.cat\/ceipstjulia\/?p=1069"},"modified":"2015-11-16T23:26:24","modified_gmt":"2015-11-16T22:26:24","slug":"a-quart-a-fem-contes","status":"publish","type":"post","link":"https:\/\/agora.xtec.cat\/escolasantjulia\/general\/a-quart-a-fem-contes\/","title":{"rendered":"A Quart A fem contes"},"content":{"rendered":"<p>Els nens i nenes de 4t A hem fet un recull de contes escrits i il\u00b7lustrats per nosaltres mateixos.<br \/>\nPodeu veure el conte clicant l&#8217;enlla\u00e7 i escoltar-lo amb els arxius mp3. Aqu\u00ed els teniu!<\/p>\n<p><span style=\"text-decoration: underline; color: #ff6600;\"><strong>RECULL DELS CONTES<\/strong><\/span><\/p>\n<p><iframe loading=\"lazy\" src=\"\/\/e.issuu.com\/embed.html#9466275\/7463631\" height=\"371\" width=\"525\" allowfullscreen=\"\" frameborder=\"0\"><\/iframe><\/p>\n<p><span style=\"color: #ff6600;\"><strong><span style=\"text-decoration: underline;\">\u00c0UDIOS<\/span><\/strong><\/span><\/p>\n<p><iframe loading=\"lazy\" src=\"http:\/\/www.goear.com\/embed\/sound\/227ce8e\" height=\"115\" width=\"580\" allowfullscreen=\"\" frameborder=\"0\" marginheight=\"0\" scrolling=\"no\" align=\"top\"><\/iframe><br \/>\n<iframe loading=\"lazy\" src=\"http:\/\/www.goear.com\/embed\/sound\/a991c5d\" height=\"115\" width=\"580\" allowfullscreen=\"\" frameborder=\"0\" marginheight=\"0\" scrolling=\"no\" align=\"top\"><\/iframe><br \/>\n<iframe loading=\"lazy\" src=\"http:\/\/www.goear.com\/embed\/sound\/e9cefdf\" height=\"115\" width=\"580\" allowfullscreen=\"\" frameborder=\"0\" marginheight=\"0\" scrolling=\"no\" align=\"top\"><\/iframe><br \/>\n<iframe loading=\"lazy\" src=\"http:\/\/www.goear.com\/embed\/sound\/7dbfc39\" height=\"115\" width=\"580\" allowfullscreen=\"\" frameborder=\"0\" marginheight=\"0\" scrolling=\"no\" align=\"top\"><\/iframe><br \/>\n<iframe loading=\"lazy\" src=\"http:\/\/www.goear.com\/embed\/sound\/ac39e67\" height=\"115\" width=\"580\" allowfullscreen=\"\" frameborder=\"0\" marginheight=\"0\" scrolling=\"no\" align=\"top\"><\/iframe><br \/>\n<iframe loading=\"lazy\" src=\"http:\/\/www.goear.com\/embed\/sound\/7b61ce3\" height=\"115\" width=\"580\" allowfullscreen=\"\" frameborder=\"0\" marginheight=\"0\" scrolling=\"no\" align=\"top\"><\/iframe><\/p>\n","protected":false},"excerpt":{"rendered":"<p>Els nens i nenes de 4t A hem fet un recull de contes escrits i il\u00b7lustrats per nosaltres mateixos. Podeu veure el conte clicant l&#8217;enlla\u00e7 i escoltar-lo amb els arxius mp3. Aqu\u00ed els teniu! RECULL DELS CONTES \u00c0UDIOS<\/p>\n","protected":false},"author":1,"featured_media":0,"comment_status":"open","ping_status":"open","sticky":false,"template":"","format":"standard","meta":{"_bbp_topic_count":0,"_bbp_reply_count":0,"_bbp_total_topic_count":0,"_bbp_total_reply_count":0,"_bbp_voice_count":0,"_bbp_anonymous_reply_count":0,"_bbp_topic_count_hidden":0,"_bbp_reply_count_hidden":0,"_bbp_forum_subforum_count":0,"site-sidebar-layout":"default","site-content-layout":"","ast-site-content-layout":"","site-content-style":"default","site-sidebar-style":"default","ast-global-header-display":"","ast-banner-title-visibility":"","ast-main-header-display":"","ast-hfb-above-header-display":"","ast-hfb-below-header-display":"","ast-hfb-mobile-header-display":"","site-post-title":"","ast-breadcrumbs-content":"","ast-featured-img":"","footer-sml-layout":"","theme-transparent-header-meta":"","adv-header-id-meta":"","stick-header-meta":"","header-above-stick-meta":"","header-main-stick-meta":"","header-below-stick-meta":"","astra-migrate-meta-layouts":"default","ast-page-background-enabled":"default","ast-page-background-meta":{"desktop":{"background-color":"var(--ast-global-color-4)","background-image":"","background-repeat":"repeat","background-position":"center center","background-size":"auto","background-attachment":"scroll","background-type":"","background-media":"","overlay-type":"","overlay-color":"","overlay-opacity":"","overlay-gradient":""},"tablet":{"background-color":"","background-image":"","background-repeat":"repeat","background-position":"center center","background-size":"auto","background-attachment":"scroll","background-type":"","background-media":"","overlay-type":"","overlay-color":"","overlay-opacity":"","overlay-gradient":""},"mobile":{"background-color":"","background-image":"","background-repeat":"repeat","background-position":"center center","background-size":"auto","background-attachment":"scroll","background-type":"","background-media":"","overlay-type":"","overlay-color":"","overlay-opacity":"","overlay-gradient":""}},"ast-content-background-meta":{"desktop":{"background-color":"var(--ast-global-color-5)","background-image":"","background-repeat":"repeat","background-position":"center center","background-size":"auto","background-attachment":"scroll","background-type":"","background-media":"","overlay-type":"","overlay-color":"","overlay-opacity":"","overlay-gradient":""},"tablet":{"background-color":"var(--ast-global-color-5)","background-image":"","background-repeat":"repeat","background-position":"center center","background-size":"auto","background-attachment":"scroll","background-type":"","background-media":"","overlay-type":"","overlay-color":"","overlay-opacity":"","overlay-gradient":""},"mobile":{"background-color":"var(--ast-global-color-5)","background-image":"","background-repeat":"repeat","background-position":"center center","background-size":"auto","background-attachment":"scroll","background-type":"","background-media":"","overlay-type":"","overlay-color":"","overlay-opacity":"","overlay-gradient":""}},"footnotes":""},"categories":[35,1,13],"tags":[74],"class_list":["post-1069","post","type-post","status-publish","format-standard","hentry","category-activitats-a-laula","category-general","category-4t","tag-conte"],"post_mailing_queue_ids":[],"_links":{"self":[{"href":"https:\/\/agora.xtec.cat\/escolasantjulia\/wp-json\/wp\/v2\/posts\/1069","targetHints":{"allow":["GET"]}}],"collection":[{"href":"https:\/\/agora.xtec.cat\/escolasantjulia\/wp-json\/wp\/v2\/posts"}],"about":[{"href":"https:\/\/agora.xtec.cat\/escolasantjulia\/wp-json\/wp\/v2\/types\/post"}],"author":[{"embeddable":true,"href":"https:\/\/agora.xtec.cat\/escolasantjulia\/wp-json\/wp\/v2\/users\/1"}],"replies":[{"embeddable":true,"href":"https:\/\/agora.xtec.cat\/escolasantjulia\/wp-json\/wp\/v2\/comments?post=1069"}],"version-history":[{"count":1,"href":"https:\/\/agora.xtec.cat\/escolasantjulia\/wp-json\/wp\/v2\/posts\/1069\/revisions"}],"predecessor-version":[{"id":1914,"href":"https:\/\/agora.xtec.cat\/escolasantjulia\/wp-json\/wp\/v2\/posts\/1069\/revisions\/1914"}],"wp:attachment":[{"href":"https:\/\/agora.xtec.cat\/escolasantjulia\/wp-json\/wp\/v2\/media?parent=1069"}],"wp:term":[{"taxonomy":"category","embeddable":true,"href":"https:\/\/agora.xtec.cat\/escolasantjulia\/wp-json\/wp\/v2\/categories?post=1069"},{"taxonomy":"post_tag","embeddable":true,"href":"https:\/\/agora.xtec.cat\/escolasantjulia\/wp-json\/wp\/v2\/tags?post=1069"}],"curies":[{"name":"wp","href":"https:\/\/api.w.org\/{rel}","templated":true}]}}