{"id":1039,"date":"2014-03-19T17:49:42","date_gmt":"2014-03-19T16:49:42","guid":{"rendered":"http:\/\/blocs.xtec.cat\/ceipstjulia\/?p=1039"},"modified":"2015-11-16T23:28:04","modified_gmt":"2015-11-16T22:28:04","slug":"carnaval-2014","status":"publish","type":"post","link":"https:\/\/agora.xtec.cat\/escolasantjulia\/general\/carnaval-2014\/","title":{"rendered":"Carnaval 2014"},"content":{"rendered":"<p>Us passem un recull de fotografies del Carnaval d&#8217;enguany. Va ser una setmana moguda, on les ordres de Sa Majestat Carnestoltes, les truites, les botifarres d&#8217;ou, i les ganes de passar-ho b\u00e9 van estar molt presents!<\/p>\n<p><strong>Educaci\u00f3 Infantil<\/strong><\/p>\n<div style=\"width: 480px; text-align: right;\"><object width=\"480\" height=\"360\" classid=\"clsid:d27cdb6e-ae6d-11cf-96b8-444553540000\" codebase=\"http:\/\/download.macromedia.com\/pub\/shockwave\/cabs\/flash\/swflash.cab#version=6,0,40,0\"><param name=\"src\" value=\"http:\/\/pic2.pbsrc.com\/flash\/rss_slideshow.swf\" \/><param name=\"flashvars\" value=\"rssFeed=http%3A%2F%2Ffeed879.photobucket.com%2Falbums%2Fab352%2FEscolaSantJulia%2FCARNAVAL_2014%2FCarnaval%2520INF%2Ffeed.rss\" \/><param name=\"wmode\" value=\"transparent\" \/><embed width=\"480\" height=\"360\" type=\"application\/x-shockwave-flash\" src=\"http:\/\/pic2.pbsrc.com\/flash\/rss_slideshow.swf\" flashvars=\"rssFeed=http%3A%2F%2Ffeed879.photobucket.com%2Falbums%2Fab352%2FEscolaSantJulia%2FCARNAVAL_2014%2FCarnaval%2520INF%2Ffeed.rss\" wmode=\"transparent\" \/><\/object><a href=\"javascript:void(0);\" target=\"_blank\"><img decoding=\"async\" style=\"border: none;\" alt=\"\" src=\"http:\/\/pic.photobucket.com\/share\/icons\/embed\/btn_geturs.gif\" \/><\/a><a href=\"http:\/\/s879.photobucket.com\/user\/EscolaSantJulia\/library\/CARNAVAL_2014\/Carnaval%20INF\" target=\"_blank\"><img decoding=\"async\" style=\"border: none;\" alt=\"EscolaSantJulia's Carnaval INF album on Photobucket\" src=\"http:\/\/pic.photobucket.com\/share\/icons\/embed\/btn_viewall.gif\" \/><\/a><\/div>\n<p><strong>Educaci\u00f3 Prim\u00e0ria<\/strong><\/p>\n<div style=\"width: 480px; text-align: right;\"><object width=\"480\" height=\"360\" classid=\"clsid:d27cdb6e-ae6d-11cf-96b8-444553540000\" codebase=\"http:\/\/download.macromedia.com\/pub\/shockwave\/cabs\/flash\/swflash.cab#version=6,0,40,0\"><param name=\"src\" value=\"http:\/\/pic2.pbsrc.com\/flash\/rss_slideshow.swf\" \/><param name=\"flashvars\" value=\"rssFeed=http%3A%2F%2Ffeed879.photobucket.com%2Falbums%2Fab352%2FEscolaSantJulia%2FCARNAVAL_2014%2FCarnavalPRI%2Ffeed.rss\" \/><param name=\"wmode\" value=\"transparent\" \/><embed width=\"480\" height=\"360\" type=\"application\/x-shockwave-flash\" src=\"http:\/\/pic2.pbsrc.com\/flash\/rss_slideshow.swf\" flashvars=\"rssFeed=http%3A%2F%2Ffeed879.photobucket.com%2Falbums%2Fab352%2FEscolaSantJulia%2FCARNAVAL_2014%2FCarnavalPRI%2Ffeed.rss\" wmode=\"transparent\" \/><\/object><a href=\"javascript:void(0);\" target=\"_blank\"><img decoding=\"async\" style=\"border: none;\" alt=\"\" src=\"http:\/\/pic.photobucket.com\/share\/icons\/embed\/btn_geturs.gif\" \/><\/a><a href=\"http:\/\/s879.photobucket.com\/user\/EscolaSantJulia\/library\/CARNAVAL_2014\/CarnavalPRI\" target=\"_blank\"><img decoding=\"async\" style=\"border: none;\" alt=\"EscolaSantJulia's CarnavalPRI album on Photobucket\" src=\"http:\/\/pic.photobucket.com\/share\/icons\/embed\/btn_viewall.gif\" \/><\/a><\/div>\n","protected":false},"excerpt":{"rendered":"<p>Us passem un recull de fotografies del Carnaval d&#8217;enguany. Va ser una setmana moguda, on les ordres de Sa Majestat Carnestoltes, les truites, les botifarres d&#8217;ou, i les ganes de passar-ho b\u00e9 van estar molt presents! Educaci\u00f3 Infantil Educaci\u00f3 Prim\u00e0ria<\/p>\n","protected":false},"author":1,"featured_media":0,"comment_status":"open","ping_status":"open","sticky":false,"template":"","format":"standard","meta":{"_bbp_topic_count":0,"_bbp_reply_count":0,"_bbp_total_topic_count":0,"_bbp_total_reply_count":0,"_bbp_voice_count":0,"_bbp_anonymous_reply_count":0,"_bbp_topic_count_hidden":0,"_bbp_reply_count_hidden":0,"_bbp_forum_subforum_count":0,"site-sidebar-layout":"default","site-content-layout":"","ast-site-content-layout":"","site-content-style":"default","site-sidebar-style":"default","ast-global-header-display":"","ast-banner-title-visibility":"","ast-main-header-display":"","ast-hfb-above-header-display":"","ast-hfb-below-header-display":"","ast-hfb-mobile-header-display":"","site-post-title":"","ast-breadcrumbs-content":"","ast-featured-img":"","footer-sml-layout":"","theme-transparent-header-meta":"","adv-header-id-meta":"","stick-header-meta":"","header-above-stick-meta":"","header-main-stick-meta":"","header-below-stick-meta":"","astra-migrate-meta-layouts":"default","ast-page-background-enabled":"default","ast-page-background-meta":{"desktop":{"background-color":"var(--ast-global-color-4)","background-image":"","background-repeat":"repeat","background-position":"center center","background-size":"auto","background-attachment":"scroll","background-type":"","background-media":"","overlay-type":"","overlay-color":"","overlay-opacity":"","overlay-gradient":""},"tablet":{"background-color":"","background-image":"","background-repeat":"repeat","background-position":"center center","background-size":"auto","background-attachment":"scroll","background-type":"","background-media":"","overlay-type":"","overlay-color":"","overlay-opacity":"","overlay-gradient":""},"mobile":{"background-color":"","background-image":"","background-repeat":"repeat","background-position":"center center","background-size":"auto","background-attachment":"scroll","background-type":"","background-media":"","overlay-type":"","overlay-color":"","overlay-opacity":"","overlay-gradient":""}},"ast-content-background-meta":{"desktop":{"background-color":"var(--ast-global-color-5)","background-image":"","background-repeat":"repeat","background-position":"center center","background-size":"auto","background-attachment":"scroll","background-type":"","background-media":"","overlay-type":"","overlay-color":"","overlay-opacity":"","overlay-gradient":""},"tablet":{"background-color":"var(--ast-global-color-5)","background-image":"","background-repeat":"repeat","background-position":"center center","background-size":"auto","background-attachment":"scroll","background-type":"","background-media":"","overlay-type":"","overlay-color":"","overlay-opacity":"","overlay-gradient":""},"mobile":{"background-color":"var(--ast-global-color-5)","background-image":"","background-repeat":"repeat","background-position":"center center","background-size":"auto","background-attachment":"scroll","background-type":"","background-media":"","overlay-type":"","overlay-color":"","overlay-opacity":"","overlay-gradient":""}},"footnotes":""},"categories":[28,1,2,3,8,9,15,14,13,12,11,10],"tags":[58],"class_list":["post-1039","post","type-post","status-publish","format-standard","hentry","category-festes","category-general","category-infantil","category-p3","category-p4","category-p5","category-6e","category-5e","category-4t","category-3r","category-2n","category-1r","tag-carnaval"],"post_mailing_queue_ids":[],"_links":{"self":[{"href":"https:\/\/agora.xtec.cat\/escolasantjulia\/wp-json\/wp\/v2\/posts\/1039","targetHints":{"allow":["GET"]}}],"collection":[{"href":"https:\/\/agora.xtec.cat\/escolasantjulia\/wp-json\/wp\/v2\/posts"}],"about":[{"href":"https:\/\/agora.xtec.cat\/escolasantjulia\/wp-json\/wp\/v2\/types\/post"}],"author":[{"embeddable":true,"href":"https:\/\/agora.xtec.cat\/escolasantjulia\/wp-json\/wp\/v2\/users\/1"}],"replies":[{"embeddable":true,"href":"https:\/\/agora.xtec.cat\/escolasantjulia\/wp-json\/wp\/v2\/comments?post=1039"}],"version-history":[{"count":1,"href":"https:\/\/agora.xtec.cat\/escolasantjulia\/wp-json\/wp\/v2\/posts\/1039\/revisions"}],"predecessor-version":[{"id":1973,"href":"https:\/\/agora.xtec.cat\/escolasantjulia\/wp-json\/wp\/v2\/posts\/1039\/revisions\/1973"}],"wp:attachment":[{"href":"https:\/\/agora.xtec.cat\/escolasantjulia\/wp-json\/wp\/v2\/media?parent=1039"}],"wp:term":[{"taxonomy":"category","embeddable":true,"href":"https:\/\/agora.xtec.cat\/escolasantjulia\/wp-json\/wp\/v2\/categories?post=1039"},{"taxonomy":"post_tag","embeddable":true,"href":"https:\/\/agora.xtec.cat\/escolasantjulia\/wp-json\/wp\/v2\/tags?post=1039"}],"curies":[{"name":"wp","href":"https:\/\/api.w.org\/{rel}","templated":true}]}}