{"id":6924,"date":"2022-09-23T09:35:27","date_gmt":"2022-09-23T07:35:27","guid":{"rendered":"https:\/\/agora.xtec.cat\/escolasantiagorusinol\/?p=6924"},"modified":"2022-10-11T10:19:30","modified_gmt":"2022-10-11T08:19:30","slug":"ultim-dia-activitats-extraescolars-gratuites","status":"publish","type":"post","link":"https:\/\/agora.xtec.cat\/escolasantiagorusinol\/portada\/ultim-dia-activitats-extraescolars-gratuites\/","title":{"rendered":"\u00daltim dia!!! Activitats extraescolars gratu\u00eftes"},"content":{"rendered":"<div dir=\"auto\"><a href=\"https:\/\/agora.xtec.cat\/escolasantiagorusinol\/portada\/ultim-dia-activitats-extraescolars-gratuites\/attachment\/extraescolars-pla-de-barris\/\" rel=\"attachment wp-att-6927\"><img loading=\"lazy\" decoding=\"async\" class=\"alignnone size-full wp-image-6927\" src=\"https:\/\/agora.xtec.cat\/escolasantiagorusinol\/wp-content\/uploads\/usu1729\/2022\/09\/Extraescolars-pla-de-barris.png\" alt=\"\" width=\"540\" height=\"540\" srcset=\"https:\/\/agora.xtec.cat\/escolasantiagorusinol\/wp-content\/uploads\/usu1729\/2022\/09\/Extraescolars-pla-de-barris.png 540w, https:\/\/agora.xtec.cat\/escolasantiagorusinol\/wp-content\/uploads\/usu1729\/2022\/09\/Extraescolars-pla-de-barris-300x300.png 300w, https:\/\/agora.xtec.cat\/escolasantiagorusinol\/wp-content\/uploads\/usu1729\/2022\/09\/Extraescolars-pla-de-barris-150x150.png 150w\" sizes=\"auto, (max-width: 540px) 100vw, 540px\" \/><\/a><\/div>\n<div dir=\"auto\"><\/div>\n<div dir=\"auto\">Benvolgudes fam\u00edlies,<\/div>\n<div dir=\"auto\"><\/div>\n<div dir=\"auto\">Us presentem el programa EXTRA EXTRA! de l&#8217;Ajuntament de Barcelona. Aquest programa ofereix un conjunt d&#8217;activitats extraescolars art\u00edstiques, culturals, cient\u00edfiques i de noves tecnologies adre\u00e7ades a infants i adolescents entre els 6 i els 14 anys.<\/div>\n<div dir=\"auto\">Les activitats s\u00f3n gratu\u00eftes per a les fam\u00edlies durant els cursos 22-23 i 23-24.<\/div>\n<div dir=\"auto\"><\/div>\n<div dir=\"auto\">Les activitats estan promogudes pel Pla de Barris de l&#8217;Ajuntament de Barcelona. Trobareu activitats a diferents escoles i instituts del barri de la Prosperitat i qualsevol alumne pot cursar activitats en qualsevol dels centres sigui el seu propi o no. Nom\u00e9s cal que tingui l&#8217;edat adequada. La fam\u00edlia s&#8217;encarrega de dur a l&#8217;infant a l&#8217;escola on l&#8217;ha inscrit per fer l&#8217;activitat. Excepte si \u00e9s a la nostra escola que aleshores pot allargar la jornada lectiva amb l&#8217;extraescolar directament perqu\u00e8 no cal despla\u00e7ar-se.<\/div>\n<div dir=\"auto\"><\/div>\n<div dir=\"auto\">En el cas de la nostra escola, es dur\u00e0 a terme una activitat de Dansa per cicle mitj\u00e0 (3r i 4t) els dimarts i per cicle superior (5\u00e8 i 6\u00e8) els dijous.<\/div>\n<div dir=\"auto\"><\/div>\n<div dir=\"auto\">Teniu la informaci\u00f3 detallada als documents adjunts.<\/div>\n<div dir=\"auto\"><\/div>\n<div dir=\"auto\">En cas que estigueu interessades a inscriure-us heu d&#8217;omplir la fitxa que us adjuntem i entregar-la a l&#8217;escola <strong>abans d&#8217;aquest divendres 23<\/strong>. Tamb\u00e9 podreu trobar fitxes d&#8217;inscripci\u00f3 per omplir a l&#8217;escola.<\/div>\n<div><\/div>\n<div dir=\"auto\"><a href=\"https:\/\/agora.xtec.cat\/escolasantiagorusinol\/portada\/ultim-dia-activitats-extraescolars-gratuites\/attachment\/fitxa-inscripcio-extraescolars-pb_peretarres_2022\/\" rel=\"attachment wp-att-6925\">Fitxa Inscripci\u00f3 Extraescolars PB_PereTarr\u00e9s_2022<\/a> <a href=\"https:\/\/agora.xtec.cat\/escolasantiagorusinol\/portada\/ultim-dia-activitats-extraescolars-gratuites\/attachment\/activitats-prosperitat-22-23\/\" rel=\"attachment wp-att-6926\">ACTIVITATS PROSPERITAT 22-23<\/a><\/div>\n","protected":false},"excerpt":{"rendered":"<p>Benvolgudes fam\u00edlies, Us presentem el programa EXTRA EXTRA! de l&#8217;Ajuntament de Barcelona. Aquest programa ofereix un conjunt d&#8217;activitats extraescolars art\u00edstiques, culturals, cient\u00edfiques i de noves tecnologies adre\u00e7ades a infants i adolescents entre els 6 i els 14 anys. Les activitats s\u00f3n gratu\u00eftes per a les fam\u00edlies durant els cursos 22-23 i 23-24. Les activitats estan [&hellip;]<\/p>\n","protected":false},"author":1,"featured_media":6927,"comment_status":"closed","ping_status":"closed","sticky":false,"template":"","format":"standard","meta":{"_bbp_topic_count":0,"_bbp_reply_count":0,"_bbp_total_topic_count":0,"_bbp_total_reply_count":0,"_bbp_voice_count":0,"_bbp_anonymous_reply_count":0,"_bbp_topic_count_hidden":0,"_bbp_reply_count_hidden":0,"_bbp_forum_subforum_count":0,"site-sidebar-layout":"default","site-content-layout":"","ast-site-content-layout":"","site-content-style":"default","site-sidebar-style":"default","ast-global-header-display":"","ast-banner-title-visibility":"","ast-main-header-display":"","ast-hfb-above-header-display":"","ast-hfb-below-header-display":"","ast-hfb-mobile-header-display":"","site-post-title":"","ast-breadcrumbs-content":"","ast-featured-img":"","footer-sml-layout":"","theme-transparent-header-meta":"","adv-header-id-meta":"","stick-header-meta":"","header-above-stick-meta":"","header-main-stick-meta":"","header-below-stick-meta":"","astra-migrate-meta-layouts":"default","ast-page-background-enabled":"default","ast-page-background-meta":{"desktop":{"background-color":"var(--ast-global-color-4)","background-image":"","background-repeat":"repeat","background-position":"center center","background-size":"auto","background-attachment":"scroll","background-type":"","background-media":"","overlay-type":"","overlay-color":"","overlay-opacity":"","overlay-gradient":""},"tablet":{"background-color":"","background-image":"","background-repeat":"repeat","background-position":"center center","background-size":"auto","background-attachment":"scroll","background-type":"","background-media":"","overlay-type":"","overlay-color":"","overlay-opacity":"","overlay-gradient":""},"mobile":{"background-color":"","background-image":"","background-repeat":"repeat","background-position":"center center","background-size":"auto","background-attachment":"scroll","background-type":"","background-media":"","overlay-type":"","overlay-color":"","overlay-opacity":"","overlay-gradient":""}},"ast-content-background-meta":{"desktop":{"background-color":"var(--ast-global-color-5)","background-image":"","background-repeat":"repeat","background-position":"center center","background-size":"auto","background-attachment":"scroll","background-type":"","background-media":"","overlay-type":"","overlay-color":"","overlay-opacity":"","overlay-gradient":""},"tablet":{"background-color":"var(--ast-global-color-5)","background-image":"","background-repeat":"repeat","background-position":"center center","background-size":"auto","background-attachment":"scroll","background-type":"","background-media":"","overlay-type":"","overlay-color":"","overlay-opacity":"","overlay-gradient":""},"mobile":{"background-color":"var(--ast-global-color-5)","background-image":"","background-repeat":"repeat","background-position":"center center","background-size":"auto","background-attachment":"scroll","background-type":"","background-media":"","overlay-type":"","overlay-color":"","overlay-opacity":"","overlay-gradient":""}},"footnotes":""},"categories":[5,88,4],"tags":[],"class_list":["post-6924","post","type-post","status-publish","format-standard","has-post-thumbnail","hentry","category-blocs-primaria","category-familia_escola","category-portada"],"post_mailing_queue_ids":[],"_links":{"self":[{"href":"https:\/\/agora.xtec.cat\/escolasantiagorusinol\/wp-json\/wp\/v2\/posts\/6924","targetHints":{"allow":["GET"]}}],"collection":[{"href":"https:\/\/agora.xtec.cat\/escolasantiagorusinol\/wp-json\/wp\/v2\/posts"}],"about":[{"href":"https:\/\/agora.xtec.cat\/escolasantiagorusinol\/wp-json\/wp\/v2\/types\/post"}],"author":[{"embeddable":true,"href":"https:\/\/agora.xtec.cat\/escolasantiagorusinol\/wp-json\/wp\/v2\/users\/1"}],"replies":[{"embeddable":true,"href":"https:\/\/agora.xtec.cat\/escolasantiagorusinol\/wp-json\/wp\/v2\/comments?post=6924"}],"version-history":[{"count":2,"href":"https:\/\/agora.xtec.cat\/escolasantiagorusinol\/wp-json\/wp\/v2\/posts\/6924\/revisions"}],"predecessor-version":[{"id":6929,"href":"https:\/\/agora.xtec.cat\/escolasantiagorusinol\/wp-json\/wp\/v2\/posts\/6924\/revisions\/6929"}],"wp:featuredmedia":[{"embeddable":true,"href":"https:\/\/agora.xtec.cat\/escolasantiagorusinol\/wp-json\/wp\/v2\/media\/6927"}],"wp:attachment":[{"href":"https:\/\/agora.xtec.cat\/escolasantiagorusinol\/wp-json\/wp\/v2\/media?parent=6924"}],"wp:term":[{"taxonomy":"category","embeddable":true,"href":"https:\/\/agora.xtec.cat\/escolasantiagorusinol\/wp-json\/wp\/v2\/categories?post=6924"},{"taxonomy":"post_tag","embeddable":true,"href":"https:\/\/agora.xtec.cat\/escolasantiagorusinol\/wp-json\/wp\/v2\/tags?post=6924"}],"curies":[{"name":"wp","href":"https:\/\/api.w.org\/{rel}","templated":true}]}}