{"id":4096,"date":"2020-09-13T20:54:05","date_gmt":"2020-09-13T18:54:05","guid":{"rendered":"http:\/\/agora.xtec.cat\/escolasantbernat\/?p=4096"},"modified":"2020-09-13T20:54:53","modified_gmt":"2020-09-13T18:54:53","slug":"pla-dobertura-de-centre-per-covid-19","status":"publish","type":"post","link":"https:\/\/agora.xtec.cat\/escolasantbernat\/general\/pla-dobertura-de-centre-per-covid-19\/","title":{"rendered":"PLA D&#8217;OBERTURA DE CENTRE PER COVID-19"},"content":{"rendered":"<p>Aqu\u00ed podeu consultar el Pla d&#8217;obertura de l&#8217;escolar per aquest curs 2020-21 adaptat a la situaci\u00f3 provocada per la pand\u00e8mia de covid-19.<\/p>\n<p><a href=\"https:\/\/drive.google.com\/file\/d\/1qjBJwSRWG_Dm4oua24canJZF5TZZ2EPP\/view?usp=sharing\" target=\"_blank\" rel=\"noopener noreferrer\">PLA D&#8217;OBERTURA DE CENTRE &gt;&gt;&gt;&gt;<\/a><\/p>\n","protected":false},"excerpt":{"rendered":"<p>PLA D&#8217;OBERTURA DE CENTRE CURS 2020-21&hellip;  <a href=\"https:\/\/agora.xtec.cat\/escolasantbernat\/general\/pla-dobertura-de-centre-per-covid-19\/\" title=\"Read PLA D&#8217;OBERTURA DE CENTRE PER COVID-19\">Llegeix m\u00e9s\u00bb<\/a><\/p>\n","protected":false},"author":3,"featured_media":3925,"comment_status":"open","ping_status":"closed","sticky":false,"template":"","format":"standard","meta":{"_bbp_topic_count":0,"_bbp_reply_count":0,"_bbp_total_topic_count":0,"_bbp_total_reply_count":0,"_bbp_voice_count":0,"_bbp_anonymous_reply_count":0,"_bbp_topic_count_hidden":0,"_bbp_reply_count_hidden":0,"_bbp_forum_subforum_count":0,"footnotes":""},"categories":[1,4],"tags":[],"class_list":["post-4096","post","type-post","status-publish","format-standard","has-post-thumbnail","hentry","category-general","category-portada"],"post_mailing_queue_ids":[],"_links":{"self":[{"href":"https:\/\/agora.xtec.cat\/escolasantbernat\/wp-json\/wp\/v2\/posts\/4096","targetHints":{"allow":["GET"]}}],"collection":[{"href":"https:\/\/agora.xtec.cat\/escolasantbernat\/wp-json\/wp\/v2\/posts"}],"about":[{"href":"https:\/\/agora.xtec.cat\/escolasantbernat\/wp-json\/wp\/v2\/types\/post"}],"author":[{"embeddable":true,"href":"https:\/\/agora.xtec.cat\/escolasantbernat\/wp-json\/wp\/v2\/users\/3"}],"replies":[{"embeddable":true,"href":"https:\/\/agora.xtec.cat\/escolasantbernat\/wp-json\/wp\/v2\/comments?post=4096"}],"version-history":[{"count":2,"href":"https:\/\/agora.xtec.cat\/escolasantbernat\/wp-json\/wp\/v2\/posts\/4096\/revisions"}],"predecessor-version":[{"id":4100,"href":"https:\/\/agora.xtec.cat\/escolasantbernat\/wp-json\/wp\/v2\/posts\/4096\/revisions\/4100"}],"wp:featuredmedia":[{"embeddable":true,"href":"https:\/\/agora.xtec.cat\/escolasantbernat\/wp-json\/wp\/v2\/media\/3925"}],"wp:attachment":[{"href":"https:\/\/agora.xtec.cat\/escolasantbernat\/wp-json\/wp\/v2\/media?parent=4096"}],"wp:term":[{"taxonomy":"category","embeddable":true,"href":"https:\/\/agora.xtec.cat\/escolasantbernat\/wp-json\/wp\/v2\/categories?post=4096"},{"taxonomy":"post_tag","embeddable":true,"href":"https:\/\/agora.xtec.cat\/escolasantbernat\/wp-json\/wp\/v2\/tags?post=4096"}],"curies":[{"name":"wp","href":"https:\/\/api.w.org\/{rel}","templated":true}]}}