{"id":7848,"date":"2026-04-28T16:24:49","date_gmt":"2026-04-28T14:24:49","guid":{"rendered":"https:\/\/agora.xtec.cat\/escolasantasusanna\/?p=7848"},"modified":"2026-04-28T16:25:35","modified_gmt":"2026-04-28T14:25:35","slug":"apadrinament-ei5-i-5e","status":"publish","type":"post","link":"https:\/\/agora.xtec.cat\/escolasantasusanna\/infantil\/apadrinament-ei5-i-5e\/","title":{"rendered":"APADRINAMENT EI5 i 5\u00e8"},"content":{"rendered":"<p>Ens encanta compartir moments d\u2019aprenentatge entre grans i petits. L\u2019apadrinament lector entre I5 i 5\u00e8 \u00e9s una activitat molt especial. Els alumnes m\u00e9s grans acompanyen els petits en el descobriment de la lectura, creant vincles, confian\u00e7a i ganes d\u2019aprendre junts.<br \/>\nI sobretot compartim temps de qualitat i creixem plegats.\ud83d\udcd6\ud83d\udcda\ud83e\udef6\ud83c\udffb<img loading=\"lazy\" decoding=\"async\" class=\"aligncenter wp-image-7849\" src=\"https:\/\/agora.xtec.cat\/escolasantasusanna\/wp-content\/uploads\/usu58\/2026\/04\/WhatsApp-Image-2026-04-27-at-17.29.20-300x300.jpeg\" alt=\"\" width=\"310\" height=\"310\" srcset=\"https:\/\/agora.xtec.cat\/escolasantasusanna\/wp-content\/uploads\/usu58\/2026\/04\/WhatsApp-Image-2026-04-27-at-17.29.20-300x300.jpeg 300w, https:\/\/agora.xtec.cat\/escolasantasusanna\/wp-content\/uploads\/usu58\/2026\/04\/WhatsApp-Image-2026-04-27-at-17.29.20-1024x1024.jpeg 1024w, https:\/\/agora.xtec.cat\/escolasantasusanna\/wp-content\/uploads\/usu58\/2026\/04\/WhatsApp-Image-2026-04-27-at-17.29.20-150x150.jpeg 150w, https:\/\/agora.xtec.cat\/escolasantasusanna\/wp-content\/uploads\/usu58\/2026\/04\/WhatsApp-Image-2026-04-27-at-17.29.20-768x768.jpeg 768w, https:\/\/agora.xtec.cat\/escolasantasusanna\/wp-content\/uploads\/usu58\/2026\/04\/WhatsApp-Image-2026-04-27-at-17.29.20-1536x1536.jpeg 1536w, https:\/\/agora.xtec.cat\/escolasantasusanna\/wp-content\/uploads\/usu58\/2026\/04\/WhatsApp-Image-2026-04-27-at-17.29.20.jpeg 1600w\" sizes=\"auto, (max-width: 310px) 100vw, 310px\" \/><\/p>\n","protected":false},"excerpt":{"rendered":"<p>Ens encanta compartir moments d\u2019aprenentatge entre grans i petits. L\u2019apadrinament lector entre I5 i 5\u00e8 \u00e9s una activitat molt especial. Els alumnes m\u00e9s grans acompanyen els petits en el descobriment de la lectura, creant vincles, confian\u00e7a i ganes d\u2019aprendre junts.<br \/>\nI sobretot compartim temps de qualitat&hellip;  <a href=\"https:\/\/agora.xtec.cat\/escolasantasusanna\/infantil\/apadrinament-ei5-i-5e\/\" title=\"Read APADRINAMENT EI5 i 5\u00e8\">Llegeix m\u00e9s\u00bb<\/a><\/p>\n","protected":false},"author":1,"featured_media":0,"comment_status":"open","ping_status":"open","sticky":false,"template":"","format":"standard","meta":{"_bbp_topic_count":0,"_bbp_reply_count":0,"_bbp_total_topic_count":0,"_bbp_total_reply_count":0,"_bbp_voice_count":0,"_bbp_anonymous_reply_count":0,"_bbp_topic_count_hidden":0,"_bbp_reply_count_hidden":0,"_bbp_forum_subforum_count":0,"footnotes":""},"categories":[59,264,2,5,61,4],"tags":[],"class_list":["post-7848","post","type-post","status-publish","format-standard","hentry","category-biblioteca-escolar","category-curs-25-26-general","category-infantil","category-primaria","category-pla-de-millora-de-les-biblioteques-escolars-de-catalunya","category-portada"],"post_mailing_queue_ids":[],"_links":{"self":[{"href":"https:\/\/agora.xtec.cat\/escolasantasusanna\/wp-json\/wp\/v2\/posts\/7848","targetHints":{"allow":["GET"]}}],"collection":[{"href":"https:\/\/agora.xtec.cat\/escolasantasusanna\/wp-json\/wp\/v2\/posts"}],"about":[{"href":"https:\/\/agora.xtec.cat\/escolasantasusanna\/wp-json\/wp\/v2\/types\/post"}],"author":[{"embeddable":true,"href":"https:\/\/agora.xtec.cat\/escolasantasusanna\/wp-json\/wp\/v2\/users\/1"}],"replies":[{"embeddable":true,"href":"https:\/\/agora.xtec.cat\/escolasantasusanna\/wp-json\/wp\/v2\/comments?post=7848"}],"version-history":[{"count":3,"href":"https:\/\/agora.xtec.cat\/escolasantasusanna\/wp-json\/wp\/v2\/posts\/7848\/revisions"}],"predecessor-version":[{"id":7852,"href":"https:\/\/agora.xtec.cat\/escolasantasusanna\/wp-json\/wp\/v2\/posts\/7848\/revisions\/7852"}],"wp:attachment":[{"href":"https:\/\/agora.xtec.cat\/escolasantasusanna\/wp-json\/wp\/v2\/media?parent=7848"}],"wp:term":[{"taxonomy":"category","embeddable":true,"href":"https:\/\/agora.xtec.cat\/escolasantasusanna\/wp-json\/wp\/v2\/categories?post=7848"},{"taxonomy":"post_tag","embeddable":true,"href":"https:\/\/agora.xtec.cat\/escolasantasusanna\/wp-json\/wp\/v2\/tags?post=7848"}],"curies":[{"name":"wp","href":"https:\/\/api.w.org\/{rel}","templated":true}]}}