{"id":7840,"date":"2026-04-28T16:15:16","date_gmt":"2026-04-28T14:15:16","guid":{"rendered":"https:\/\/agora.xtec.cat\/escolasantasusanna\/?p=7840"},"modified":"2026-04-28T16:15:16","modified_gmt":"2026-04-28T14:15:16","slug":"hora-del-conte-a-la-biblioteca-vall-dalfata","status":"publish","type":"post","link":"https:\/\/agora.xtec.cat\/escolasantasusanna\/infantil\/hora-del-conte-a-la-biblioteca-vall-dalfata\/","title":{"rendered":"HORA DEL CONTE A LA BIBLIOTECA VALL D&#8217;ALFAT\u00c0"},"content":{"rendered":"<div dir=\"auto\">Avui hem anat a la biblioteca del poble a fer un taller d\u2019artista. Primer ens han explicat un conte d\u2018en Herv\u00e9 Tullet, ple de colors, formes i imaginaci\u00f3, que ens ha inspirat a deixar volar la\u00a0 creativitat.<\/div>\n<div dir=\"auto\">Despr\u00e9s hem creat la nostra pr\u00f2pia creaci\u00f3 art\u00edstica i sobretot ens ho hem passat d\u2019all\u00f2 m\u00e9s b\u00e9 #PLAMIB<\/div>\n<div dir=\"auto\"><img loading=\"lazy\" decoding=\"async\" class=\"aligncenter  wp-image-7841\" src=\"https:\/\/agora.xtec.cat\/escolasantasusanna\/wp-content\/uploads\/usu58\/2026\/04\/1000369845-300x300.png\" alt=\"\" width=\"324\" height=\"324\" srcset=\"https:\/\/agora.xtec.cat\/escolasantasusanna\/wp-content\/uploads\/usu58\/2026\/04\/1000369845-300x300.png 300w, https:\/\/agora.xtec.cat\/escolasantasusanna\/wp-content\/uploads\/usu58\/2026\/04\/1000369845-150x150.png 150w, https:\/\/agora.xtec.cat\/escolasantasusanna\/wp-content\/uploads\/usu58\/2026\/04\/1000369845.png 600w\" sizes=\"auto, (max-width: 324px) 100vw, 324px\" \/><\/div>\n","protected":false},"excerpt":{"rendered":"<p>Avui hem anat a la biblioteca del poble a fer un taller d\u2019artista. Primer ens han explicat un conte d\u2018en Herv\u00e9 Tullet, ple de colors, formes i imaginaci\u00f3, que ens ha inspirat a deixar volar la\u00a0 creativitat.<br \/>\nDespr\u00e9s hem creat la nostra pr\u00f2pia creaci\u00f3 art\u00edstica i&hellip;  <a href=\"https:\/\/agora.xtec.cat\/escolasantasusanna\/infantil\/hora-del-conte-a-la-biblioteca-vall-dalfata\/\" title=\"Read HORA DEL CONTE A LA BIBLIOTECA VALL D&#8217;ALFAT\u00c0\">Llegeix m\u00e9s\u00bb<\/a><\/p>\n","protected":false},"author":1,"featured_media":0,"comment_status":"open","ping_status":"open","sticky":false,"template":"","format":"standard","meta":{"_bbp_topic_count":0,"_bbp_reply_count":0,"_bbp_total_topic_count":0,"_bbp_total_reply_count":0,"_bbp_voice_count":0,"_bbp_anonymous_reply_count":0,"_bbp_topic_count_hidden":0,"_bbp_reply_count_hidden":0,"_bbp_forum_subforum_count":0,"footnotes":""},"categories":[59,264,2,61,4,65],"tags":[],"class_list":["post-7840","post","type-post","status-publish","format-standard","hentry","category-biblioteca-escolar","category-curs-25-26-general","category-infantil","category-pla-de-millora-de-les-biblioteques-escolars-de-catalunya","category-portada","category-sant-jordi"],"post_mailing_queue_ids":[],"_links":{"self":[{"href":"https:\/\/agora.xtec.cat\/escolasantasusanna\/wp-json\/wp\/v2\/posts\/7840","targetHints":{"allow":["GET"]}}],"collection":[{"href":"https:\/\/agora.xtec.cat\/escolasantasusanna\/wp-json\/wp\/v2\/posts"}],"about":[{"href":"https:\/\/agora.xtec.cat\/escolasantasusanna\/wp-json\/wp\/v2\/types\/post"}],"author":[{"embeddable":true,"href":"https:\/\/agora.xtec.cat\/escolasantasusanna\/wp-json\/wp\/v2\/users\/1"}],"replies":[{"embeddable":true,"href":"https:\/\/agora.xtec.cat\/escolasantasusanna\/wp-json\/wp\/v2\/comments?post=7840"}],"version-history":[{"count":1,"href":"https:\/\/agora.xtec.cat\/escolasantasusanna\/wp-json\/wp\/v2\/posts\/7840\/revisions"}],"predecessor-version":[{"id":7842,"href":"https:\/\/agora.xtec.cat\/escolasantasusanna\/wp-json\/wp\/v2\/posts\/7840\/revisions\/7842"}],"wp:attachment":[{"href":"https:\/\/agora.xtec.cat\/escolasantasusanna\/wp-json\/wp\/v2\/media?parent=7840"}],"wp:term":[{"taxonomy":"category","embeddable":true,"href":"https:\/\/agora.xtec.cat\/escolasantasusanna\/wp-json\/wp\/v2\/categories?post=7840"},{"taxonomy":"post_tag","embeddable":true,"href":"https:\/\/agora.xtec.cat\/escolasantasusanna\/wp-json\/wp\/v2\/tags?post=7840"}],"curies":[{"name":"wp","href":"https:\/\/api.w.org\/{rel}","templated":true}]}}