{"id":7834,"date":"2026-04-28T16:08:45","date_gmt":"2026-04-28T14:08:45","guid":{"rendered":"https:\/\/agora.xtec.cat\/escolasantasusanna\/?p=7834"},"modified":"2026-04-28T16:08:45","modified_gmt":"2026-04-28T14:08:45","slug":"gimcana-demergencies-a-5e","status":"publish","type":"post","link":"https:\/\/agora.xtec.cat\/escolasantasusanna\/portada\/gimcana-demergencies-a-5e\/","title":{"rendered":"GIMCANA D&#8217;EMERG\u00c8NCIES a 5\u00e8"},"content":{"rendered":"<div>La classe de 5\u00e8 junt amb la classe de 5\u00e8 de l\u2019institut escola Montagut, va participar en una jornada d\u2019activitats per aprendre a actuar en situacions d\u2019emerg\u00e8ncia.<\/div>\n<div><img loading=\"lazy\" decoding=\"async\" class=\"aligncenter size-medium wp-image-7835\" src=\"https:\/\/agora.xtec.cat\/escolasantasusanna\/wp-content\/uploads\/usu58\/2026\/04\/1000369850-300x300.png\" alt=\"\" width=\"300\" height=\"300\" srcset=\"https:\/\/agora.xtec.cat\/escolasantasusanna\/wp-content\/uploads\/usu58\/2026\/04\/1000369850-300x300.png 300w, https:\/\/agora.xtec.cat\/escolasantasusanna\/wp-content\/uploads\/usu58\/2026\/04\/1000369850-150x150.png 150w, https:\/\/agora.xtec.cat\/escolasantasusanna\/wp-content\/uploads\/usu58\/2026\/04\/1000369850-768x768.png 768w, https:\/\/agora.xtec.cat\/escolasantasusanna\/wp-content\/uploads\/usu58\/2026\/04\/1000369850.png 800w\" sizes=\"auto, (max-width: 300px) 100vw, 300px\" \/><\/div>\n","protected":false},"excerpt":{"rendered":"<p>La classe de 5\u00e8 junt amb la classe de 5\u00e8 de l\u2019institut escola Montagut, va participar en una jornada d\u2019activitats per aprendre a actuar en situacions d\u2019emerg\u00e8ncia.<\/p>\n","protected":false},"author":1,"featured_media":0,"comment_status":"open","ping_status":"open","sticky":false,"template":"","format":"standard","meta":{"_bbp_topic_count":0,"_bbp_reply_count":0,"_bbp_total_topic_count":0,"_bbp_total_reply_count":0,"_bbp_voice_count":0,"_bbp_anonymous_reply_count":0,"_bbp_topic_count_hidden":0,"_bbp_reply_count_hidden":0,"_bbp_forum_subforum_count":0,"footnotes":""},"categories":[12,264,4],"tags":[],"class_list":["post-7834","post","type-post","status-publish","format-standard","hentry","category-cs","category-curs-25-26-general","category-portada"],"post_mailing_queue_ids":[],"_links":{"self":[{"href":"https:\/\/agora.xtec.cat\/escolasantasusanna\/wp-json\/wp\/v2\/posts\/7834","targetHints":{"allow":["GET"]}}],"collection":[{"href":"https:\/\/agora.xtec.cat\/escolasantasusanna\/wp-json\/wp\/v2\/posts"}],"about":[{"href":"https:\/\/agora.xtec.cat\/escolasantasusanna\/wp-json\/wp\/v2\/types\/post"}],"author":[{"embeddable":true,"href":"https:\/\/agora.xtec.cat\/escolasantasusanna\/wp-json\/wp\/v2\/users\/1"}],"replies":[{"embeddable":true,"href":"https:\/\/agora.xtec.cat\/escolasantasusanna\/wp-json\/wp\/v2\/comments?post=7834"}],"version-history":[{"count":1,"href":"https:\/\/agora.xtec.cat\/escolasantasusanna\/wp-json\/wp\/v2\/posts\/7834\/revisions"}],"predecessor-version":[{"id":7836,"href":"https:\/\/agora.xtec.cat\/escolasantasusanna\/wp-json\/wp\/v2\/posts\/7834\/revisions\/7836"}],"wp:attachment":[{"href":"https:\/\/agora.xtec.cat\/escolasantasusanna\/wp-json\/wp\/v2\/media?parent=7834"}],"wp:term":[{"taxonomy":"category","embeddable":true,"href":"https:\/\/agora.xtec.cat\/escolasantasusanna\/wp-json\/wp\/v2\/categories?post=7834"},{"taxonomy":"post_tag","embeddable":true,"href":"https:\/\/agora.xtec.cat\/escolasantasusanna\/wp-json\/wp\/v2\/tags?post=7834"}],"curies":[{"name":"wp","href":"https:\/\/api.w.org\/{rel}","templated":true}]}}