{"id":7792,"date":"2026-03-13T21:43:50","date_gmt":"2026-03-13T20:43:50","guid":{"rendered":"https:\/\/agora.xtec.cat\/escolasantasusanna\/?p=7792"},"modified":"2026-03-13T21:47:27","modified_gmt":"2026-03-13T20:47:27","slug":"el-dia-de-la-poesia","status":"publish","type":"post","link":"https:\/\/agora.xtec.cat\/escolasantasusanna\/biblioteca-escolar\/el-dia-de-la-poesia\/","title":{"rendered":"EL DIA DE LA POESIA"},"content":{"rendered":"<p>En el marc del PLAMIB ,el nostre centre s&#8217;ha implicat en la promoci\u00f3 d&#8217;accions<br \/>\nque intenten fomentar el gust per la lectura entre els docents per tal de<br \/>\nsensibilitzar-los i i formar-los envers la literatura i les seves possibilitats<br \/>\neducatives.<br \/>\nAmb aquest objectiu, s \u0301ha dut a terme una sessi\u00f3 en la qual s \u0301han compartit<br \/>\npropostes i recursos relacionats amb la POESIA.<br \/>\nAix\u00ed doncs, escalfem motors i ens disposem a jugar!<br \/>\nUn poema pot n\u00e9ixer d \u0301un joc, de les lletres del meu nom, d \u0301una imatge<br \/>\nsuggerent,d \u0301una combinaci\u00f3 de paraules, de la repetici\u00f3 de sons ,de l \u0301 aparici\u00f3 i<br \/>\ndesaparici\u00f3 d \u0301unes lletres&#8230;., \u00e9s llavors ,quan, l \u0301activitat creativa esdev\u00e9<br \/>\nimaginaci\u00f3, gaudi i emoci\u00f3 i ens permet aix\u00ed, experimentar una nova forma d<br \/>\n\u0301expressi\u00f3 de manera l\u00fadica.<br \/>\nLes propostes desenvolupades de les quals els docents han estat part\u00edcips, han<br \/>\nestan les seg\u00fcents:<br \/>\nPOESIA AMAGADA al llom dels llibres.<br \/>\nConfegim un petit poema a partir de t\u00edtols dels llibres de la nostra biblioteca.<br \/>\nPOESIA TROBADA<br \/>\nRetallem paraules i frases de diaris i revistes per tal de crear un petit poema.<br \/>\nPOESIA ESBORRADA<br \/>\nEncerclem paraules en una p\u00e0gina d \u0301un llibre vell intentant crear un text po\u00e8tic tot<br \/>\nfent desapar\u00e8ixer la resta del text pintant o decorant a sobre.<br \/>\nPOEMES QUE CANVIEN<br \/>\nEns inspirem en \u00e0lbums il\u00b7lustrats de poesia i juguem amb les paraules i lletres..<br \/>\nPOESIA DE LES FRASES FETES<br \/>\nAmb les frases fetes tamb\u00e9 podem crear poemes divertits!<br \/>\nACR\u00d2STICS<br \/>\nPosem les lletres del nostre nom en vertical i formem amb elles paraules o frases<br \/>\ntot composant un petit poema.<br \/>\nHAIKU<br \/>\nCreaci\u00f3 de poemes d \u0301origen japon\u00e8s, formats per tres versos de 5-7-5 s\u00edl.labes,<br \/>\nens inspirem en les imatges suggerents del joc de taula DIXIT.<\/p>\n<p>BESTIARIS<br \/>\nPoemes sobre animals, dibuixem la nostra pr\u00f2pia POEB\u00c8STIA. Pretenem d \u0301aquesta manera apropar els docents vers aquest g\u00e8nere a la vegada que donem a con\u00e8ixer el fons de poesia de la nostra Biblioteca escolar.<\/p>\n<p>#bescat #bonespractiques <img loading=\"lazy\" decoding=\"async\" class=\"aligncenter size-full wp-image-7793\" src=\"https:\/\/agora.xtec.cat\/escolasantasusanna\/wp-content\/uploads\/usu58\/2026\/03\/IMG_20260310_131110.jpg\" alt=\"\" width=\"1000\" height=\"750\" srcset=\"https:\/\/agora.xtec.cat\/escolasantasusanna\/wp-content\/uploads\/usu58\/2026\/03\/IMG_20260310_131110.jpg 1000w, https:\/\/agora.xtec.cat\/escolasantasusanna\/wp-content\/uploads\/usu58\/2026\/03\/IMG_20260310_131110-300x225.jpg 300w, https:\/\/agora.xtec.cat\/escolasantasusanna\/wp-content\/uploads\/usu58\/2026\/03\/IMG_20260310_131110-768x576.jpg 768w, https:\/\/agora.xtec.cat\/escolasantasusanna\/wp-content\/uploads\/usu58\/2026\/03\/IMG_20260310_131110-200x150.jpg 200w\" sizes=\"auto, (max-width: 1000px) 100vw, 1000px\" \/> <img loading=\"lazy\" decoding=\"async\" class=\"aligncenter size-full wp-image-7794\" src=\"https:\/\/agora.xtec.cat\/escolasantasusanna\/wp-content\/uploads\/usu58\/2026\/03\/IMG_20260310_131125-scaled.jpg\" alt=\"\" width=\"2560\" height=\"1920\" srcset=\"https:\/\/agora.xtec.cat\/escolasantasusanna\/wp-content\/uploads\/usu58\/2026\/03\/IMG_20260310_131125-scaled.jpg 2560w, https:\/\/agora.xtec.cat\/escolasantasusanna\/wp-content\/uploads\/usu58\/2026\/03\/IMG_20260310_131125-300x225.jpg 300w, https:\/\/agora.xtec.cat\/escolasantasusanna\/wp-content\/uploads\/usu58\/2026\/03\/IMG_20260310_131125-1024x768.jpg 1024w, https:\/\/agora.xtec.cat\/escolasantasusanna\/wp-content\/uploads\/usu58\/2026\/03\/IMG_20260310_131125-768x576.jpg 768w, https:\/\/agora.xtec.cat\/escolasantasusanna\/wp-content\/uploads\/usu58\/2026\/03\/IMG_20260310_131125-1536x1152.jpg 1536w, https:\/\/agora.xtec.cat\/escolasantasusanna\/wp-content\/uploads\/usu58\/2026\/03\/IMG_20260310_131125-2048x1536.jpg 2048w, https:\/\/agora.xtec.cat\/escolasantasusanna\/wp-content\/uploads\/usu58\/2026\/03\/IMG_20260310_131125-200x150.jpg 200w\" sizes=\"auto, (max-width: 2560px) 100vw, 2560px\" \/> <img loading=\"lazy\" decoding=\"async\" class=\"aligncenter size-full wp-image-7795\" src=\"https:\/\/agora.xtec.cat\/escolasantasusanna\/wp-content\/uploads\/usu58\/2026\/03\/IMG_20260310_131154-scaled.jpg\" alt=\"\" width=\"1920\" height=\"2560\" srcset=\"https:\/\/agora.xtec.cat\/escolasantasusanna\/wp-content\/uploads\/usu58\/2026\/03\/IMG_20260310_131154-scaled.jpg 1920w, https:\/\/agora.xtec.cat\/escolasantasusanna\/wp-content\/uploads\/usu58\/2026\/03\/IMG_20260310_131154-225x300.jpg 225w, https:\/\/agora.xtec.cat\/escolasantasusanna\/wp-content\/uploads\/usu58\/2026\/03\/IMG_20260310_131154-768x1024.jpg 768w, https:\/\/agora.xtec.cat\/escolasantasusanna\/wp-content\/uploads\/usu58\/2026\/03\/IMG_20260310_131154-1152x1536.jpg 1152w, https:\/\/agora.xtec.cat\/escolasantasusanna\/wp-content\/uploads\/usu58\/2026\/03\/IMG_20260310_131154-1536x2048.jpg 1536w\" sizes=\"auto, (max-width: 1920px) 100vw, 1920px\" \/> <img loading=\"lazy\" decoding=\"async\" class=\"aligncenter size-full wp-image-7796\" src=\"https:\/\/agora.xtec.cat\/escolasantasusanna\/wp-content\/uploads\/usu58\/2026\/03\/IMG_20260310_131227-scaled.jpg\" alt=\"\" width=\"1920\" height=\"2560\" srcset=\"https:\/\/agora.xtec.cat\/escolasantasusanna\/wp-content\/uploads\/usu58\/2026\/03\/IMG_20260310_131227-scaled.jpg 1920w, https:\/\/agora.xtec.cat\/escolasantasusanna\/wp-content\/uploads\/usu58\/2026\/03\/IMG_20260310_131227-225x300.jpg 225w, https:\/\/agora.xtec.cat\/escolasantasusanna\/wp-content\/uploads\/usu58\/2026\/03\/IMG_20260310_131227-768x1024.jpg 768w, https:\/\/agora.xtec.cat\/escolasantasusanna\/wp-content\/uploads\/usu58\/2026\/03\/IMG_20260310_131227-1152x1536.jpg 1152w, https:\/\/agora.xtec.cat\/escolasantasusanna\/wp-content\/uploads\/usu58\/2026\/03\/IMG_20260310_131227-1536x2048.jpg 1536w\" sizes=\"auto, (max-width: 1920px) 100vw, 1920px\" \/> <img loading=\"lazy\" decoding=\"async\" class=\"aligncenter size-full wp-image-7797\" src=\"https:\/\/agora.xtec.cat\/escolasantasusanna\/wp-content\/uploads\/usu58\/2026\/03\/IMG_20260310_131306-scaled.jpg\" alt=\"\" width=\"2560\" height=\"1920\" srcset=\"https:\/\/agora.xtec.cat\/escolasantasusanna\/wp-content\/uploads\/usu58\/2026\/03\/IMG_20260310_131306-scaled.jpg 2560w, https:\/\/agora.xtec.cat\/escolasantasusanna\/wp-content\/uploads\/usu58\/2026\/03\/IMG_20260310_131306-300x225.jpg 300w, https:\/\/agora.xtec.cat\/escolasantasusanna\/wp-content\/uploads\/usu58\/2026\/03\/IMG_20260310_131306-1024x768.jpg 1024w, https:\/\/agora.xtec.cat\/escolasantasusanna\/wp-content\/uploads\/usu58\/2026\/03\/IMG_20260310_131306-768x576.jpg 768w, https:\/\/agora.xtec.cat\/escolasantasusanna\/wp-content\/uploads\/usu58\/2026\/03\/IMG_20260310_131306-1536x1152.jpg 1536w, https:\/\/agora.xtec.cat\/escolasantasusanna\/wp-content\/uploads\/usu58\/2026\/03\/IMG_20260310_131306-2048x1536.jpg 2048w, https:\/\/agora.xtec.cat\/escolasantasusanna\/wp-content\/uploads\/usu58\/2026\/03\/IMG_20260310_131306-200x150.jpg 200w\" sizes=\"auto, (max-width: 2560px) 100vw, 2560px\" \/> <img loading=\"lazy\" decoding=\"async\" class=\"aligncenter size-full wp-image-7798\" src=\"https:\/\/agora.xtec.cat\/escolasantasusanna\/wp-content\/uploads\/usu58\/2026\/03\/IMG_20260310_131329-scaled.jpg\" alt=\"\" width=\"2560\" height=\"1920\" srcset=\"https:\/\/agora.xtec.cat\/escolasantasusanna\/wp-content\/uploads\/usu58\/2026\/03\/IMG_20260310_131329-scaled.jpg 2560w, https:\/\/agora.xtec.cat\/escolasantasusanna\/wp-content\/uploads\/usu58\/2026\/03\/IMG_20260310_131329-300x225.jpg 300w, https:\/\/agora.xtec.cat\/escolasantasusanna\/wp-content\/uploads\/usu58\/2026\/03\/IMG_20260310_131329-1024x768.jpg 1024w, https:\/\/agora.xtec.cat\/escolasantasusanna\/wp-content\/uploads\/usu58\/2026\/03\/IMG_20260310_131329-768x576.jpg 768w, https:\/\/agora.xtec.cat\/escolasantasusanna\/wp-content\/uploads\/usu58\/2026\/03\/IMG_20260310_131329-1536x1152.jpg 1536w, https:\/\/agora.xtec.cat\/escolasantasusanna\/wp-content\/uploads\/usu58\/2026\/03\/IMG_20260310_131329-2048x1536.jpg 2048w, https:\/\/agora.xtec.cat\/escolasantasusanna\/wp-content\/uploads\/usu58\/2026\/03\/IMG_20260310_131329-200x150.jpg 200w\" sizes=\"auto, (max-width: 2560px) 100vw, 2560px\" \/><\/p>\n","protected":false},"excerpt":{"rendered":"<p>En el marc del PLAMIB ,el nostre centre s&#8217;ha implicat en la promoci\u00f3 d&#8217;accions<br \/>\nque intenten fomentar el gust per la lectura entre els docents per tal de<br \/>\nsensibilitzar-los i i formar-los envers la literatura i les seves possibilitats<br \/>\neducatives.<br \/>\nAmb aquest objectiu, s \u0301ha dut a terme una&hellip;  <a href=\"https:\/\/agora.xtec.cat\/escolasantasusanna\/biblioteca-escolar\/el-dia-de-la-poesia\/\" title=\"Read EL DIA DE LA POESIA\">Llegeix m\u00e9s\u00bb<\/a><\/p>\n","protected":false},"author":1,"featured_media":0,"comment_status":"open","ping_status":"open","sticky":false,"template":"","format":"standard","meta":{"_bbp_topic_count":0,"_bbp_reply_count":0,"_bbp_total_topic_count":0,"_bbp_total_reply_count":0,"_bbp_voice_count":0,"_bbp_anonymous_reply_count":0,"_bbp_topic_count_hidden":0,"_bbp_reply_count_hidden":0,"_bbp_forum_subforum_count":0,"footnotes":""},"categories":[59,61],"tags":[],"class_list":["post-7792","post","type-post","status-publish","format-standard","hentry","category-biblioteca-escolar","category-pla-de-millora-de-les-biblioteques-escolars-de-catalunya"],"post_mailing_queue_ids":[],"_links":{"self":[{"href":"https:\/\/agora.xtec.cat\/escolasantasusanna\/wp-json\/wp\/v2\/posts\/7792","targetHints":{"allow":["GET"]}}],"collection":[{"href":"https:\/\/agora.xtec.cat\/escolasantasusanna\/wp-json\/wp\/v2\/posts"}],"about":[{"href":"https:\/\/agora.xtec.cat\/escolasantasusanna\/wp-json\/wp\/v2\/types\/post"}],"author":[{"embeddable":true,"href":"https:\/\/agora.xtec.cat\/escolasantasusanna\/wp-json\/wp\/v2\/users\/1"}],"replies":[{"embeddable":true,"href":"https:\/\/agora.xtec.cat\/escolasantasusanna\/wp-json\/wp\/v2\/comments?post=7792"}],"version-history":[{"count":2,"href":"https:\/\/agora.xtec.cat\/escolasantasusanna\/wp-json\/wp\/v2\/posts\/7792\/revisions"}],"predecessor-version":[{"id":7800,"href":"https:\/\/agora.xtec.cat\/escolasantasusanna\/wp-json\/wp\/v2\/posts\/7792\/revisions\/7800"}],"wp:attachment":[{"href":"https:\/\/agora.xtec.cat\/escolasantasusanna\/wp-json\/wp\/v2\/media?parent=7792"}],"wp:term":[{"taxonomy":"category","embeddable":true,"href":"https:\/\/agora.xtec.cat\/escolasantasusanna\/wp-json\/wp\/v2\/categories?post=7792"},{"taxonomy":"post_tag","embeddable":true,"href":"https:\/\/agora.xtec.cat\/escolasantasusanna\/wp-json\/wp\/v2\/tags?post=7792"}],"curies":[{"name":"wp","href":"https:\/\/api.w.org\/{rel}","templated":true}]}}