{"id":7789,"date":"2026-03-10T16:04:07","date_gmt":"2026-03-10T15:04:07","guid":{"rendered":"https:\/\/agora.xtec.cat\/escolasantasusanna\/?p=7789"},"modified":"2026-03-10T16:04:07","modified_gmt":"2026-03-10T15:04:07","slug":"aniversaris-a-lescola","status":"publish","type":"post","link":"https:\/\/agora.xtec.cat\/escolasantasusanna\/general\/aniversaris-a-lescola\/","title":{"rendered":"ANIVERSARIS A L&#8217;ESCOLA"},"content":{"rendered":"<p>A l\u2019escola, els aniversaris s\u00f3n un moment molt especial. A infantil celebrem les voltes al sol, un ritual ple de significat que ens ajuda a prendre consci\u00e8ncia del pas del temps i del creixement de cada infant. Any rere any, caminem al voltant del sol recordant moments importants de la \u00a0vida dels infants.<br \/>\nLa celebraci\u00f3 continua amb un esmorzar saludable que, amb molta estima, preparen i comparteixen les fam\u00edlies. Perqu\u00e8 cr\u00e9ixer \u00e9s un regal\u2026 i celebrar-ho junts encara m\u00e9s! Gr\u00e0cies fam\u00edlies per col.laborar en aquests moments m\u00e0gics.<img loading=\"lazy\" decoding=\"async\" class=\"aligncenter  wp-image-7790\" src=\"https:\/\/agora.xtec.cat\/escolasantasusanna\/wp-content\/uploads\/usu58\/2026\/03\/WhatsApp-Image-2026-02-27-at-16.27.46.jpeg\" alt=\"\" width=\"1080\" height=\"1080\" srcset=\"https:\/\/agora.xtec.cat\/escolasantasusanna\/wp-content\/uploads\/usu58\/2026\/03\/WhatsApp-Image-2026-02-27-at-16.27.46.jpeg 2048w, https:\/\/agora.xtec.cat\/escolasantasusanna\/wp-content\/uploads\/usu58\/2026\/03\/WhatsApp-Image-2026-02-27-at-16.27.46-300x300.jpeg 300w, https:\/\/agora.xtec.cat\/escolasantasusanna\/wp-content\/uploads\/usu58\/2026\/03\/WhatsApp-Image-2026-02-27-at-16.27.46-1024x1024.jpeg 1024w, https:\/\/agora.xtec.cat\/escolasantasusanna\/wp-content\/uploads\/usu58\/2026\/03\/WhatsApp-Image-2026-02-27-at-16.27.46-150x150.jpeg 150w, https:\/\/agora.xtec.cat\/escolasantasusanna\/wp-content\/uploads\/usu58\/2026\/03\/WhatsApp-Image-2026-02-27-at-16.27.46-768x768.jpeg 768w, https:\/\/agora.xtec.cat\/escolasantasusanna\/wp-content\/uploads\/usu58\/2026\/03\/WhatsApp-Image-2026-02-27-at-16.27.46-1536x1536.jpeg 1536w\" sizes=\"auto, (max-width: 1080px) 100vw, 1080px\" \/><\/p>\n","protected":false},"excerpt":{"rendered":"<p>A l\u2019escola, els aniversaris s\u00f3n un moment molt especial. A infantil celebrem les voltes al sol, un ritual ple de significat que ens ajuda a prendre consci\u00e8ncia del pas del temps i del creixement de cada infant. Any rere any, caminem al voltant del sol&hellip;  <a href=\"https:\/\/agora.xtec.cat\/escolasantasusanna\/general\/aniversaris-a-lescola\/\" title=\"Read ANIVERSARIS A L&#8217;ESCOLA\">Llegeix m\u00e9s\u00bb<\/a><\/p>\n","protected":false},"author":1,"featured_media":0,"comment_status":"open","ping_status":"open","sticky":false,"template":"","format":"standard","meta":{"_bbp_topic_count":0,"_bbp_reply_count":0,"_bbp_total_topic_count":0,"_bbp_total_reply_count":0,"_bbp_voice_count":0,"_bbp_anonymous_reply_count":0,"_bbp_topic_count_hidden":0,"_bbp_reply_count_hidden":0,"_bbp_forum_subforum_count":0,"footnotes":""},"categories":[264,2,1,4],"tags":[],"class_list":["post-7789","post","type-post","status-publish","format-standard","hentry","category-curs-25-26-general","category-infantil","category-general","category-portada"],"post_mailing_queue_ids":[],"_links":{"self":[{"href":"https:\/\/agora.xtec.cat\/escolasantasusanna\/wp-json\/wp\/v2\/posts\/7789","targetHints":{"allow":["GET"]}}],"collection":[{"href":"https:\/\/agora.xtec.cat\/escolasantasusanna\/wp-json\/wp\/v2\/posts"}],"about":[{"href":"https:\/\/agora.xtec.cat\/escolasantasusanna\/wp-json\/wp\/v2\/types\/post"}],"author":[{"embeddable":true,"href":"https:\/\/agora.xtec.cat\/escolasantasusanna\/wp-json\/wp\/v2\/users\/1"}],"replies":[{"embeddable":true,"href":"https:\/\/agora.xtec.cat\/escolasantasusanna\/wp-json\/wp\/v2\/comments?post=7789"}],"version-history":[{"count":1,"href":"https:\/\/agora.xtec.cat\/escolasantasusanna\/wp-json\/wp\/v2\/posts\/7789\/revisions"}],"predecessor-version":[{"id":7791,"href":"https:\/\/agora.xtec.cat\/escolasantasusanna\/wp-json\/wp\/v2\/posts\/7789\/revisions\/7791"}],"wp:attachment":[{"href":"https:\/\/agora.xtec.cat\/escolasantasusanna\/wp-json\/wp\/v2\/media?parent=7789"}],"wp:term":[{"taxonomy":"category","embeddable":true,"href":"https:\/\/agora.xtec.cat\/escolasantasusanna\/wp-json\/wp\/v2\/categories?post=7789"},{"taxonomy":"post_tag","embeddable":true,"href":"https:\/\/agora.xtec.cat\/escolasantasusanna\/wp-json\/wp\/v2\/tags?post=7789"}],"curies":[{"name":"wp","href":"https:\/\/api.w.org\/{rel}","templated":true}]}}