{"id":7730,"date":"2026-01-28T16:49:19","date_gmt":"2026-01-28T15:49:19","guid":{"rendered":"https:\/\/agora.xtec.cat\/escolasantasusanna\/?p=7730"},"modified":"2026-01-28T16:49:19","modified_gmt":"2026-01-28T15:49:19","slug":"club-de-lectura-amb-joan-de-boer","status":"publish","type":"post","link":"https:\/\/agora.xtec.cat\/escolasantasusanna\/general\/club-de-lectura-amb-joan-de-boer\/","title":{"rendered":"Club de lectura amb JOAN DE BOER"},"content":{"rendered":"<div>Aquest mat\u00ed l&#8217;alumnat de 4t ha fet una activitat a la biblioteca del poble on en Joan de Boer ens ha fet una dinamitzaci\u00f3 molt divertida sobre el llibre que hav\u00edem treballat: &#8220;L&#8217;illa de la Paidon\u00e8sia&#8221;.<\/div>\n<div dir=\"auto\">Molt\u00edssimes gr\u00e0cies @bibvallalfata per organitzar aquesta activitat!<\/div>\n<div dir=\"auto\"><\/div>\n<div dir=\"auto\">Llegir \u00e9s divertit! #plamib #bescat<img loading=\"lazy\" decoding=\"async\" class=\"aligncenter  wp-image-7731\" src=\"https:\/\/agora.xtec.cat\/escolasantasusanna\/wp-content\/uploads\/usu58\/2026\/01\/1000334965.jpg\" alt=\"\" width=\"565\" height=\"565\" srcset=\"https:\/\/agora.xtec.cat\/escolasantasusanna\/wp-content\/uploads\/usu58\/2026\/01\/1000334965.jpg 719w, https:\/\/agora.xtec.cat\/escolasantasusanna\/wp-content\/uploads\/usu58\/2026\/01\/1000334965-300x300.jpg 300w, https:\/\/agora.xtec.cat\/escolasantasusanna\/wp-content\/uploads\/usu58\/2026\/01\/1000334965-150x150.jpg 150w\" sizes=\"auto, (max-width: 565px) 100vw, 565px\" \/><\/div>\n","protected":false},"excerpt":{"rendered":"<p>Aquest mat\u00ed l&#8217;alumnat de 4t ha fet una activitat a la biblioteca del poble on en Joan de Boer ens ha fet una dinamitzaci\u00f3 molt divertida sobre el llibre que hav\u00edem treballat: &#8220;L&#8217;illa de la Paidon\u00e8sia&#8221;.<br \/>\nMolt\u00edssimes gr\u00e0cies @bibvallalfata per organitzar aquesta activitat!<\/p>\n<p>Llegir \u00e9s divertit! #plamib&hellip;  <a href=\"https:\/\/agora.xtec.cat\/escolasantasusanna\/general\/club-de-lectura-amb-joan-de-boer\/\" title=\"Read Club de lectura amb JOAN DE BOER\">Llegeix m\u00e9s\u00bb<\/a><\/p>\n","protected":false},"author":1,"featured_media":0,"comment_status":"open","ping_status":"open","sticky":false,"template":"","format":"standard","meta":{"_bbp_topic_count":0,"_bbp_reply_count":0,"_bbp_total_topic_count":0,"_bbp_total_reply_count":0,"_bbp_voice_count":0,"_bbp_anonymous_reply_count":0,"_bbp_topic_count_hidden":0,"_bbp_reply_count_hidden":0,"_bbp_forum_subforum_count":0,"footnotes":""},"categories":[85,59,1,61,4],"tags":[],"class_list":["post-7730","post","type-post","status-publish","format-standard","hentry","category-cicle-mitja","category-biblioteca-escolar","category-general","category-pla-de-millora-de-les-biblioteques-escolars-de-catalunya","category-portada"],"post_mailing_queue_ids":[],"_links":{"self":[{"href":"https:\/\/agora.xtec.cat\/escolasantasusanna\/wp-json\/wp\/v2\/posts\/7730","targetHints":{"allow":["GET"]}}],"collection":[{"href":"https:\/\/agora.xtec.cat\/escolasantasusanna\/wp-json\/wp\/v2\/posts"}],"about":[{"href":"https:\/\/agora.xtec.cat\/escolasantasusanna\/wp-json\/wp\/v2\/types\/post"}],"author":[{"embeddable":true,"href":"https:\/\/agora.xtec.cat\/escolasantasusanna\/wp-json\/wp\/v2\/users\/1"}],"replies":[{"embeddable":true,"href":"https:\/\/agora.xtec.cat\/escolasantasusanna\/wp-json\/wp\/v2\/comments?post=7730"}],"version-history":[{"count":1,"href":"https:\/\/agora.xtec.cat\/escolasantasusanna\/wp-json\/wp\/v2\/posts\/7730\/revisions"}],"predecessor-version":[{"id":7732,"href":"https:\/\/agora.xtec.cat\/escolasantasusanna\/wp-json\/wp\/v2\/posts\/7730\/revisions\/7732"}],"wp:attachment":[{"href":"https:\/\/agora.xtec.cat\/escolasantasusanna\/wp-json\/wp\/v2\/media?parent=7730"}],"wp:term":[{"taxonomy":"category","embeddable":true,"href":"https:\/\/agora.xtec.cat\/escolasantasusanna\/wp-json\/wp\/v2\/categories?post=7730"},{"taxonomy":"post_tag","embeddable":true,"href":"https:\/\/agora.xtec.cat\/escolasantasusanna\/wp-json\/wp\/v2\/tags?post=7730"}],"curies":[{"name":"wp","href":"https:\/\/api.w.org\/{rel}","templated":true}]}}