{"id":7099,"date":"2024-04-19T12:10:39","date_gmt":"2024-04-19T10:10:39","guid":{"rendered":"https:\/\/agora.xtec.cat\/escolasantasusanna\/?p=7099"},"modified":"2025-02-20T16:15:05","modified_gmt":"2025-02-20T15:15:05","slug":"activitat-pa-pe-pi-po-emes-lletres-a-les-aules","status":"publish","type":"post","link":"https:\/\/agora.xtec.cat\/escolasantasusanna\/general\/activitat-pa-pe-pi-po-emes-lletres-a-les-aules\/","title":{"rendered":"Activitat PA, PE, PI, PO, EMES!!! LLETRES A LES AULES"},"content":{"rendered":"<p>Lletres a les Aules \u00e9s un programa de la ILC i el Departament d&#8217;Educaci\u00f3 per al foment de la lectura, promoci\u00f3 i difusi\u00f3 de la literatura que permet apropar l\u2019alumnat al fet literari, millorar la comprensi\u00f3 lectora com a eina fonamental per accedir al coneixement, estimular i potenciar l\u2019habilitat lectora i el coneixement de la llengua.<\/p>\n<p>D&#8217;aquest programa ens hem pogut beneficiar de manera gratu\u00efta a l&#8217;escola amb la visita de la Meitxell Yanes que ens ha omplert de poesia les aules d&#8217;EI3 i EI4.<\/p>\n<p><img loading=\"lazy\" decoding=\"async\" class=\"aligncenter wp-image-7101\" src=\"https:\/\/agora.xtec.cat\/escolasantasusanna\/wp-content\/uploads\/usu58\/2024\/04\/PA-PE-PIPO-EMES.png\" alt=\"\" width=\"344\" height=\"350\" srcset=\"https:\/\/agora.xtec.cat\/escolasantasusanna\/wp-content\/uploads\/usu58\/2024\/04\/PA-PE-PIPO-EMES.png 598w, https:\/\/agora.xtec.cat\/escolasantasusanna\/wp-content\/uploads\/usu58\/2024\/04\/PA-PE-PIPO-EMES-295x300.png 295w\" sizes=\"auto, (max-width: 344px) 100vw, 344px\" \/><\/p>\n","protected":false},"excerpt":{"rendered":"<p>Lletres a les Aules \u00e9s un programa de la ILC i el Departament d&#8217;Educaci\u00f3 per al foment de la lectura, promoci\u00f3 i difusi\u00f3 de la literatura que permet apropar l\u2019alumnat al fet literari, millorar la comprensi\u00f3 lectora com a eina fonamental per accedir al coneixement,&hellip;  <a href=\"https:\/\/agora.xtec.cat\/escolasantasusanna\/general\/activitat-pa-pe-pi-po-emes-lletres-a-les-aules\/\" title=\"Read Activitat PA, PE, PI, PO, EMES!!! LLETRES A LES AULES\">Llegeix m\u00e9s\u00bb<\/a><\/p>\n","protected":false},"author":1,"featured_media":0,"comment_status":"open","ping_status":"closed","sticky":false,"template":"","format":"standard","meta":{"_bbp_topic_count":0,"_bbp_reply_count":0,"_bbp_total_topic_count":0,"_bbp_total_reply_count":0,"_bbp_voice_count":0,"_bbp_anonymous_reply_count":0,"_bbp_topic_count_hidden":0,"_bbp_reply_count_hidden":0,"_bbp_forum_subforum_count":0,"footnotes":""},"categories":[59,1,61,65],"tags":[],"class_list":["post-7099","post","type-post","status-publish","format-standard","hentry","category-biblioteca-escolar","category-general","category-pla-de-millora-de-les-biblioteques-escolars-de-catalunya","category-sant-jordi"],"post_mailing_queue_ids":[],"_links":{"self":[{"href":"https:\/\/agora.xtec.cat\/escolasantasusanna\/wp-json\/wp\/v2\/posts\/7099","targetHints":{"allow":["GET"]}}],"collection":[{"href":"https:\/\/agora.xtec.cat\/escolasantasusanna\/wp-json\/wp\/v2\/posts"}],"about":[{"href":"https:\/\/agora.xtec.cat\/escolasantasusanna\/wp-json\/wp\/v2\/types\/post"}],"author":[{"embeddable":true,"href":"https:\/\/agora.xtec.cat\/escolasantasusanna\/wp-json\/wp\/v2\/users\/1"}],"replies":[{"embeddable":true,"href":"https:\/\/agora.xtec.cat\/escolasantasusanna\/wp-json\/wp\/v2\/comments?post=7099"}],"version-history":[{"count":1,"href":"https:\/\/agora.xtec.cat\/escolasantasusanna\/wp-json\/wp\/v2\/posts\/7099\/revisions"}],"predecessor-version":[{"id":7102,"href":"https:\/\/agora.xtec.cat\/escolasantasusanna\/wp-json\/wp\/v2\/posts\/7099\/revisions\/7102"}],"wp:attachment":[{"href":"https:\/\/agora.xtec.cat\/escolasantasusanna\/wp-json\/wp\/v2\/media?parent=7099"}],"wp:term":[{"taxonomy":"category","embeddable":true,"href":"https:\/\/agora.xtec.cat\/escolasantasusanna\/wp-json\/wp\/v2\/categories?post=7099"},{"taxonomy":"post_tag","embeddable":true,"href":"https:\/\/agora.xtec.cat\/escolasantasusanna\/wp-json\/wp\/v2\/tags?post=7099"}],"curies":[{"name":"wp","href":"https:\/\/api.w.org\/{rel}","templated":true}]}}