{"id":2659,"date":"2025-12-09T17:00:52","date_gmt":"2025-12-09T16:00:52","guid":{"rendered":"https:\/\/agora.xtec.cat\/escolasantamariacervello\/?p=2659"},"modified":"2026-01-25T22:38:19","modified_gmt":"2026-01-25T21:38:19","slug":"constituit-el-nou-consell-dinfants-del-municipi","status":"publish","type":"post","link":"https:\/\/agora.xtec.cat\/escolasantamariacervello\/actualitat\/constituit-el-nou-consell-dinfants-del-municipi\/","title":{"rendered":"Constitu\u00eft el nou Consell d\u2019Infants del municipi"},"content":{"rendered":"<p style=\"text-align: justify;\" data-start=\"489\" data-end=\"695\">Aquest curs s\u2019ha constitu\u00eft el <strong data-start=\"520\" data-end=\"557\">nou Consell d\u2019Infants de Cervell\u00f3<\/strong>, un espai de participaci\u00f3 infantil que dona veu als nens i nenes del municipi i fomenta la seva implicaci\u00f3 activa en la vida col\u00b7lectiva.<\/p>\n<p style=\"text-align: justify;\" data-start=\"697\" data-end=\"1034\">L\u2019acte de constituci\u00f3 va tenir lloc a la <strong data-start=\"738\" data-end=\"783\">Sala de Plens de l\u2019Ajuntament de Cervell\u00f3<\/strong>, en un acte p\u00fablic presidit per l\u2019alcaldessa, <strong data-start=\"830\" data-end=\"846\">Montse Canas<\/strong>. Els nous consellers i conselleres han estat escollits mitjan\u00e7ant votacions realitzades als dos centres de prim\u00e0ria del municipi: l\u2019<strong data-start=\"979\" data-end=\"994\">Escola Nova<\/strong> i l\u2019<strong data-start=\"999\" data-end=\"1033\">Escola Santa Maria de Cervell\u00f3<\/strong>.<\/p>\n<p style=\"text-align: justify;\" data-start=\"1036\" data-end=\"1475\">En el cas del nostre centre, l\u2019alumnat de <strong data-start=\"1078\" data-end=\"1101\">5\u00e8 i 6\u00e8 de prim\u00e0ria<\/strong> ha participat activament en el proc\u00e9s d\u2019elecci\u00f3. Els alumnes i alumnes de 6\u00e8 curs han renovat el c\u00e0rrec, mentre que els de 5\u00e8 s\u2019hi han incorporat enguany. De cada escola s\u2019escullen <strong data-start=\"1283\" data-end=\"1305\">vuit representants<\/strong>, quatre de 5\u00e8 i quatre de 6\u00e8, garantint la <strong data-start=\"1349\" data-end=\"1370\">paritat de g\u00e8nere<\/strong>. Cada alumne va votar un company i una companya, i van resultar escollits els m\u00e9s votats de cada g\u00e8nere.<\/p>\n<p data-start=\"1477\" data-end=\"1719\">Durant el proc\u00e9s, els candidats i candidates van realitzar una <strong data-start=\"1540\" data-end=\"1567\">campanya de presentaci\u00f3<\/strong>, en qu\u00e8 van explicar les millores que proposen per al municipi i les seves qualitats per representar els seus companys i companyes davant l\u2019Ajuntament.<\/p>\n<p data-start=\"1721\" data-end=\"2083\">El <strong data-start=\"1724\" data-end=\"1745\">Consell d\u2019Infants<\/strong>, creat l\u2019any 2018, \u00e9s un \u00f2rgan de participaci\u00f3 format per nens i nenes d\u2019entre <strong data-start=\"1825\" data-end=\"1841\">10 i 13 anys<\/strong>, que promou el dret dels infants a <strong data-start=\"1877\" data-end=\"1949\">expressar la seva opini\u00f3, debatre, prendre decisions i fer propostes<\/strong> per millorar el poble. Aquesta iniciativa s\u2019emmarca en la <strong data-start=\"2008\" data-end=\"2050\">Convenci\u00f3 sobre els Drets dels Infants<\/strong> aprovada per les Nacions Unides.<\/p>\n<p data-start=\"2085\" data-end=\"2384\">Al llarg del curs, el Consell es reuneix peri\u00f2dicament amb el t\u00e8cnic d\u2019educaci\u00f3 municipal per treballar diferents temes i recollir propostes dels companys i companyes. Les conclusions d\u2019aquest treball es presenten en <strong data-start=\"2302\" data-end=\"2342\">plenaris municipals oberts al p\u00fablic<\/strong>, que se celebren fora de l\u2019horari lectiu.<\/p>\n<p data-start=\"2386\" data-end=\"2584\">Des de l\u2019<strong data-start=\"2395\" data-end=\"2429\">Escola Santa Maria de Cervell\u00f3<\/strong>, valorem molt positivament aquesta experi\u00e8ncia, que fomenta la <strong data-start=\"2493\" data-end=\"2564\">participaci\u00f3, el comprom\u00eds c\u00edvic i l\u2019educaci\u00f3 en valors democr\u00e0tics<\/strong> del nostre alumnat.<\/p>\n<p><a href=\"https:\/\/www.cervello.cat\/media\/repository\/noticies\/2025\/EDUCACIo\/20251204__Consell_infants.png\" target=\"_blank\" rel=\"noopener\">https:\/\/www.cervello.cat\/media\/repository\/noticies\/2025\/EDUCACIo\/20251204__Consell_infants.png<\/a><\/p>\n","protected":false},"excerpt":{"rendered":"<p>L\u2019alumnat de 5\u00e8 i 6\u00e8 de l\u2019Escola Santa Maria de Cervell\u00f3 participa activament en la constituci\u00f3 del nou Consell d\u2019Infants del municipi, un espai que fomenta la participaci\u00f3, el comprom\u00eds c\u00edvic i l\u2019educaci\u00f3 en valors democr\u00e0tics.<\/p>\n","protected":false},"author":63,"featured_media":2916,"comment_status":"open","ping_status":"open","sticky":false,"template":"","format":"standard","meta":{"_bbp_topic_count":0,"_bbp_reply_count":0,"_bbp_total_topic_count":0,"_bbp_total_reply_count":0,"_bbp_voice_count":0,"_bbp_anonymous_reply_count":0,"_bbp_topic_count_hidden":0,"_bbp_reply_count_hidden":0,"_bbp_forum_subforum_count":0,"site-sidebar-layout":"default","site-content-layout":"","ast-site-content-layout":"default","site-content-style":"default","site-sidebar-style":"default","ast-global-header-display":"","ast-banner-title-visibility":"","ast-main-header-display":"","ast-hfb-above-header-display":"","ast-hfb-below-header-display":"","ast-hfb-mobile-header-display":"","site-post-title":"","ast-breadcrumbs-content":"","ast-featured-img":"","footer-sml-layout":"","theme-transparent-header-meta":"default","adv-header-id-meta":"","stick-header-meta":"","header-above-stick-meta":"","header-main-stick-meta":"","header-below-stick-meta":"","astra-migrate-meta-layouts":"set","ast-page-background-enabled":"default","ast-page-background-meta":{"desktop":{"background-color":"var(--ast-global-color-4)","background-image":"","background-repeat":"repeat","background-position":"center center","background-size":"auto","background-attachment":"scroll","background-type":"","background-media":"","overlay-type":"","overlay-color":"","overlay-opacity":"","overlay-gradient":""},"tablet":{"background-color":"","background-image":"","background-repeat":"repeat","background-position":"center center","background-size":"auto","background-attachment":"scroll","background-type":"","background-media":"","overlay-type":"","overlay-color":"","overlay-opacity":"","overlay-gradient":""},"mobile":{"background-color":"","background-image":"","background-repeat":"repeat","background-position":"center center","background-size":"auto","background-attachment":"scroll","background-type":"","background-media":"","overlay-type":"","overlay-color":"","overlay-opacity":"","overlay-gradient":""}},"ast-content-background-meta":{"desktop":{"background-color":"var(--ast-global-color-5)","background-image":"","background-repeat":"repeat","background-position":"center center","background-size":"auto","background-attachment":"scroll","background-type":"","background-media":"","overlay-type":"","overlay-color":"","overlay-opacity":"","overlay-gradient":""},"tablet":{"background-color":"var(--ast-global-color-5)","background-image":"","background-repeat":"repeat","background-position":"center center","background-size":"auto","background-attachment":"scroll","background-type":"","background-media":"","overlay-type":"","overlay-color":"","overlay-opacity":"","overlay-gradient":""},"mobile":{"background-color":"var(--ast-global-color-5)","background-image":"","background-repeat":"repeat","background-position":"center center","background-size":"auto","background-attachment":"scroll","background-type":"","background-media":"","overlay-type":"","overlay-color":"","overlay-opacity":"","overlay-gradient":""}},"footnotes":""},"categories":[1],"tags":[223,224,213,141],"class_list":["post-2659","post","type-post","status-publish","format-standard","has-post-thumbnail","hentry","category-actualitat","tag-consell-descola","tag-consell-dinfants","tag-escola-santa-maria-de-cervello","tag-primaria"],"post_mailing_queue_ids":[],"_links":{"self":[{"href":"https:\/\/agora.xtec.cat\/escolasantamariacervello\/wp-json\/wp\/v2\/posts\/2659","targetHints":{"allow":["GET"]}}],"collection":[{"href":"https:\/\/agora.xtec.cat\/escolasantamariacervello\/wp-json\/wp\/v2\/posts"}],"about":[{"href":"https:\/\/agora.xtec.cat\/escolasantamariacervello\/wp-json\/wp\/v2\/types\/post"}],"author":[{"embeddable":true,"href":"https:\/\/agora.xtec.cat\/escolasantamariacervello\/wp-json\/wp\/v2\/users\/63"}],"replies":[{"embeddable":true,"href":"https:\/\/agora.xtec.cat\/escolasantamariacervello\/wp-json\/wp\/v2\/comments?post=2659"}],"version-history":[{"count":6,"href":"https:\/\/agora.xtec.cat\/escolasantamariacervello\/wp-json\/wp\/v2\/posts\/2659\/revisions"}],"predecessor-version":[{"id":2702,"href":"https:\/\/agora.xtec.cat\/escolasantamariacervello\/wp-json\/wp\/v2\/posts\/2659\/revisions\/2702"}],"wp:featuredmedia":[{"embeddable":true,"href":"https:\/\/agora.xtec.cat\/escolasantamariacervello\/wp-json\/wp\/v2\/media\/2916"}],"wp:attachment":[{"href":"https:\/\/agora.xtec.cat\/escolasantamariacervello\/wp-json\/wp\/v2\/media?parent=2659"}],"wp:term":[{"taxonomy":"category","embeddable":true,"href":"https:\/\/agora.xtec.cat\/escolasantamariacervello\/wp-json\/wp\/v2\/categories?post=2659"},{"taxonomy":"post_tag","embeddable":true,"href":"https:\/\/agora.xtec.cat\/escolasantamariacervello\/wp-json\/wp\/v2\/tags?post=2659"}],"curies":[{"name":"wp","href":"https:\/\/api.w.org\/{rel}","templated":true}]}}