{"id":2584,"date":"2025-07-25T17:51:03","date_gmt":"2025-07-25T15:51:03","guid":{"rendered":"https:\/\/agora.xtec.cat\/escolasantamariacervello\/?p=2584"},"modified":"2026-01-25T22:42:23","modified_gmt":"2026-01-25T21:42:23","slug":"elcontedelanostraescola","status":"publish","type":"post","link":"https:\/\/agora.xtec.cat\/escolasantamariacervello\/actualitat\/elcontedelanostraescola\/","title":{"rendered":"Un viatge de 50 anys: la hist\u00f2ria de la nostra escola!"},"content":{"rendered":"<p><a href=\"https:\/\/agora.xtec.cat\/escolasantamariacervello\/wp-content\/uploads\/usu1763\/2025\/07\/PAG-71-escola-s-Maria-J-Jane.jpg\"><img loading=\"lazy\" decoding=\"async\" class=\"wp-image-2585 aligncenter\" src=\"https:\/\/agora.xtec.cat\/escolasantamariacervello\/wp-content\/uploads\/usu1763\/2025\/07\/PAG-71-escola-s-Maria-J-Jane-1024x707.jpg\" alt=\"\" width=\"378\" height=\"261\" srcset=\"https:\/\/agora.xtec.cat\/escolasantamariacervello\/wp-content\/uploads\/usu1763\/2025\/07\/PAG-71-escola-s-Maria-J-Jane-1024x707.jpg 1024w, https:\/\/agora.xtec.cat\/escolasantamariacervello\/wp-content\/uploads\/usu1763\/2025\/07\/PAG-71-escola-s-Maria-J-Jane-300x207.jpg 300w, https:\/\/agora.xtec.cat\/escolasantamariacervello\/wp-content\/uploads\/usu1763\/2025\/07\/PAG-71-escola-s-Maria-J-Jane-768x531.jpg 768w, https:\/\/agora.xtec.cat\/escolasantamariacervello\/wp-content\/uploads\/usu1763\/2025\/07\/PAG-71-escola-s-Maria-J-Jane-1536x1061.jpg 1536w, https:\/\/agora.xtec.cat\/escolasantamariacervello\/wp-content\/uploads\/usu1763\/2025\/07\/PAG-71-escola-s-Maria-J-Jane.jpg 1646w\" sizes=\"auto, (max-width: 378px) 100vw, 378px\" \/><\/a><\/p>\n<p style=\"text-align: center;\" data-pm-slice=\"1 1 []\">Hi havia una vegada, en un petit poble anomenat Cervell\u00f3, l&#8217;any 1972, una pla\u00e7a anomenada del mestre que va rebre els primers alumnes acollits del parvulari, i prop de la vora del riu van al\u00e7ar-se vuit aules noves: l\u2019embri\u00f3 d&#8217;una escola, la nostra escola, l\u2019Escola Santa Maria de Cervell\u00f3. Per\u00f2 el conte no havia fet m\u00e9s que comen\u00e7ar, despr\u00e9s de molts anys de lluita per aconseguir una nova escola per al poble, el curs 1974-75, es va celebrar la inauguraci\u00f3. Els infants, amb motxilles i somriures, creuaven cada dia una estreta passarel\u00b7la per sobre del riu. Aquells passos tremolosos foren el\u00a0 pre\u00e0mbul de llibertat, fins que el president Tarradellas, l\u2019any 1980, ens regal\u00e0 un pont ferm per unir poble, escola i natura.<\/p>\n<p style=\"text-align: center;\">Una colla de mestres valentes \u2014Carme Arto, Rosa Canyelles, Adela Cardona, Montserrat Carn\u00e9, Jose Garc\u00eda, Joana Giralt, Montserrat Llop, Maria Mart\u00ednez, Manuel Montfort, Josep Maria Moix\u00ed, Esther Pareto i Miguel S\u00e1nchez\u2014 qui, dia rere dia, regaven amb la seva empenta aquelles arrels d\u2019aprenentatge i en catal\u00e0! Gr\u00e0cies a elles, vam ser de les <strong>primeres escoles de Catalunya en poder oferir el catal\u00e0<\/strong> com a llengua d&#8217;aprenentatge.<\/p>\n<p style=\"text-align: center;\">Anys m\u00e9s tard, gr\u00e0cies a la saviesa de Roser Ti\u00f1ena i altres mestres com la l\u2019Esther, la C\u00e8lia, la Gisela, la Maria, la Marga, la Huerti, la Laura i m\u00e9s tard el Sergi o el Germ\u00e0 es va produir La revoluci\u00f3 de la mirada pedag\u00f2gica, l\u2019escola esdevingu\u00e9 <strong>innovadora<\/strong>: fent projectes a infantil, racons d\u2019aprenentatge i tallers a cicle mitj\u00e0, on cada alumne triava el seu tema i en feia un relat. Les excursions al Mas Pitarra, a l\u2019esgl\u00e9sia de Santa Maria, a la riera i a la f\u00e0brica de vidre <strong>transformaven l\u2019entorn en un gran escenari d\u2019aprenentatges<\/strong>. Les primeres col\u00f2nies, al Montseny, foren un repte d\u2019autonomia, amb tendes, menjar improvisat i rialles al voltant de la foguera. I l\u2019\u201cEscola de pares\u201d obr\u00ed un pont entre mestres i fam\u00edlies que seria l&#8217;<strong>inici de la xarxa educativa actual.<\/strong><\/p>\n<p style=\"text-align: center;\">Fins i tot teniem una revista escolar! Abans anomenada: La veu escolar, l\u2019&#8221;Onada&#8221; va agafar embranzida i ress\u00f2 medi\u00e0tic al diari AVUI i a Catalunya R\u00e0dio.<\/p>\n<p style=\"text-align: center;\">Als anys 90, va arribar la Montse Molas i tal com ella mateixa relata: amb l\u2019equip de mestres van fer un passeig per l\u2019Escola Santa Maria, van aturar-se a prendre un caf\u00e8 al Can Xinxuleta, comprar diaris a ca la Lola i van passar per l\u2019Escola \u00c8nnec Bonfill. Tamb\u00e9 va arribar \u00a0&#8220;La Gisela&#8221;, la primera mestra de m\u00fasica del Santa Maria que va fer sentir als infants noves melodies, mentre el primer ordinador entrava a l\u2019aula obrint finestres cap al futur.<\/p>\n<p style=\"text-align: center;\">L\u2019any 1994 un fet ins\u00f2lit va oc\u00f3rrer; la integraci\u00f3 de l\u2019Escola \u00c8nnec Bonfill a l\u2019escola Santa Maria de Cervell\u00f3. Per si alg\u00fa dels aqu\u00ed presents no ho sap, l\u2019Escola \u00c8nnec Bonfill era una cooperativa de mares i pares creada l\u2019any 1980 que va haver de desapar\u00e8ixer per poder crear la nostra Variant.<\/p>\n<p style=\"text-align: center;\">Va ser un moment de canvis i de sembrar llavors. Dues maneres de fer i d\u2019entendre escola aprenien a conviure. Gr\u00e0cies a la Carme Mauri sabem que els mestres <strong>van aprendre a canviar per millorar i a donar per rebre.<\/strong> Gr\u00e0cies a tot aquest esfor\u00e7, la transici\u00f3 es va viure de manera molt positiva. Tal i com tamb\u00e9 ens han compartit 2 exalumnes de l\u2019\u00c8nnec -el Pere i la Berta-: \u201c<em>Recordem que al comen\u00e7ar 3r, ens van repartir en dues classes, amb els alumnes barrejats de les dues escoles. Va haver-hi una petita transici\u00f3 a la que ens vam adaptar de seguida, vam passar del nostre camp de terra roja improvisat sobre la riera a una pista poliesportiva reglament\u00e0ria. Sempre ens vam sentir molt acollits i de seguida, el Santa Maria, va passar a ser casa nostra\u2026 i la veritat \u00e9s que pensem que l&#8217;ess\u00e8ncia de l&#8217;\u00c8nnec Bonfill no es va perdre mai, va continuar en nosaltres durant anys\u2026<\/em>\u201d.<\/p>\n<p style=\"text-align: center;\">L\u2019escola es va convertir en mirall actiu de la riquesa cultural del pa\u00eds: el Mil\u00b7lenari de Cervell\u00f3, els Jocs Ol\u00edmpics, Gaud\u00ed, el Modernisme. Amb el nou edifici d&#8217;infantil al 2006, el centre va anar creixent i es va anar adaptant a la societat i a la necessitat de ser una escola inclusiva.\u00a0 Desde fa uns anys \u00e9s una <strong>Escola verda<\/strong> que aposta per <strong>projectes de salut i sostenibilitat.\u00a0<\/strong><\/p>\n<p style=\"text-align: center;\">I avui, ja han passat 50 anys. Cada rac\u00f3 d\u2019aquesta escola explica una hist\u00f2ria, un conte del passat i del present escrit amb milers de mans. Ara, si passeu per davant, encara podreu observar aquell hort que va plantar en Joanjo i que encara avui, any rere any, continua donant fruits.<\/p>\n<p style=\"text-align: center;\">Els mestres i les mestres \u2014aquells \u00e9ssers valents que sobreviuen a excursions amb cinquanta nens, que han apr\u00e8s a detectar un &#8220;no he fet els deures&#8221; des de 20 metres\u2014 han estat sempre el cor d\u2019aquesta escola. Uns han marxat, d\u2019altres han arribat, per\u00f2 tots i totes han deixat una petita llavor dins les aules.<\/p>\n<p style=\"text-align: center;\">I, com totes les bones hist\u00f2ries, l\u2019escola ha anat canviant. Ha canviat de vestit (amb obres i reformes), ha apr\u00e8s a parlar amb ordinadors, ha vist com arribaven fam\u00edlies de tot arreu del m\u00f3n, i s\u2019ha adaptat sense perdre el m\u00e9s important: el seu <strong>esperit innovador, d\u2019acollida, de comunitat, i de cor obert<\/strong>.<\/p>\n<p style=\"text-align: center;\">Santa Maria de Cervell\u00f3 no \u00e9s nom\u00e9s un edifici. \u00c9s una casa on hi han passat generacions. On un dia un infant apr\u00e8n a llegir la seva primera paraula, i anys m\u00e9s tard aquell infant \u2014ja adult\u2014 acompanya les seg\u00fcents generacions perqu\u00e8 comencin el mateix viatge.<\/p>\n<p style=\"text-align: center;\">I avui, en aquest <strong>preg\u00f3 de festa major<\/strong>, celebrem precisament aix\u00f2. Celebrem que al cor del nostre poble hi batega una escola viva, valenta, innovadora i estimada. Una escola que no nom\u00e9s ensenya matem\u00e0tiques o angl\u00e8s, sin\u00f3 que ensenya a ser bons companys, a compartir l\u2019esmorzar, a aixecar-se despr\u00e9s d\u2019una caiguda i a cantar fort, encara que desafinis una mica.<\/p>\n<p style=\"text-align: center;\">Perqu\u00e8 si hi ha una cosa que Santa Maria de Cervell\u00f3 ha ensenyat a tot el poble, \u00e9s que <strong>educar \u00e9s sembrar futur<\/strong>. I aquest futur ja ha arribat, en forma de mestres, de pares, de mares, d\u2019infants, i de records bonics que es queden per sempre.<\/p>\n<p style=\"text-align: center;\">I aix\u00ed, mentre les festes omplen els carrers, deixem que la nostra escola segueixi explicant la seva hist\u00f2ria\u2026<\/p>\n<p style=\"text-align: center;\">Una hist\u00f2ria que no s\u2019acaba, perqu\u00e8 cada setembre torna a comen\u00e7ar.<\/p>\n<p style=\"text-align: center;\"><strong>I vet aqu\u00ed una mestra, vet aqu\u00ed un infant, aquest conte de poble ja s\u2019est\u00e0 acabant.<br \/>\n<\/strong> <em>(Per\u00f2 l\u2019escola, no.)<\/em><\/p>\n<p>(*) Volem agrair al Grup de Recerca de Cervell\u00f3 el seu suport i la seva inspiraci\u00f3, especialment a trav\u00e9s del llibre <em>Escoles de Cervell\u00f3<\/em>, que ha estat una font de refer\u00e8ncia molt valuosa.<\/p>\n","protected":false},"excerpt":{"rendered":"<p>Hi havia una vegada, en un petit poble anomenat Cervell\u00f3, l&#8217;any 1972, una pla\u00e7a anomenada del mestre que va rebre els primers alumnes acollits del parvulari, i prop de la vora del riu van al\u00e7ar-se vuit aules noves: l\u2019embri\u00f3 d&#8217;una escola, la nostra escola, l\u2019Escola Santa Maria de Cervell\u00f3. Per\u00f2 el conte no havia fet [&hellip;]<\/p>\n","protected":false},"author":64,"featured_media":2927,"comment_status":"open","ping_status":"open","sticky":false,"template":"","format":"standard","meta":{"_bbp_topic_count":0,"_bbp_reply_count":0,"_bbp_total_topic_count":0,"_bbp_total_reply_count":0,"_bbp_voice_count":0,"_bbp_anonymous_reply_count":0,"_bbp_topic_count_hidden":0,"_bbp_reply_count_hidden":0,"_bbp_forum_subforum_count":0,"site-sidebar-layout":"default","site-content-layout":"","ast-site-content-layout":"default","site-content-style":"default","site-sidebar-style":"default","ast-global-header-display":"","ast-banner-title-visibility":"","ast-main-header-display":"","ast-hfb-above-header-display":"","ast-hfb-below-header-display":"","ast-hfb-mobile-header-display":"","site-post-title":"","ast-breadcrumbs-content":"","ast-featured-img":"","footer-sml-layout":"","theme-transparent-header-meta":"","adv-header-id-meta":"","stick-header-meta":"","header-above-stick-meta":"","header-main-stick-meta":"","header-below-stick-meta":"","astra-migrate-meta-layouts":"set","ast-page-background-enabled":"default","ast-page-background-meta":{"desktop":{"background-color":"var(--ast-global-color-4)","background-image":"","background-repeat":"repeat","background-position":"center center","background-size":"auto","background-attachment":"scroll","background-type":"","background-media":"","overlay-type":"","overlay-color":"","overlay-opacity":"","overlay-gradient":""},"tablet":{"background-color":"","background-image":"","background-repeat":"repeat","background-position":"center center","background-size":"auto","background-attachment":"scroll","background-type":"","background-media":"","overlay-type":"","overlay-color":"","overlay-opacity":"","overlay-gradient":""},"mobile":{"background-color":"","background-image":"","background-repeat":"repeat","background-position":"center center","background-size":"auto","background-attachment":"scroll","background-type":"","background-media":"","overlay-type":"","overlay-color":"","overlay-opacity":"","overlay-gradient":""}},"ast-content-background-meta":{"desktop":{"background-color":"var(--ast-global-color-5)","background-image":"","background-repeat":"repeat","background-position":"center center","background-size":"auto","background-attachment":"scroll","background-type":"","background-media":"","overlay-type":"","overlay-color":"","overlay-opacity":"","overlay-gradient":""},"tablet":{"background-color":"var(--ast-global-color-5)","background-image":"","background-repeat":"repeat","background-position":"center center","background-size":"auto","background-attachment":"scroll","background-type":"","background-media":"","overlay-type":"","overlay-color":"","overlay-opacity":"","overlay-gradient":""},"mobile":{"background-color":"var(--ast-global-color-5)","background-image":"","background-repeat":"repeat","background-position":"center center","background-size":"auto","background-attachment":"scroll","background-type":"","background-media":"","overlay-type":"","overlay-color":"","overlay-opacity":"","overlay-gradient":""}},"footnotes":""},"categories":[1],"tags":[232,252,141],"class_list":["post-2584","post","type-post","status-publish","format-standard","has-post-thumbnail","hentry","category-actualitat","tag-afa","tag-infantil","tag-primaria"],"post_mailing_queue_ids":[],"_links":{"self":[{"href":"https:\/\/agora.xtec.cat\/escolasantamariacervello\/wp-json\/wp\/v2\/posts\/2584","targetHints":{"allow":["GET"]}}],"collection":[{"href":"https:\/\/agora.xtec.cat\/escolasantamariacervello\/wp-json\/wp\/v2\/posts"}],"about":[{"href":"https:\/\/agora.xtec.cat\/escolasantamariacervello\/wp-json\/wp\/v2\/types\/post"}],"author":[{"embeddable":true,"href":"https:\/\/agora.xtec.cat\/escolasantamariacervello\/wp-json\/wp\/v2\/users\/64"}],"replies":[{"embeddable":true,"href":"https:\/\/agora.xtec.cat\/escolasantamariacervello\/wp-json\/wp\/v2\/comments?post=2584"}],"version-history":[{"count":4,"href":"https:\/\/agora.xtec.cat\/escolasantamariacervello\/wp-json\/wp\/v2\/posts\/2584\/revisions"}],"predecessor-version":[{"id":2925,"href":"https:\/\/agora.xtec.cat\/escolasantamariacervello\/wp-json\/wp\/v2\/posts\/2584\/revisions\/2925"}],"wp:featuredmedia":[{"embeddable":true,"href":"https:\/\/agora.xtec.cat\/escolasantamariacervello\/wp-json\/wp\/v2\/media\/2927"}],"wp:attachment":[{"href":"https:\/\/agora.xtec.cat\/escolasantamariacervello\/wp-json\/wp\/v2\/media?parent=2584"}],"wp:term":[{"taxonomy":"category","embeddable":true,"href":"https:\/\/agora.xtec.cat\/escolasantamariacervello\/wp-json\/wp\/v2\/categories?post=2584"},{"taxonomy":"post_tag","embeddable":true,"href":"https:\/\/agora.xtec.cat\/escolasantamariacervello\/wp-json\/wp\/v2\/tags?post=2584"}],"curies":[{"name":"wp","href":"https:\/\/api.w.org\/{rel}","templated":true}]}}