{"id":1647,"date":"2025-06-10T21:44:53","date_gmt":"2025-06-10T19:44:53","guid":{"rendered":"http:\/\/agora.xtec.cat\/escolasantamariacervello\/?p=1647"},"modified":"2026-01-25T22:30:09","modified_gmt":"2026-01-25T21:30:09","slug":"renovacio-quota-afa-esmc","status":"publish","type":"post","link":"https:\/\/agora.xtec.cat\/escolasantamariacervello\/actualitat\/renovacio-quota-afa-esmc\/","title":{"rendered":"Renovaci\u00f3 Quota AFA Escola Santa Maria de Cervell\u00f3"},"content":{"rendered":"<p><em><strong>Renovaci\u00f3 Quota AFA curs 2025-2026<\/strong><\/em><\/p>\n<p>Es paga <span style=\"text-decoration: underline;\"><strong>una \u00fanica quota anual per fam\u00edlia<\/strong><\/span> de <strong>30\u20ac<\/strong> indiferent del nombre de fills que tingueu a l&#8217;escola.<\/p>\n<p>\u00c9s molt important fer-se soci:<\/p>\n<ul>\n<li>\u00c9s obligatori per poder participar en les extraescolars i l&#8217;acollida, per a la compra de l&#8217;agenda escolar i acc\u00e9s al banc de llibres (7euros\/anuals).<\/li>\n<li>La quota ajuda a millorar la qualitat dels serveis que oferim als nostres nens i nenes.<\/li>\n<\/ul>\n<p>Us animen a TOTES les fam\u00edlies a formar part de l&#8217;AFA\u00a0 i col\u00b7laborar en les diferents comissions.<\/p>\n<p><strong><em>TOTS SOM AFA TOTS SOM ESCOLA<\/em><\/strong><\/p>\n<p><a href=\"https:\/\/agora.xtec.cat\/escolasantamariacervello\/wp-content\/uploads\/usu1763\/2020\/06\/afa@esmc.cat-1.jpg\"><img loading=\"lazy\" decoding=\"async\" class=\"alignnone size-large wp-image-2524\" src=\"https:\/\/agora.xtec.cat\/escolasantamariacervello\/wp-content\/uploads\/usu1763\/2020\/06\/afa@esmc.cat-1-1024x726.jpg\" alt=\"\" width=\"1024\" height=\"726\" srcset=\"https:\/\/agora.xtec.cat\/escolasantamariacervello\/wp-content\/uploads\/usu1763\/2020\/06\/afa@esmc.cat-1-1024x726.jpg 1024w, https:\/\/agora.xtec.cat\/escolasantamariacervello\/wp-content\/uploads\/usu1763\/2020\/06\/afa@esmc.cat-1-300x213.jpg 300w, https:\/\/agora.xtec.cat\/escolasantamariacervello\/wp-content\/uploads\/usu1763\/2020\/06\/afa@esmc.cat-1-768x545.jpg 768w, https:\/\/agora.xtec.cat\/escolasantamariacervello\/wp-content\/uploads\/usu1763\/2020\/06\/afa@esmc.cat-1-1536x1090.jpg 1536w, https:\/\/agora.xtec.cat\/escolasantamariacervello\/wp-content\/uploads\/usu1763\/2020\/06\/afa@esmc.cat-1.jpg 1748w\" sizes=\"auto, (max-width: 1024px) 100vw, 1024px\" \/><\/a><\/p>\n","protected":false},"excerpt":{"rendered":"<p>Renovaci\u00f3 Quota AFA curs 2025-2026 Es paga una \u00fanica quota anual per fam\u00edlia de 30\u20ac indiferent del nombre de fills que tingueu a l&#8217;escola. \u00c9s molt important fer-se soci: \u00c9s obligatori per poder participar en les extraescolars i l&#8217;acollida, per a la compra de l&#8217;agenda escolar i acc\u00e9s al banc de llibres (7euros\/anuals). La quota [&hellip;]<\/p>\n","protected":false},"author":64,"featured_media":2928,"comment_status":"open","ping_status":"closed","sticky":false,"template":"","format":"standard","meta":{"_bbp_topic_count":0,"_bbp_reply_count":0,"_bbp_total_topic_count":0,"_bbp_total_reply_count":0,"_bbp_voice_count":0,"_bbp_anonymous_reply_count":0,"_bbp_topic_count_hidden":0,"_bbp_reply_count_hidden":0,"_bbp_forum_subforum_count":0,"site-sidebar-layout":"default","site-content-layout":"","ast-site-content-layout":"default","site-content-style":"default","site-sidebar-style":"default","ast-global-header-display":"","ast-banner-title-visibility":"","ast-main-header-display":"","ast-hfb-above-header-display":"","ast-hfb-below-header-display":"","ast-hfb-mobile-header-display":"","site-post-title":"","ast-breadcrumbs-content":"","ast-featured-img":"","footer-sml-layout":"","theme-transparent-header-meta":"","adv-header-id-meta":"","stick-header-meta":"","header-above-stick-meta":"","header-main-stick-meta":"","header-below-stick-meta":"","astra-migrate-meta-layouts":"set","ast-page-background-enabled":"default","ast-page-background-meta":{"desktop":{"background-color":"var(--ast-global-color-4)","background-image":"","background-repeat":"repeat","background-position":"center center","background-size":"auto","background-attachment":"scroll","background-type":"","background-media":"","overlay-type":"","overlay-color":"","overlay-opacity":"","overlay-gradient":""},"tablet":{"background-color":"","background-image":"","background-repeat":"repeat","background-position":"center center","background-size":"auto","background-attachment":"scroll","background-type":"","background-media":"","overlay-type":"","overlay-color":"","overlay-opacity":"","overlay-gradient":""},"mobile":{"background-color":"","background-image":"","background-repeat":"repeat","background-position":"center center","background-size":"auto","background-attachment":"scroll","background-type":"","background-media":"","overlay-type":"","overlay-color":"","overlay-opacity":"","overlay-gradient":""}},"ast-content-background-meta":{"desktop":{"background-color":"var(--ast-global-color-5)","background-image":"","background-repeat":"repeat","background-position":"center center","background-size":"auto","background-attachment":"scroll","background-type":"","background-media":"","overlay-type":"","overlay-color":"","overlay-opacity":"","overlay-gradient":""},"tablet":{"background-color":"var(--ast-global-color-5)","background-image":"","background-repeat":"repeat","background-position":"center center","background-size":"auto","background-attachment":"scroll","background-type":"","background-media":"","overlay-type":"","overlay-color":"","overlay-opacity":"","overlay-gradient":""},"mobile":{"background-color":"var(--ast-global-color-5)","background-image":"","background-repeat":"repeat","background-position":"center center","background-size":"auto","background-attachment":"scroll","background-type":"","background-media":"","overlay-type":"","overlay-color":"","overlay-opacity":"","overlay-gradient":""}},"footnotes":""},"categories":[1],"tags":[232],"class_list":["post-1647","post","type-post","status-publish","format-standard","has-post-thumbnail","hentry","category-actualitat","tag-afa"],"post_mailing_queue_ids":[],"_links":{"self":[{"href":"https:\/\/agora.xtec.cat\/escolasantamariacervello\/wp-json\/wp\/v2\/posts\/1647","targetHints":{"allow":["GET"]}}],"collection":[{"href":"https:\/\/agora.xtec.cat\/escolasantamariacervello\/wp-json\/wp\/v2\/posts"}],"about":[{"href":"https:\/\/agora.xtec.cat\/escolasantamariacervello\/wp-json\/wp\/v2\/types\/post"}],"author":[{"embeddable":true,"href":"https:\/\/agora.xtec.cat\/escolasantamariacervello\/wp-json\/wp\/v2\/users\/64"}],"replies":[{"embeddable":true,"href":"https:\/\/agora.xtec.cat\/escolasantamariacervello\/wp-json\/wp\/v2\/comments?post=1647"}],"version-history":[{"count":6,"href":"https:\/\/agora.xtec.cat\/escolasantamariacervello\/wp-json\/wp\/v2\/posts\/1647\/revisions"}],"predecessor-version":[{"id":2926,"href":"https:\/\/agora.xtec.cat\/escolasantamariacervello\/wp-json\/wp\/v2\/posts\/1647\/revisions\/2926"}],"wp:featuredmedia":[{"embeddable":true,"href":"https:\/\/agora.xtec.cat\/escolasantamariacervello\/wp-json\/wp\/v2\/media\/2928"}],"wp:attachment":[{"href":"https:\/\/agora.xtec.cat\/escolasantamariacervello\/wp-json\/wp\/v2\/media?parent=1647"}],"wp:term":[{"taxonomy":"category","embeddable":true,"href":"https:\/\/agora.xtec.cat\/escolasantamariacervello\/wp-json\/wp\/v2\/categories?post=1647"},{"taxonomy":"post_tag","embeddable":true,"href":"https:\/\/agora.xtec.cat\/escolasantamariacervello\/wp-json\/wp\/v2\/tags?post=1647"}],"curies":[{"name":"wp","href":"https:\/\/api.w.org\/{rel}","templated":true}]}}