{"id":608,"date":"2018-06-15T15:28:51","date_gmt":"2018-06-15T13:28:51","guid":{"rendered":"http:\/\/agora.xtec.cat\/escolasantaagnes\/?p=608"},"modified":"2018-06-15T15:32:37","modified_gmt":"2018-06-15T13:32:37","slug":"graduacio-de-6e-promocio-2010-2018","status":"publish","type":"post","link":"https:\/\/agora.xtec.cat\/escolasantaagnes\/general\/graduacio-de-6e-promocio-2010-2018\/","title":{"rendered":"Graduaci\u00f3 de 6\u00e8 &#8220;Promoci\u00f3 2010-2018&#8221;"},"content":{"rendered":"<p>Avui ha estat un dia especial. Els alumnes de 6\u00e8 es graduen. Des de l&#8217;escola hem organitzat l&#8217;acte de graduaci\u00f3. Un acte solemne i molt emotiu. Per\u00f2 tamb\u00e9 us diem ad\u00e8u amb molta il\u00b7lusi\u00f3 per tenir la sort de veure com heu crescut.<\/p>\n<p>Us desitgem tingueu molta sort en aquesta nova etapa que inicieu.<\/p>\n<p><a href=\"http:\/\/agora.xtec.cat\/escolasantaagnes\/wp-content\/uploads\/usu1755\/2018\/06\/IMG_7275.jpg\"><img loading=\"lazy\" decoding=\"async\" class=\"size-full wp-image-610 aligncenter\" src=\"http:\/\/agora.xtec.cat\/escolasantaagnes\/wp-content\/uploads\/usu1755\/2018\/06\/IMG_7275.jpg\" alt=\"\" width=\"640\" height=\"480\" srcset=\"https:\/\/agora.xtec.cat\/escolasantaagnes\/wp-content\/uploads\/usu1755\/2018\/06\/IMG_7275.jpg 640w, https:\/\/agora.xtec.cat\/escolasantaagnes\/wp-content\/uploads\/usu1755\/2018\/06\/IMG_7275-300x225.jpg 300w, https:\/\/agora.xtec.cat\/escolasantaagnes\/wp-content\/uploads\/usu1755\/2018\/06\/IMG_7275-200x150.jpg 200w\" sizes=\"auto, (max-width: 640px) 100vw, 640px\" \/><\/a><\/p>\n<p>L&#8217;escola Santa Agn\u00e8s sempre ser\u00e0 casa vostra, no us oblidarem!<\/p>\n","protected":false},"excerpt":{"rendered":"<p>Avui ha estat un dia especial. Els alumnes de 6\u00e8 es graduen. Des de l&#8217;escola hem organitzat l&#8217;acte de graduaci\u00f3. Un acte solemne i molt emotiu. Per\u00f2 tamb\u00e9 us diem ad\u00e8u amb molta il\u00b7lusi\u00f3 per tenir la sort de veure com heu crescut. Us desitgem tingueu molta sort en aquesta nova etapa que inicieu. L&#8217;escola [&hellip;]<\/p>\n","protected":false},"author":1,"featured_media":0,"comment_status":"open","ping_status":"closed","sticky":false,"template":"","format":"standard","meta":{"_bbp_topic_count":0,"_bbp_reply_count":0,"_bbp_total_topic_count":0,"_bbp_total_reply_count":0,"_bbp_voice_count":0,"_bbp_anonymous_reply_count":0,"_bbp_topic_count_hidden":0,"_bbp_reply_count_hidden":0,"_bbp_forum_subforum_count":0,"site-sidebar-layout":"default","site-content-layout":"","ast-site-content-layout":"","site-content-style":"default","site-sidebar-style":"default","ast-global-header-display":"","ast-banner-title-visibility":"","ast-main-header-display":"","ast-hfb-above-header-display":"","ast-hfb-below-header-display":"","ast-hfb-mobile-header-display":"","site-post-title":"","ast-breadcrumbs-content":"","ast-featured-img":"","footer-sml-layout":"","theme-transparent-header-meta":"","adv-header-id-meta":"","stick-header-meta":"","header-above-stick-meta":"","header-main-stick-meta":"","header-below-stick-meta":"","astra-migrate-meta-layouts":"default","ast-page-background-enabled":"default","ast-page-background-meta":{"desktop":{"background-color":"var(--ast-global-color-4)","background-image":"","background-repeat":"repeat","background-position":"center center","background-size":"auto","background-attachment":"scroll","background-type":"","background-media":"","overlay-type":"","overlay-color":"","overlay-opacity":"","overlay-gradient":""},"tablet":{"background-color":"","background-image":"","background-repeat":"repeat","background-position":"center center","background-size":"auto","background-attachment":"scroll","background-type":"","background-media":"","overlay-type":"","overlay-color":"","overlay-opacity":"","overlay-gradient":""},"mobile":{"background-color":"","background-image":"","background-repeat":"repeat","background-position":"center center","background-size":"auto","background-attachment":"scroll","background-type":"","background-media":"","overlay-type":"","overlay-color":"","overlay-opacity":"","overlay-gradient":""}},"ast-content-background-meta":{"desktop":{"background-color":"var(--ast-global-color-5)","background-image":"","background-repeat":"repeat","background-position":"center center","background-size":"auto","background-attachment":"scroll","background-type":"","background-media":"","overlay-type":"","overlay-color":"","overlay-opacity":"","overlay-gradient":""},"tablet":{"background-color":"var(--ast-global-color-5)","background-image":"","background-repeat":"repeat","background-position":"center center","background-size":"auto","background-attachment":"scroll","background-type":"","background-media":"","overlay-type":"","overlay-color":"","overlay-opacity":"","overlay-gradient":""},"mobile":{"background-color":"var(--ast-global-color-5)","background-image":"","background-repeat":"repeat","background-position":"center center","background-size":"auto","background-attachment":"scroll","background-type":"","background-media":"","overlay-type":"","overlay-color":"","overlay-opacity":"","overlay-gradient":""}},"footnotes":""},"categories":[15,1,4,5],"tags":[79,80,76],"class_list":["post-608","post","type-post","status-publish","format-standard","hentry","category-6e","category-general","category-portada","category-primaria","tag-6e","tag-graduacio","tag-primaria"],"post_mailing_queue_ids":[],"_links":{"self":[{"href":"https:\/\/agora.xtec.cat\/escolasantaagnes\/wp-json\/wp\/v2\/posts\/608","targetHints":{"allow":["GET"]}}],"collection":[{"href":"https:\/\/agora.xtec.cat\/escolasantaagnes\/wp-json\/wp\/v2\/posts"}],"about":[{"href":"https:\/\/agora.xtec.cat\/escolasantaagnes\/wp-json\/wp\/v2\/types\/post"}],"author":[{"embeddable":true,"href":"https:\/\/agora.xtec.cat\/escolasantaagnes\/wp-json\/wp\/v2\/users\/1"}],"replies":[{"embeddable":true,"href":"https:\/\/agora.xtec.cat\/escolasantaagnes\/wp-json\/wp\/v2\/comments?post=608"}],"version-history":[{"count":3,"href":"https:\/\/agora.xtec.cat\/escolasantaagnes\/wp-json\/wp\/v2\/posts\/608\/revisions"}],"predecessor-version":[{"id":613,"href":"https:\/\/agora.xtec.cat\/escolasantaagnes\/wp-json\/wp\/v2\/posts\/608\/revisions\/613"}],"wp:attachment":[{"href":"https:\/\/agora.xtec.cat\/escolasantaagnes\/wp-json\/wp\/v2\/media?parent=608"}],"wp:term":[{"taxonomy":"category","embeddable":true,"href":"https:\/\/agora.xtec.cat\/escolasantaagnes\/wp-json\/wp\/v2\/categories?post=608"},{"taxonomy":"post_tag","embeddable":true,"href":"https:\/\/agora.xtec.cat\/escolasantaagnes\/wp-json\/wp\/v2\/tags?post=608"}],"curies":[{"name":"wp","href":"https:\/\/api.w.org\/{rel}","templated":true}]}}