{"id":6387,"date":"2020-01-27T16:12:05","date_gmt":"2020-01-27T15:12:05","guid":{"rendered":"http:\/\/agora.xtec.cat\/escolasamaranch\/?p=6387"},"modified":"2020-02-07T10:44:55","modified_gmt":"2020-02-07T09:44:55","slug":"la-coral-de-lescola-actua-a-la-margaridoia-2","status":"publish","type":"post","link":"https:\/\/agora.xtec.cat\/escolasamaranch\/sise\/la-coral-de-lescola-actua-a-la-margaridoia-2\/","title":{"rendered":"La coral de l&#8217;escola actua a la Margaridoia"},"content":{"rendered":"<p>El passat 12 de desembre, els nens i nenes que van formar part de la coral van participar al concert de Nadal que es va realitzar a la Margaridoia i que van fer conjuntament amb els participants dels tallers de mem\u00f2ria del municipi i amb la Coral de la Girada de Vilafranca. Com cada any, la coral hi assisteix per cantar les can\u00e7ons que ha preparat per\u00f2 tamb\u00e9 participa conjuntament amb les persones del taller en diferents coreografies que es preparen i que els alumnes de l&#8217;escola tamb\u00e9 s&#8217;hi afegeixen de bon grat.<\/p>\n<p>Arrib\u00e0 el torn de mostrar-los les can\u00e7ons que hav\u00edem preparat pel concert, un conjunt de nadales com &#8220;El rabada`&#8221;, el &#8220;Fum, fum, fum&#8221; o &#8220;M&#8217;agrada el Nadal&#8221;, entre d&#8217;altres, i per acabar una can\u00e7\u00f3 de Nadal acompanyada amb percussi\u00f3 corporal.<\/p>\n<p>L&#8217;acte acab\u00e0 amb el concert de la Coral de la Girada i amb una mica de ballaruga per acabar de fer una mica m\u00e9s de festa i gaudir tots plegats d&#8217;una experi\u00e8ncia ben enriquidora.<\/p>\n<p>Aqu\u00ed teniu algunes fotos.<\/p>\n<p><a href=\"https:\/\/photos.app.goo.gl\/Y9HzW1ahvXR9YYaj9\">https:\/\/photos.app.goo.gl\/Y9HzW1ahvXR9YYaj9<\/a><\/p>\n<p>&nbsp;<\/p>\n","protected":false},"excerpt":{"rendered":"<p>El passat 12 de desembre, els nens i nenes que van formar part de la coral van participar al concert de Nadal que es va realitzar a la Margaridoia i que van fer conjuntament amb els participants dels tallers de mem\u00f2ria del municipi i amb la Coral de la Girada de Vilafranca. Com cada any, [&hellip;]<\/p>\n","protected":false},"author":1,"featured_media":6402,"comment_status":"closed","ping_status":"closed","sticky":false,"template":"","format":"standard","meta":{"_bbp_topic_count":0,"_bbp_reply_count":0,"_bbp_total_topic_count":0,"_bbp_total_reply_count":0,"_bbp_voice_count":0,"_bbp_anonymous_reply_count":0,"_bbp_topic_count_hidden":0,"_bbp_reply_count_hidden":0,"_bbp_forum_subforum_count":0,"site-sidebar-layout":"default","site-content-layout":"","ast-site-content-layout":"","site-content-style":"default","site-sidebar-style":"default","ast-global-header-display":"","ast-banner-title-visibility":"","ast-main-header-display":"","ast-hfb-above-header-display":"","ast-hfb-below-header-display":"","ast-hfb-mobile-header-display":"","site-post-title":"","ast-breadcrumbs-content":"","ast-featured-img":"","footer-sml-layout":"","theme-transparent-header-meta":"","adv-header-id-meta":"","stick-header-meta":"","header-above-stick-meta":"","header-main-stick-meta":"","header-below-stick-meta":"","astra-migrate-meta-layouts":"default","ast-page-background-enabled":"default","ast-page-background-meta":{"desktop":{"background-color":"var(--ast-global-color-4)","background-image":"","background-repeat":"repeat","background-position":"center center","background-size":"auto","background-attachment":"scroll","background-type":"","background-media":"","overlay-type":"","overlay-color":"","overlay-opacity":"","overlay-gradient":""},"tablet":{"background-color":"","background-image":"","background-repeat":"repeat","background-position":"center center","background-size":"auto","background-attachment":"scroll","background-type":"","background-media":"","overlay-type":"","overlay-color":"","overlay-opacity":"","overlay-gradient":""},"mobile":{"background-color":"","background-image":"","background-repeat":"repeat","background-position":"center center","background-size":"auto","background-attachment":"scroll","background-type":"","background-media":"","overlay-type":"","overlay-color":"","overlay-opacity":"","overlay-gradient":""}},"ast-content-background-meta":{"desktop":{"background-color":"var(--ast-global-color-5)","background-image":"","background-repeat":"repeat","background-position":"center center","background-size":"auto","background-attachment":"scroll","background-type":"","background-media":"","overlay-type":"","overlay-color":"","overlay-opacity":"","overlay-gradient":""},"tablet":{"background-color":"var(--ast-global-color-5)","background-image":"","background-repeat":"repeat","background-position":"center center","background-size":"auto","background-attachment":"scroll","background-type":"","background-media":"","overlay-type":"","overlay-color":"","overlay-opacity":"","overlay-gradient":""},"mobile":{"background-color":"var(--ast-global-color-5)","background-image":"","background-repeat":"repeat","background-position":"center center","background-size":"auto","background-attachment":"scroll","background-type":"","background-media":"","overlay-type":"","overlay-color":"","overlay-opacity":"","overlay-gradient":""}},"footnotes":""},"categories":[63,22],"tags":[134],"class_list":["post-6387","post","type-post","status-publish","format-standard","has-post-thumbnail","hentry","category-musica","category-sise","tag-curs-2019-2020"],"post_mailing_queue_ids":[],"_links":{"self":[{"href":"https:\/\/agora.xtec.cat\/escolasamaranch\/wp-json\/wp\/v2\/posts\/6387","targetHints":{"allow":["GET"]}}],"collection":[{"href":"https:\/\/agora.xtec.cat\/escolasamaranch\/wp-json\/wp\/v2\/posts"}],"about":[{"href":"https:\/\/agora.xtec.cat\/escolasamaranch\/wp-json\/wp\/v2\/types\/post"}],"author":[{"embeddable":true,"href":"https:\/\/agora.xtec.cat\/escolasamaranch\/wp-json\/wp\/v2\/users\/1"}],"replies":[{"embeddable":true,"href":"https:\/\/agora.xtec.cat\/escolasamaranch\/wp-json\/wp\/v2\/comments?post=6387"}],"version-history":[{"count":3,"href":"https:\/\/agora.xtec.cat\/escolasamaranch\/wp-json\/wp\/v2\/posts\/6387\/revisions"}],"predecessor-version":[{"id":6460,"href":"https:\/\/agora.xtec.cat\/escolasamaranch\/wp-json\/wp\/v2\/posts\/6387\/revisions\/6460"}],"wp:featuredmedia":[{"embeddable":true,"href":"https:\/\/agora.xtec.cat\/escolasamaranch\/wp-json\/wp\/v2\/media\/6402"}],"wp:attachment":[{"href":"https:\/\/agora.xtec.cat\/escolasamaranch\/wp-json\/wp\/v2\/media?parent=6387"}],"wp:term":[{"taxonomy":"category","embeddable":true,"href":"https:\/\/agora.xtec.cat\/escolasamaranch\/wp-json\/wp\/v2\/categories?post=6387"},{"taxonomy":"post_tag","embeddable":true,"href":"https:\/\/agora.xtec.cat\/escolasamaranch\/wp-json\/wp\/v2\/tags?post=6387"}],"curies":[{"name":"wp","href":"https:\/\/api.w.org\/{rel}","templated":true}]}}