{"id":19952,"date":"2026-04-29T11:00:49","date_gmt":"2026-04-29T09:00:49","guid":{"rendered":"https:\/\/agora.xtec.cat\/escolasalipota\/?p=19952"},"modified":"2026-04-29T16:37:10","modified_gmt":"2026-04-29T14:37:10","slug":"colonies-prehistoriques","status":"publish","type":"post","link":"https:\/\/agora.xtec.cat\/escolasalipota\/general\/colonies-prehistoriques\/","title":{"rendered":"COL\u00d2NIES PREHIST\u00d2RIQUES"},"content":{"rendered":"\n<p>Els dies 15, 16 i 17 d\u2019abril els nens i nenes de cicle superior vam anar de col\u00f2nies al camp d&#8217;aprenentatge de la Noguera, a Sant Lloren\u00e7 de Montgai&nbsp; perqu\u00e8 estem estudiant la Prehist\u00f2ria. Les col\u00f2nies estaven enfocades en el paleol\u00edtic i el neol\u00edtic.<\/p>\n\n\n\n<p>El dimecres vam sortir de l\u2019escola a les nou del mat\u00ed. Vam anar en autob\u00fas i el viatge va durar aproximadament una hora i mitja.&nbsp;<\/p>\n\n\n\n<p>Quan vam arribar&nbsp; vam esmorzar i es van presentar els mestres, el Toni, la N\u00faria i la Sonia. M\u00e9s tard, ens van explicar qu\u00e8 fer\u00edem&nbsp; durant aquells dies i les normes del camp d&#8217;aprenentatge.Tamb\u00e9 els vam regalar un joc que vam fer nosaltres amb la talladora l\u00e0ser i el vam anomenar, Joc de l&#8217;intr\u00fas, que consisteix en agafar les targetes de diferents tem\u00e0tiques, i trobar quina no encaixa amb l\u2019\u00e8poca del Neol\u00edtic.&nbsp;<\/p>\n\n\n\n<p>Aleshores vam fer la talla de s\u00edlex. Amb un c\u00f2dul de riu picavem el s\u00edlex i amb unes banyes de c\u00e9rvol i cabirol, li vam fer dents, anomenades, denticulat. Tamb\u00e9 vam fer pintures rupestres en unes parets que simulaven coves.&nbsp;<\/p>\n\n\n\n<p>Despr\u00e9s ens van ensenyar com feien foc a la prehist\u00f2ria i vam veure les diferents cases que utilitzaven. Vam aprendre que al Paleol\u00edtic vivien en coves o tipis perqu\u00e8 eren n\u00f2mades i durant el Neol\u00edtic es van formar els primers poblats sedentaris i les cases van passar a ser m\u00e9s grans.<\/p>\n\n\n\n<p>M\u00e9s tard, vam anar a berenar i llavors vam anar al costat del llac a jugar. Despr\u00e9s de sopar, vam estar una estona a l&#8217;habitaci\u00f3 i vam anar al bosc a veure les estrelles, alguna de fuga\u00e7, i els mestres ens va explicar una hist\u00f2ria sobre constel\u00b7lacions.&nbsp;&nbsp;<\/p>\n\n\n\n<p>El segon dia vam anar a un jaciment arqueol\u00f2gic anomenat la Roca dels Bous i ens van explicar moltes coses interessants i vam tocar un queixal de mamut real. Tamb\u00e9 vam fer d\u2019arque\u00f2legs\/gues i vam desenterrar ossos, pedres, petxines\u2026<\/p>\n\n\n\n<p>El tercer dia vam viure com al Neol\u00edtic, vam fer farina, vam practicar la ca\u00e7a d\u2019animals amb arc i fletxa i un propulsor i finalment&nbsp; vam fer collarets de petxines.<\/p>\n\n\n\n<p>Ens ho vam passar molt b\u00e9 i van ser les millors col\u00f2nies de la (pre)hist\u00f2ria.<\/p>\n\n\n\n<p><\/p>\n\n\n\n<p class=\"has-text-align-right\">T\u00e0nia, Sof\u00eda, Sammu i Marc<\/p>\n\n\n\n<figure class=\"wp-block-image aligncenter size-large is-resized\"><a href=\"https:\/\/agora.xtec.cat\/escolasalipota\/wp-content\/uploads\/usu122\/2026\/04\/IMG_1034.jpeg\"><img loading=\"lazy\" decoding=\"async\" width=\"768\" height=\"1024\" src=\"https:\/\/agora.xtec.cat\/escolasalipota\/wp-content\/uploads\/usu122\/2026\/04\/IMG_1034-768x1024.jpeg\" alt=\"\" class=\"wp-image-19953\" style=\"width:307px;height:auto\" srcset=\"https:\/\/agora.xtec.cat\/escolasalipota\/wp-content\/uploads\/usu122\/2026\/04\/IMG_1034-768x1024.jpeg 768w, https:\/\/agora.xtec.cat\/escolasalipota\/wp-content\/uploads\/usu122\/2026\/04\/IMG_1034-225x300.jpeg 225w, https:\/\/agora.xtec.cat\/escolasalipota\/wp-content\/uploads\/usu122\/2026\/04\/IMG_1034-1152x1536.jpeg 1152w, https:\/\/agora.xtec.cat\/escolasalipota\/wp-content\/uploads\/usu122\/2026\/04\/IMG_1034.jpeg 1536w\" sizes=\"auto, (max-width: 768px) 100vw, 768px\" \/><\/a><\/figure>\n\n\n\n<p><\/p>\n","protected":false},"excerpt":{"rendered":"<p>Els dies 15, 16 i 17 d\u2019abril els nens i nenes de cicle superior vam anar de col\u00f2nies al camp d&#8217;aprenentatge de la Noguera, a Sant Lloren\u00e7 de Montgai&nbsp; perqu\u00e8 estem estudiant la Prehist\u00f2ria. Les col\u00f2nies estaven enfocades en el paleol\u00edtic i el neol\u00edtic. El dimecres vam sortir de l\u2019escola a les nou del mat\u00ed. [&hellip;]<\/p>\n","protected":false},"author":28,"featured_media":19953,"comment_status":"closed","ping_status":"open","sticky":false,"template":"","format":"standard","meta":{"_bbp_topic_count":0,"_bbp_reply_count":0,"_bbp_total_topic_count":0,"_bbp_total_reply_count":0,"_bbp_voice_count":0,"_bbp_anonymous_reply_count":0,"_bbp_topic_count_hidden":0,"_bbp_reply_count_hidden":0,"_bbp_forum_subforum_count":0,"site-sidebar-layout":"default","site-content-layout":"","ast-site-content-layout":"","site-content-style":"default","site-sidebar-style":"default","ast-global-header-display":"","ast-banner-title-visibility":"","ast-main-header-display":"","ast-hfb-above-header-display":"","ast-hfb-below-header-display":"","ast-hfb-mobile-header-display":"","site-post-title":"","ast-breadcrumbs-content":"","ast-featured-img":"","footer-sml-layout":"","theme-transparent-header-meta":"","adv-header-id-meta":"","stick-header-meta":"","header-above-stick-meta":"","header-main-stick-meta":"","header-below-stick-meta":"","astra-migrate-meta-layouts":"default","ast-page-background-enabled":"default","ast-page-background-meta":{"desktop":{"background-color":"var(--ast-global-color-4)","background-image":"","background-repeat":"repeat","background-position":"center center","background-size":"auto","background-attachment":"scroll","background-type":"","background-media":"","overlay-type":"","overlay-color":"","overlay-opacity":"","overlay-gradient":""},"tablet":{"background-color":"","background-image":"","background-repeat":"repeat","background-position":"center center","background-size":"auto","background-attachment":"scroll","background-type":"","background-media":"","overlay-type":"","overlay-color":"","overlay-opacity":"","overlay-gradient":""},"mobile":{"background-color":"","background-image":"","background-repeat":"repeat","background-position":"center center","background-size":"auto","background-attachment":"scroll","background-type":"","background-media":"","overlay-type":"","overlay-color":"","overlay-opacity":"","overlay-gradient":""}},"ast-content-background-meta":{"desktop":{"background-color":"var(--ast-global-color-5)","background-image":"","background-repeat":"repeat","background-position":"center center","background-size":"auto","background-attachment":"scroll","background-type":"","background-media":"","overlay-type":"","overlay-color":"","overlay-opacity":"","overlay-gradient":""},"tablet":{"background-color":"var(--ast-global-color-5)","background-image":"","background-repeat":"repeat","background-position":"center center","background-size":"auto","background-attachment":"scroll","background-type":"","background-media":"","overlay-type":"","overlay-color":"","overlay-opacity":"","overlay-gradient":""},"mobile":{"background-color":"var(--ast-global-color-5)","background-image":"","background-repeat":"repeat","background-position":"center center","background-size":"auto","background-attachment":"scroll","background-type":"","background-media":"","overlay-type":"","overlay-color":"","overlay-opacity":"","overlay-gradient":""}},"footnotes":""},"categories":[122,485,1,5,467,24],"tags":[40,85,487,296],"class_list":["post-19952","post","type-post","status-publish","format-standard","has-post-thumbnail","hentry","category-cicle-superior","category-curs-2025-26","category-general","category-primaria","category-serveis-comunitaris","category-sortides-i-colonies","tag-cicle-superior","tag-colonies","tag-curs-25-26","tag-primaria"],"post_mailing_queue_ids":[],"_links":{"self":[{"href":"https:\/\/agora.xtec.cat\/escolasalipota\/wp-json\/wp\/v2\/posts\/19952","targetHints":{"allow":["GET"]}}],"collection":[{"href":"https:\/\/agora.xtec.cat\/escolasalipota\/wp-json\/wp\/v2\/posts"}],"about":[{"href":"https:\/\/agora.xtec.cat\/escolasalipota\/wp-json\/wp\/v2\/types\/post"}],"author":[{"embeddable":true,"href":"https:\/\/agora.xtec.cat\/escolasalipota\/wp-json\/wp\/v2\/users\/28"}],"replies":[{"embeddable":true,"href":"https:\/\/agora.xtec.cat\/escolasalipota\/wp-json\/wp\/v2\/comments?post=19952"}],"version-history":[{"count":3,"href":"https:\/\/agora.xtec.cat\/escolasalipota\/wp-json\/wp\/v2\/posts\/19952\/revisions"}],"predecessor-version":[{"id":19956,"href":"https:\/\/agora.xtec.cat\/escolasalipota\/wp-json\/wp\/v2\/posts\/19952\/revisions\/19956"}],"wp:featuredmedia":[{"embeddable":true,"href":"https:\/\/agora.xtec.cat\/escolasalipota\/wp-json\/wp\/v2\/media\/19953"}],"wp:attachment":[{"href":"https:\/\/agora.xtec.cat\/escolasalipota\/wp-json\/wp\/v2\/media?parent=19952"}],"wp:term":[{"taxonomy":"category","embeddable":true,"href":"https:\/\/agora.xtec.cat\/escolasalipota\/wp-json\/wp\/v2\/categories?post=19952"},{"taxonomy":"post_tag","embeddable":true,"href":"https:\/\/agora.xtec.cat\/escolasalipota\/wp-json\/wp\/v2\/tags?post=19952"}],"curies":[{"name":"wp","href":"https:\/\/api.w.org\/{rel}","templated":true}]}}