{"id":11814,"date":"2019-10-17T20:52:23","date_gmt":"2019-10-17T18:52:23","guid":{"rendered":"https:\/\/agora.xtec.cat\/ceip-montserrat-suria\/?p=11814"},"modified":"2020-10-07T20:37:12","modified_gmt":"2020-10-07T18:37:12","slug":"taller-menjar-saludable","status":"publish","type":"post","link":"https:\/\/agora.xtec.cat\/escolasalipota\/festes\/setmana-de-la-salut\/taller-menjar-saludable\/","title":{"rendered":"TALLER: MENJAR SALUDABLE"},"content":{"rendered":"<p>El 17 d&#8217;octubre de 2029\u00a0 el nens i nenes de 6\u00e8 hem fet un taller d&#8217;alimentaci\u00f3. Vam veure que cont\u00e9 cada aliment i quantes vegades l&#8217;hem de menjar. I tamb\u00e9 vam veure que passa amb la sang si mengem menjar no saludable.<\/p>\n<p>Beatriz Belibov i Aura Ram\u00edrez (6\u00e8)<br \/>\n<a href=\"https:\/\/photos.app.goo.gl\/2q7dKxg2cvUoC143A\"><img loading=\"lazy\" decoding=\"async\" class=\"aligncenter size-full wp-image-11815\" src=\"https:\/\/agora.xtec.cat\/ceip-montserrat-suria\/wp-content\/uploads\/usu122\/2019\/10\/20191017_103746-1.jpg\" alt=\"\" width=\"4128\" height=\"3096\" srcset=\"https:\/\/agora.xtec.cat\/escolasalipota\/wp-content\/uploads\/usu122\/2019\/10\/20191017_103746-1.jpg 4128w, https:\/\/agora.xtec.cat\/escolasalipota\/wp-content\/uploads\/usu122\/2019\/10\/20191017_103746-1-300x225.jpg 300w, https:\/\/agora.xtec.cat\/escolasalipota\/wp-content\/uploads\/usu122\/2019\/10\/20191017_103746-1-768x576.jpg 768w, https:\/\/agora.xtec.cat\/escolasalipota\/wp-content\/uploads\/usu122\/2019\/10\/20191017_103746-1-1024x768.jpg 1024w, https:\/\/agora.xtec.cat\/escolasalipota\/wp-content\/uploads\/usu122\/2019\/10\/20191017_103746-1-200x150.jpg 200w\" sizes=\"auto, (max-width: 4128px) 100vw, 4128px\" \/><\/a><\/p>\n","protected":false},"excerpt":{"rendered":"<p>El 17 d&#8217;octubre de 2029\u00a0 el nens i nenes de 6\u00e8 hem fet un taller d&#8217;alimentaci\u00f3. Vam veure que cont\u00e9 cada aliment i quantes vegades l&#8217;hem de menjar. I tamb\u00e9 vam veure que passa amb la sang si mengem menjar no saludable.<br \/>\nBeatriz Belibov i Aura&hellip;  <a href=\"https:\/\/agora.xtec.cat\/escolasalipota\/festes\/setmana-de-la-salut\/taller-menjar-saludable\/\" title=\"Read TALLER: MENJAR SALUDABLE\">Llegeix m\u00e9s\u00bb<\/a><\/p>\n","protected":false},"author":5,"featured_media":11815,"comment_status":"open","ping_status":"closed","sticky":false,"template":"","format":"standard","meta":{"_bbp_topic_count":0,"_bbp_reply_count":0,"_bbp_total_topic_count":0,"_bbp_total_reply_count":0,"_bbp_voice_count":0,"_bbp_anonymous_reply_count":0,"_bbp_topic_count_hidden":0,"_bbp_reply_count_hidden":0,"_bbp_forum_subforum_count":0,"footnotes":""},"categories":[336,68,25],"tags":[40,77,296,120,72],"class_list":["post-11814","post","type-post","status-publish","format-standard","has-post-thumbnail","hentry","category-curs-2019-20","category-escola-verda","category-setmana-de-la-salut","tag-cicle-superior","tag-escola-verda-2","tag-primaria","tag-programa-si","tag-setmana-de-la-salut-2"],"post_mailing_queue_ids":[],"_links":{"self":[{"href":"https:\/\/agora.xtec.cat\/escolasalipota\/wp-json\/wp\/v2\/posts\/11814","targetHints":{"allow":["GET"]}}],"collection":[{"href":"https:\/\/agora.xtec.cat\/escolasalipota\/wp-json\/wp\/v2\/posts"}],"about":[{"href":"https:\/\/agora.xtec.cat\/escolasalipota\/wp-json\/wp\/v2\/types\/post"}],"author":[{"embeddable":true,"href":"https:\/\/agora.xtec.cat\/escolasalipota\/wp-json\/wp\/v2\/users\/5"}],"replies":[{"embeddable":true,"href":"https:\/\/agora.xtec.cat\/escolasalipota\/wp-json\/wp\/v2\/comments?post=11814"}],"version-history":[{"count":3,"href":"https:\/\/agora.xtec.cat\/escolasalipota\/wp-json\/wp\/v2\/posts\/11814\/revisions"}],"predecessor-version":[{"id":14084,"href":"https:\/\/agora.xtec.cat\/escolasalipota\/wp-json\/wp\/v2\/posts\/11814\/revisions\/14084"}],"wp:featuredmedia":[{"embeddable":true,"href":"https:\/\/agora.xtec.cat\/escolasalipota\/wp-json\/wp\/v2\/media\/11815"}],"wp:attachment":[{"href":"https:\/\/agora.xtec.cat\/escolasalipota\/wp-json\/wp\/v2\/media?parent=11814"}],"wp:term":[{"taxonomy":"category","embeddable":true,"href":"https:\/\/agora.xtec.cat\/escolasalipota\/wp-json\/wp\/v2\/categories?post=11814"},{"taxonomy":"post_tag","embeddable":true,"href":"https:\/\/agora.xtec.cat\/escolasalipota\/wp-json\/wp\/v2\/tags?post=11814"}],"curies":[{"name":"wp","href":"https:\/\/api.w.org\/{rel}","templated":true}]}}