{"id":10746,"date":"2018-11-16T17:29:05","date_gmt":"2018-11-16T16:29:05","guid":{"rendered":"http:\/\/agora.xtec.cat\/ceip-montserrat-suria\/?p=10746"},"modified":"2019-09-08T22:04:40","modified_gmt":"2019-09-08T20:04:40","slug":"noticies-5e-la-fira-medieval-de-suria","status":"publish","type":"post","link":"https:\/\/agora.xtec.cat\/escolasalipota\/curs-2018-19\/noticies-5e-la-fira-medieval-de-suria\/","title":{"rendered":"NOT\u00cdCIES 5\u00e8: La Fira Medieval de S\u00faria"},"content":{"rendered":"<p><span style=\"font-weight: 400;\">Els dies 10 i 11 de novembre va ser la Fira Medieval de S\u00faria. Ens vam trobar al Salvador a la paradeta de castanyes i \u00a0vam veure una mina de potassa. Hi havia un lloc d\u2019objectes de tortura (per matar als que es portaven malament i als enemics). Vam anar a menjar xurros i creps; ens vam menjar dues creps de nocilla i xocolata blanca. Hi havia moltes paradetes en una venien varetes de Harry Potter. Van fer teatre i despr\u00e9s, al final, van fer un castell de focs que feia molt soroll. La Mar la Noem\u00ed i jo i vam passar molta por.<\/span><\/p>\n<p><span style=\"font-weight: 400;\">Mar Diaz i Berta Orero (5\u00e8)<\/span><\/p>\n<p><img loading=\"lazy\" decoding=\"async\" class=\"aligncenter size-full wp-image-10747\" src=\"https:\/\/agora.xtec.cat\/ceip-montserrat-suria\/wp-content\/uploads\/usu122\/2018\/11\/fira.jpg\" alt=\"\" width=\"975\" height=\"392\" srcset=\"https:\/\/agora.xtec.cat\/escolasalipota\/wp-content\/uploads\/usu122\/2018\/11\/fira.jpg 975w, https:\/\/agora.xtec.cat\/escolasalipota\/wp-content\/uploads\/usu122\/2018\/11\/fira-300x121.jpg 300w, https:\/\/agora.xtec.cat\/escolasalipota\/wp-content\/uploads\/usu122\/2018\/11\/fira-768x309.jpg 768w\" sizes=\"auto, (max-width: 975px) 100vw, 975px\" \/><\/p>\n","protected":false},"excerpt":{"rendered":"<p>Els dies 10 i 11 de novembre va ser la Fira Medieval de S\u00faria. Ens vam trobar al Salvador a la paradeta de castanyes i \u00a0vam veure una mina de potassa. Hi havia un lloc d\u2019objectes de tortura (per matar als que es portaven malament i als enemics). Vam anar a menjar xurros i creps; [&hellip;]<\/p>\n","protected":false},"author":5,"featured_media":10747,"comment_status":"open","ping_status":"closed","sticky":false,"template":"","format":"standard","meta":{"_bbp_topic_count":0,"_bbp_reply_count":0,"_bbp_total_topic_count":0,"_bbp_total_reply_count":0,"_bbp_voice_count":0,"_bbp_anonymous_reply_count":0,"_bbp_topic_count_hidden":0,"_bbp_reply_count_hidden":0,"_bbp_forum_subforum_count":0,"site-sidebar-layout":"default","site-content-layout":"","ast-site-content-layout":"","site-content-style":"default","site-sidebar-style":"default","ast-global-header-display":"","ast-banner-title-visibility":"","ast-main-header-display":"","ast-hfb-above-header-display":"","ast-hfb-below-header-display":"","ast-hfb-mobile-header-display":"","site-post-title":"","ast-breadcrumbs-content":"","ast-featured-img":"","footer-sml-layout":"","theme-transparent-header-meta":"","adv-header-id-meta":"","stick-header-meta":"","header-above-stick-meta":"","header-main-stick-meta":"","header-below-stick-meta":"","astra-migrate-meta-layouts":"default","ast-page-background-enabled":"default","ast-page-background-meta":{"desktop":{"background-color":"var(--ast-global-color-4)","background-image":"","background-repeat":"repeat","background-position":"center center","background-size":"auto","background-attachment":"scroll","background-type":"","background-media":"","overlay-type":"","overlay-color":"","overlay-opacity":"","overlay-gradient":""},"tablet":{"background-color":"","background-image":"","background-repeat":"repeat","background-position":"center center","background-size":"auto","background-attachment":"scroll","background-type":"","background-media":"","overlay-type":"","overlay-color":"","overlay-opacity":"","overlay-gradient":""},"mobile":{"background-color":"","background-image":"","background-repeat":"repeat","background-position":"center center","background-size":"auto","background-attachment":"scroll","background-type":"","background-media":"","overlay-type":"","overlay-color":"","overlay-opacity":"","overlay-gradient":""}},"ast-content-background-meta":{"desktop":{"background-color":"var(--ast-global-color-5)","background-image":"","background-repeat":"repeat","background-position":"center center","background-size":"auto","background-attachment":"scroll","background-type":"","background-media":"","overlay-type":"","overlay-color":"","overlay-opacity":"","overlay-gradient":""},"tablet":{"background-color":"var(--ast-global-color-5)","background-image":"","background-repeat":"repeat","background-position":"center center","background-size":"auto","background-attachment":"scroll","background-type":"","background-media":"","overlay-type":"","overlay-color":"","overlay-opacity":"","overlay-gradient":""},"mobile":{"background-color":"var(--ast-global-color-5)","background-image":"","background-repeat":"repeat","background-position":"center center","background-size":"auto","background-attachment":"scroll","background-type":"","background-media":"","overlay-type":"","overlay-color":"","overlay-opacity":"","overlay-gradient":""}},"footnotes":""},"categories":[310,313],"tags":[40,318,89],"class_list":["post-10746","post","type-post","status-publish","format-standard","has-post-thumbnail","hentry","category-curs-2018-19","category-noticies","tag-cicle-superior","tag-infonodes","tag-suria"],"post_mailing_queue_ids":[],"_links":{"self":[{"href":"https:\/\/agora.xtec.cat\/escolasalipota\/wp-json\/wp\/v2\/posts\/10746","targetHints":{"allow":["GET"]}}],"collection":[{"href":"https:\/\/agora.xtec.cat\/escolasalipota\/wp-json\/wp\/v2\/posts"}],"about":[{"href":"https:\/\/agora.xtec.cat\/escolasalipota\/wp-json\/wp\/v2\/types\/post"}],"author":[{"embeddable":true,"href":"https:\/\/agora.xtec.cat\/escolasalipota\/wp-json\/wp\/v2\/users\/5"}],"replies":[{"embeddable":true,"href":"https:\/\/agora.xtec.cat\/escolasalipota\/wp-json\/wp\/v2\/comments?post=10746"}],"version-history":[{"count":1,"href":"https:\/\/agora.xtec.cat\/escolasalipota\/wp-json\/wp\/v2\/posts\/10746\/revisions"}],"predecessor-version":[{"id":10748,"href":"https:\/\/agora.xtec.cat\/escolasalipota\/wp-json\/wp\/v2\/posts\/10746\/revisions\/10748"}],"wp:featuredmedia":[{"embeddable":true,"href":"https:\/\/agora.xtec.cat\/escolasalipota\/wp-json\/wp\/v2\/media\/10747"}],"wp:attachment":[{"href":"https:\/\/agora.xtec.cat\/escolasalipota\/wp-json\/wp\/v2\/media?parent=10746"}],"wp:term":[{"taxonomy":"category","embeddable":true,"href":"https:\/\/agora.xtec.cat\/escolasalipota\/wp-json\/wp\/v2\/categories?post=10746"},{"taxonomy":"post_tag","embeddable":true,"href":"https:\/\/agora.xtec.cat\/escolasalipota\/wp-json\/wp\/v2\/tags?post=10746"}],"curies":[{"name":"wp","href":"https:\/\/api.w.org\/{rel}","templated":true}]}}