{"id":1066,"date":"2026-02-26T13:05:09","date_gmt":"2026-02-26T12:05:09","guid":{"rendered":"https:\/\/agora.xtec.cat\/escolasagradafamiliagracia\/?p=1066"},"modified":"2026-04-23T13:08:27","modified_gmt":"2026-04-23T11:08:27","slug":"preinscripcio-escolar-2026-2027","status":"publish","type":"post","link":"https:\/\/agora.xtec.cat\/escolasagradafamiliagracia\/general\/preinscripcio-escolar-2026-2027\/","title":{"rendered":"Preinscripci\u00f3 escolar 2026-2027"},"content":{"rendered":"\n<figure class=\"wp-block-image size-large\"><a href=\"https:\/\/agora.xtec.cat\/escolasagradafamiliagracia\/wp-content\/uploads\/usu3051\/2026\/02\/banner-imatges.jpg\"><img loading=\"lazy\" decoding=\"async\" width=\"1024\" height=\"200\" src=\"https:\/\/agora.xtec.cat\/escolasagradafamiliagracia\/wp-content\/uploads\/usu3051\/2026\/02\/banner-imatges-1024x200.jpg\" alt=\"\" class=\"wp-image-1077\" srcset=\"https:\/\/agora.xtec.cat\/escolasagradafamiliagracia\/wp-content\/uploads\/usu3051\/2026\/02\/banner-imatges-1024x200.jpg 1024w, https:\/\/agora.xtec.cat\/escolasagradafamiliagracia\/wp-content\/uploads\/usu3051\/2026\/02\/banner-imatges-300x59.jpg 300w, https:\/\/agora.xtec.cat\/escolasagradafamiliagracia\/wp-content\/uploads\/usu3051\/2026\/02\/banner-imatges-768x150.jpg 768w, https:\/\/agora.xtec.cat\/escolasagradafamiliagracia\/wp-content\/uploads\/usu3051\/2026\/02\/banner-imatges-1536x301.jpg 1536w, https:\/\/agora.xtec.cat\/escolasagradafamiliagracia\/wp-content\/uploads\/usu3051\/2026\/02\/banner-imatges.jpg 1900w\" sizes=\"auto, (max-width: 1024px) 100vw, 1024px\" \/><\/a><\/figure>\n\n\n\n<p class=\"has-link-color wp-elements-76a85855ca31cd539b410a674883b2dc\">En breu arriba la <a href=\"https:\/\/preinscripcio.gencat.cat\/ca\/inici\/index.html\">preinscripci\u00f3 escolar<\/a> per al curs 26-27, tant pels que feu el salt a la secund\u00e0ria com per a aquelles fam\u00edlies que teniu pensat comen\u00e7ar a fer cam\u00ed amb nosaltres.<\/p>\n\n\n\n<p><strong>Anirem actualitzant la informaci\u00f3 en aquest mateix article:<\/strong><\/p>\n\n\n\n<div class=\"wp-block-getwid-tabs\" data-active-tab=\"0\"><ul class=\"wp-block-getwid-tabs__nav-links\"><\/ul>\n<div class=\"wp-block-getwid-tabs__nav-link\"><span class=\"wp-block-getwid-tabs__title-wrapper\"><a href=\"#\"><span class=\"wp-block-getwid-tabs__title\">Oferta Inicial<\/span><\/a><\/span><\/div><div class=\"wp-block-getwid-tabs__tab-content-wrapper\"><div class=\"wp-block-getwid-tabs__tab-content\">\n<p><\/p>\n\n\n\n<div data-wp-interactive=\"core\/file\" class=\"wp-block-file\"><object data-wp-bind--hidden=\"!state.hasPdfPreview\" hidden class=\"wp-block-file__embed\" data=\"https:\/\/agora.xtec.cat\/escolasagradafamiliagracia\/wp-content\/uploads\/usu3051\/2026\/02\/OFERTA-INICIAL.pdf\" type=\"application\/pdf\" style=\"width:100%;height:600px\" aria-label=\"Incrustaci\u00f3 del fitxer OFERTA INICIAL.\"><\/object><a id=\"wp-block-file--media-4b0cc77a-0bb0-4128-927e-5a3920499cba\" href=\"https:\/\/agora.xtec.cat\/escolasagradafamiliagracia\/wp-content\/uploads\/usu3051\/2026\/02\/OFERTA-INICIAL.pdf\">OFERTA INICIAL<\/a><a href=\"https:\/\/agora.xtec.cat\/escolasagradafamiliagracia\/wp-content\/uploads\/usu3051\/2026\/02\/OFERTA-INICIAL.pdf\" class=\"wp-block-file__button wp-element-button\" download aria-describedby=\"wp-block-file--media-4b0cc77a-0bb0-4128-927e-5a3920499cba\">Baixa<\/a><\/div>\n<\/div><\/div>\n\n\n\n<div class=\"wp-block-getwid-tabs__nav-link\"><span class=\"wp-block-getwid-tabs__title-wrapper\"><a href=\"#\"><span class=\"wp-block-getwid-tabs__title\">Sol\u00b7licituds (provisional)<\/span><\/a><\/span><\/div><div class=\"wp-block-getwid-tabs__tab-content-wrapper\"><div class=\"wp-block-getwid-tabs__tab-content\">\n<p><\/p>\n\n\n\n<div data-wp-interactive=\"core\/file\" class=\"wp-block-file\"><object data-wp-bind--hidden=\"!state.hasPdfPreview\" hidden class=\"wp-block-file__embed\" data=\"https:\/\/agora.xtec.cat\/escolasagradafamiliagracia\/wp-content\/uploads\/usu3051\/2026\/02\/INFORME_BAREM_PROVISIONAL_2526.pdf\" type=\"application\/pdf\" style=\"width:100%;height:600px\" aria-label=\"Incrustaci\u00f3 del fitxer INFORME_BAREM_PROVISIONAL_2627.\"><\/object><a id=\"wp-block-file--media-3257be82-dabd-4237-b479-6ecceedc6f0d\" href=\"https:\/\/agora.xtec.cat\/escolasagradafamiliagracia\/wp-content\/uploads\/usu3051\/2026\/02\/INFORME_BAREM_PROVISIONAL_2526.pdf\">INFORME_BAREM_PROVISIONAL_2627<\/a><a href=\"https:\/\/agora.xtec.cat\/escolasagradafamiliagracia\/wp-content\/uploads\/usu3051\/2026\/02\/INFORME_BAREM_PROVISIONAL_2526.pdf\" class=\"wp-block-file__button wp-element-button\" download aria-describedby=\"wp-block-file--media-3257be82-dabd-4237-b479-6ecceedc6f0d\">Baixa<\/a><\/div>\n<\/div><\/div>\n\n\n\n<div class=\"wp-block-getwid-tabs__nav-link\"><span class=\"wp-block-getwid-tabs__title-wrapper\"><a href=\"#\"><span class=\"wp-block-getwid-tabs__title\">Sol\u00b7licituds (resoltes)<\/span><\/a><\/span><\/div><div class=\"wp-block-getwid-tabs__tab-content-wrapper\"><div class=\"wp-block-getwid-tabs__tab-content\">\n<p><\/p>\n\n\n\n<div data-wp-interactive=\"core\/file\" class=\"wp-block-file\"><object data-wp-bind--hidden=\"!state.hasPdfPreview\" hidden class=\"wp-block-file__embed\" data=\"https:\/\/agora.xtec.cat\/escolasagradafamiliagracia\/wp-content\/uploads\/usu3051\/2026\/02\/INFORME_BAREM_RESOLTES_2627.pdf\" type=\"application\/pdf\" style=\"width:100%;height:600px\" aria-label=\"Incrustaci\u00f3 del fitxer INFORME_BAREM_RESOLTES_2627.\"><\/object><a id=\"wp-block-file--media-69d5a45d-62bb-4eea-97af-5657147a9d59\" href=\"https:\/\/agora.xtec.cat\/escolasagradafamiliagracia\/wp-content\/uploads\/usu3051\/2026\/02\/INFORME_BAREM_RESOLTES_2627.pdf\">INFORME_BAREM_RESOLTES_2627<\/a><a href=\"https:\/\/agora.xtec.cat\/escolasagradafamiliagracia\/wp-content\/uploads\/usu3051\/2026\/02\/INFORME_BAREM_RESOLTES_2627.pdf\" class=\"wp-block-file__button wp-element-button\" download aria-describedby=\"wp-block-file--media-69d5a45d-62bb-4eea-97af-5657147a9d59\">Baixa<\/a><\/div>\n<\/div><\/div>\n\n\n\n<div class=\"wp-block-getwid-tabs__nav-link\"><span class=\"wp-block-getwid-tabs__title-wrapper\"><a href=\"#\"><span class=\"wp-block-getwid-tabs__title\">N\u00famero de desempat<\/span><\/a><\/span><\/div><div class=\"wp-block-getwid-tabs__tab-content-wrapper\"><div class=\"wp-block-getwid-tabs__tab-content\">\n<p><\/p>\n<\/div><\/div>\n\n\n\n<div class=\"wp-block-getwid-tabs__nav-link\"><span class=\"wp-block-getwid-tabs__title-wrapper\"><a href=\"#\"><span class=\"wp-block-getwid-tabs__title\">Sol\u00b7licituds (ordenat)<\/span><\/a><\/span><\/div><div class=\"wp-block-getwid-tabs__tab-content-wrapper\"><div class=\"wp-block-getwid-tabs__tab-content\">\n<p><\/p>\n<\/div><\/div>\n\n\n\n<div class=\"wp-block-getwid-tabs__nav-link\"><span class=\"wp-block-getwid-tabs__title-wrapper\"><a href=\"#\"><span class=\"wp-block-getwid-tabs__title\">Oferta Definitiva<\/span><\/a><\/span><\/div><div class=\"wp-block-getwid-tabs__tab-content-wrapper\"><div class=\"wp-block-getwid-tabs__tab-content\">\n<p><\/p>\n\n\n\n<p><\/p>\n<\/div><\/div>\n\n\n\n<div class=\"wp-block-getwid-tabs__nav-link\"><span class=\"wp-block-getwid-tabs__title-wrapper\"><a href=\"#\"><span class=\"wp-block-getwid-tabs__title\">Assignades<\/span><\/a><\/span><\/div><div class=\"wp-block-getwid-tabs__tab-content-wrapper\"><div class=\"wp-block-getwid-tabs__tab-content\">\n<p><\/p>\n<\/div><\/div>\n\n\n\n<div class=\"wp-block-getwid-tabs__nav-link\"><span class=\"wp-block-getwid-tabs__title-wrapper\"><a href=\"#\"><span class=\"wp-block-getwid-tabs__title\">Llista d&#8217;espera<\/span><\/a><\/span><\/div><div class=\"wp-block-getwid-tabs__tab-content-wrapper\"><div class=\"wp-block-getwid-tabs__tab-content\">\n<p><\/p>\n<\/div><\/div>\n\n\n\n<div class=\"wp-block-getwid-tabs__nav-link\"><span class=\"wp-block-getwid-tabs__title-wrapper\"><a href=\"#\"><span class=\"wp-block-getwid-tabs__title\">Preinscrits<\/span><\/a><\/span><\/div><div class=\"wp-block-getwid-tabs__tab-content-wrapper\"><div class=\"wp-block-getwid-tabs__tab-content\">\n<p><\/p>\n<\/div><\/div>\n<\/div>\n\n\n\n<p><\/p>\n","protected":false},"excerpt":{"rendered":"<p>En breu arriba la preinscripci\u00f3 escolar per al curs 26-27, tant pels que feu el salt a la secund\u00e0ria com [&hellip;]<\/p>\n","protected":false},"author":1,"featured_media":1069,"comment_status":"closed","ping_status":"open","sticky":false,"template":"","format":"standard","meta":{"site-sidebar-layout":"default","site-content-layout":"","ast-site-content-layout":"default","site-content-style":"default","site-sidebar-style":"default","ast-global-header-display":"","ast-banner-title-visibility":"","ast-main-header-display":"","ast-hfb-above-header-display":"","ast-hfb-below-header-display":"","ast-hfb-mobile-header-display":"","site-post-title":"","ast-breadcrumbs-content":"","ast-featured-img":"","footer-sml-layout":"","theme-transparent-header-meta":"","adv-header-id-meta":"","stick-header-meta":"","header-above-stick-meta":"","header-main-stick-meta":"","header-below-stick-meta":"","astra-migrate-meta-layouts":"set","ast-page-background-enabled":"default","ast-page-background-meta":{"desktop":{"background-color":"var(--ast-global-color-4)","background-image":"","background-repeat":"repeat","background-position":"center center","background-size":"auto","background-attachment":"scroll","background-type":"","background-media":"","overlay-type":"","overlay-color":"","overlay-opacity":"","overlay-gradient":""},"tablet":{"background-color":"","background-image":"","background-repeat":"repeat","background-position":"center center","background-size":"auto","background-attachment":"scroll","background-type":"","background-media":"","overlay-type":"","overlay-color":"","overlay-opacity":"","overlay-gradient":""},"mobile":{"background-color":"","background-image":"","background-repeat":"repeat","background-position":"center center","background-size":"auto","background-attachment":"scroll","background-type":"","background-media":"","overlay-type":"","overlay-color":"","overlay-opacity":"","overlay-gradient":""}},"ast-content-background-meta":{"desktop":{"background-color":"var(--ast-global-color-5)","background-image":"","background-repeat":"repeat","background-position":"center center","background-size":"auto","background-attachment":"scroll","background-type":"","background-media":"","overlay-type":"","overlay-color":"","overlay-opacity":"","overlay-gradient":""},"tablet":{"background-color":"var(--ast-global-color-5)","background-image":"","background-repeat":"repeat","background-position":"center center","background-size":"auto","background-attachment":"scroll","background-type":"","background-media":"","overlay-type":"","overlay-color":"","overlay-opacity":"","overlay-gradient":""},"mobile":{"background-color":"var(--ast-global-color-5)","background-image":"","background-repeat":"repeat","background-position":"center center","background-size":"auto","background-attachment":"scroll","background-type":"","background-media":"","overlay-type":"","overlay-color":"","overlay-opacity":"","overlay-gradient":""}},"footnotes":""},"categories":[15,1,3,2,4,5],"tags":[68,67],"class_list":["post-1066","post","type-post","status-publish","format-standard","has-post-thumbnail","hentry","category-6e","category-general","category-i3","category-infantil","category-portada","category-primaria","tag-matricula","tag-preinscripcio"],"post_mailing_queue_ids":[],"_links":{"self":[{"href":"https:\/\/agora.xtec.cat\/escolasagradafamiliagracia\/wp-json\/wp\/v2\/posts\/1066","targetHints":{"allow":["GET"]}}],"collection":[{"href":"https:\/\/agora.xtec.cat\/escolasagradafamiliagracia\/wp-json\/wp\/v2\/posts"}],"about":[{"href":"https:\/\/agora.xtec.cat\/escolasagradafamiliagracia\/wp-json\/wp\/v2\/types\/post"}],"author":[{"embeddable":true,"href":"https:\/\/agora.xtec.cat\/escolasagradafamiliagracia\/wp-json\/wp\/v2\/users\/1"}],"replies":[{"embeddable":true,"href":"https:\/\/agora.xtec.cat\/escolasagradafamiliagracia\/wp-json\/wp\/v2\/comments?post=1066"}],"version-history":[{"count":6,"href":"https:\/\/agora.xtec.cat\/escolasagradafamiliagracia\/wp-json\/wp\/v2\/posts\/1066\/revisions"}],"predecessor-version":[{"id":1085,"href":"https:\/\/agora.xtec.cat\/escolasagradafamiliagracia\/wp-json\/wp\/v2\/posts\/1066\/revisions\/1085"}],"wp:featuredmedia":[{"embeddable":true,"href":"https:\/\/agora.xtec.cat\/escolasagradafamiliagracia\/wp-json\/wp\/v2\/media\/1069"}],"wp:attachment":[{"href":"https:\/\/agora.xtec.cat\/escolasagradafamiliagracia\/wp-json\/wp\/v2\/media?parent=1066"}],"wp:term":[{"taxonomy":"category","embeddable":true,"href":"https:\/\/agora.xtec.cat\/escolasagradafamiliagracia\/wp-json\/wp\/v2\/categories?post=1066"},{"taxonomy":"post_tag","embeddable":true,"href":"https:\/\/agora.xtec.cat\/escolasagradafamiliagracia\/wp-json\/wp\/v2\/tags?post=1066"}],"curies":[{"name":"wp","href":"https:\/\/api.w.org\/{rel}","templated":true}]}}