{"id":1003,"date":"2025-12-09T20:09:26","date_gmt":"2025-12-09T19:09:26","guid":{"rendered":"https:\/\/agora.xtec.cat\/escolasagradafamiliagracia\/?p=1003"},"modified":"2026-01-12T09:39:55","modified_gmt":"2026-01-12T08:39:55","slug":"i3-ens-presenta-les-seves-mascotes","status":"publish","type":"post","link":"https:\/\/agora.xtec.cat\/escolasagradafamiliagracia\/general\/i3-ens-presenta-les-seves-mascotes\/","title":{"rendered":"I3 ens presenta les seves mascotes"},"content":{"rendered":"\n<p>Els nens i nenes d\u2019i3 tindran tot el curs formigues i cargols, ja que son la classe amb el nom d\u2019aquests animals.&nbsp; Els nens i nenes de la Franja de periodistes hem anat a parlar amb ells per a qu\u00e8 ens expliquin qu\u00e8 fan amb les seves mascotes.<\/p>\n\n\n<figure class=\"wp-block-post-featured-image\"><img loading=\"lazy\" decoding=\"async\" width=\"1280\" height=\"960\" src=\"https:\/\/agora.xtec.cat\/escolasagradafamiliagracia\/wp-content\/uploads\/usu3051\/2025\/12\/IMG_3257-Gran-1.jpeg\" class=\"attachment-post-thumbnail size-post-thumbnail wp-post-image\" alt=\"\" style=\"object-fit:cover;\" srcset=\"https:\/\/agora.xtec.cat\/escolasagradafamiliagracia\/wp-content\/uploads\/usu3051\/2025\/12\/IMG_3257-Gran-1.jpeg 1280w, https:\/\/agora.xtec.cat\/escolasagradafamiliagracia\/wp-content\/uploads\/usu3051\/2025\/12\/IMG_3257-Gran-1-300x225.jpeg 300w, https:\/\/agora.xtec.cat\/escolasagradafamiliagracia\/wp-content\/uploads\/usu3051\/2025\/12\/IMG_3257-Gran-1-1024x768.jpeg 1024w, https:\/\/agora.xtec.cat\/escolasagradafamiliagracia\/wp-content\/uploads\/usu3051\/2025\/12\/IMG_3257-Gran-1-768x576.jpeg 768w\" sizes=\"auto, (max-width: 1280px) 100vw, 1280px\" \/><\/figure>\n\n\n<p> Aix\u00f2 \u00e9s el que ens han dit: Els donen menjar i ahir els van posar terra del pati i a les formigues tamb\u00e9 els vam posar terra i la vam mullar.&nbsp;Cada dia els hi posen aigua amb menjar de formiga. Al formiguer han vist com fan habitacions i escarven. Tamb\u00e9 ens han explicat que&nbsp; hi ha tot de formigues normals i una formiga reina que \u00e9s m\u00e9s gran. Els cargols mengen col i enciam.<\/p>\n\n\n\n<p>Mitjans- Franja de periodistes- Bet, Laia L., Duna i Laia A<\/p>\n\n\n\n<div class=\"wp-block-getwid-images-slider has-arrows-inside has-dots-inside has-images-center has-cropped-images\"><div class=\"wp-block-getwid-images-slider__wrapper\" data-effect=\"slide\" data-slides-show=\"1\" data-slides-show-laptop=\"1\" data-slides-show-tablet=\"1\" data-slides-show-mobile=\"1\" data-slides-scroll=\"1\" data-autoplay=\"false\" data-pause-hover=\"false\" data-autoplay-speed=\"6000\" data-infinite=\"true\" data-animation-speed=\"800\" data-center-mode=\"false\" data-variable-width=\"false\" data-arrows=\"inside\" data-dots=\"inside\" data-spacing=\"none\"><div class=\"wp-block-getwid-images-slider__item\"><figure><img loading=\"lazy\" decoding=\"async\" width=\"960\" height=\"1280\" src=\"https:\/\/agora.xtec.cat\/escolasagradafamiliagracia\/wp-content\/uploads\/usu3051\/2025\/12\/Disseny-sense-titol-4-Gran.jpeg\" data-id=\"1022\" data-link=\"https:\/\/agora.xtec.cat\/escolasagradafamiliagracia\/general\/i3-ens-presenta-les-seves-mascotes\/attachment\/disseny-sense-titol-1\/\" class=\"wp-block-getwid-images-slider__image wp-image-1022\" srcset=\"https:\/\/agora.xtec.cat\/escolasagradafamiliagracia\/wp-content\/uploads\/usu3051\/2025\/12\/Disseny-sense-titol-4-Gran.jpeg 960w, https:\/\/agora.xtec.cat\/escolasagradafamiliagracia\/wp-content\/uploads\/usu3051\/2025\/12\/Disseny-sense-titol-4-Gran-225x300.jpeg 225w, https:\/\/agora.xtec.cat\/escolasagradafamiliagracia\/wp-content\/uploads\/usu3051\/2025\/12\/Disseny-sense-titol-4-Gran-768x1024.jpeg 768w\" sizes=\"auto, (max-width: 960px) 100vw, 960px\" \/><\/figure><\/div><div class=\"wp-block-getwid-images-slider__item\"><figure><img loading=\"lazy\" decoding=\"async\" width=\"1280\" height=\"960\" src=\"https:\/\/agora.xtec.cat\/escolasagradafamiliagracia\/wp-content\/uploads\/usu3051\/2025\/12\/IMG_3257-Gran-1.jpeg\" data-id=\"1016\" data-link=\"https:\/\/agora.xtec.cat\/escolasagradafamiliagracia\/general\/i3-ens-presenta-les-seves-mascotes\/attachment\/img_3257-gran-2\/\" class=\"wp-block-getwid-images-slider__image wp-image-1016\" srcset=\"https:\/\/agora.xtec.cat\/escolasagradafamiliagracia\/wp-content\/uploads\/usu3051\/2025\/12\/IMG_3257-Gran-1.jpeg 1280w, https:\/\/agora.xtec.cat\/escolasagradafamiliagracia\/wp-content\/uploads\/usu3051\/2025\/12\/IMG_3257-Gran-1-300x225.jpeg 300w, https:\/\/agora.xtec.cat\/escolasagradafamiliagracia\/wp-content\/uploads\/usu3051\/2025\/12\/IMG_3257-Gran-1-1024x768.jpeg 1024w, https:\/\/agora.xtec.cat\/escolasagradafamiliagracia\/wp-content\/uploads\/usu3051\/2025\/12\/IMG_3257-Gran-1-768x576.jpeg 768w\" sizes=\"auto, (max-width: 1280px) 100vw, 1280px\" \/><\/figure><\/div><div class=\"wp-block-getwid-images-slider__item\"><figure><img loading=\"lazy\" decoding=\"async\" width=\"2048\" height=\"1536\" src=\"https:\/\/agora.xtec.cat\/escolasagradafamiliagracia\/wp-content\/uploads\/usu3051\/2025\/12\/PHOTO-2025-12-05-20-32-27-1.jpg\" data-id=\"1014\" data-link=\"https:\/\/agora.xtec.cat\/escolasagradafamiliagracia\/general\/i3-ens-presenta-les-seves-mascotes\/attachment\/photo-2025-12-05-20-32-27-2\/\" class=\"wp-block-getwid-images-slider__image wp-image-1014\" srcset=\"https:\/\/agora.xtec.cat\/escolasagradafamiliagracia\/wp-content\/uploads\/usu3051\/2025\/12\/PHOTO-2025-12-05-20-32-27-1.jpg 2048w, https:\/\/agora.xtec.cat\/escolasagradafamiliagracia\/wp-content\/uploads\/usu3051\/2025\/12\/PHOTO-2025-12-05-20-32-27-1-300x225.jpg 300w, https:\/\/agora.xtec.cat\/escolasagradafamiliagracia\/wp-content\/uploads\/usu3051\/2025\/12\/PHOTO-2025-12-05-20-32-27-1-1024x768.jpg 1024w, https:\/\/agora.xtec.cat\/escolasagradafamiliagracia\/wp-content\/uploads\/usu3051\/2025\/12\/PHOTO-2025-12-05-20-32-27-1-768x576.jpg 768w, https:\/\/agora.xtec.cat\/escolasagradafamiliagracia\/wp-content\/uploads\/usu3051\/2025\/12\/PHOTO-2025-12-05-20-32-27-1-1536x1152.jpg 1536w\" sizes=\"auto, (max-width: 2048px) 100vw, 2048px\" \/><\/figure><\/div><div class=\"wp-block-getwid-images-slider__item\"><figure><img loading=\"lazy\" decoding=\"async\" width=\"2224\" height=\"1255\" src=\"https:\/\/agora.xtec.cat\/escolasagradafamiliagracia\/wp-content\/uploads\/usu3051\/2025\/12\/IMG_3262-1.jpg\" data-id=\"1013\" data-link=\"https:\/\/agora.xtec.cat\/escolasagradafamiliagracia\/general\/i3-ens-presenta-les-seves-mascotes\/attachment\/screenshot-4\/\" class=\"wp-block-getwid-images-slider__image wp-image-1013\" srcset=\"https:\/\/agora.xtec.cat\/escolasagradafamiliagracia\/wp-content\/uploads\/usu3051\/2025\/12\/IMG_3262-1.jpg 2224w, https:\/\/agora.xtec.cat\/escolasagradafamiliagracia\/wp-content\/uploads\/usu3051\/2025\/12\/IMG_3262-1-300x169.jpg 300w, https:\/\/agora.xtec.cat\/escolasagradafamiliagracia\/wp-content\/uploads\/usu3051\/2025\/12\/IMG_3262-1-1024x578.jpg 1024w, https:\/\/agora.xtec.cat\/escolasagradafamiliagracia\/wp-content\/uploads\/usu3051\/2025\/12\/IMG_3262-1-768x433.jpg 768w, https:\/\/agora.xtec.cat\/escolasagradafamiliagracia\/wp-content\/uploads\/usu3051\/2025\/12\/IMG_3262-1-1536x867.jpg 1536w, https:\/\/agora.xtec.cat\/escolasagradafamiliagracia\/wp-content\/uploads\/usu3051\/2025\/12\/IMG_3262-1-2048x1156.jpg 2048w\" sizes=\"auto, (max-width: 2224px) 100vw, 2224px\" \/><\/figure><\/div><div class=\"wp-block-getwid-images-slider__item\"><figure><img loading=\"lazy\" decoding=\"async\" width=\"2224\" height=\"1254\" src=\"https:\/\/agora.xtec.cat\/escolasagradafamiliagracia\/wp-content\/uploads\/usu3051\/2025\/12\/IMG_3261-1.jpg\" data-id=\"1012\" data-link=\"https:\/\/agora.xtec.cat\/escolasagradafamiliagracia\/general\/i3-ens-presenta-les-seves-mascotes\/attachment\/screenshot-3\/\" class=\"wp-block-getwid-images-slider__image wp-image-1012\" srcset=\"https:\/\/agora.xtec.cat\/escolasagradafamiliagracia\/wp-content\/uploads\/usu3051\/2025\/12\/IMG_3261-1.jpg 2224w, https:\/\/agora.xtec.cat\/escolasagradafamiliagracia\/wp-content\/uploads\/usu3051\/2025\/12\/IMG_3261-1-300x169.jpg 300w, https:\/\/agora.xtec.cat\/escolasagradafamiliagracia\/wp-content\/uploads\/usu3051\/2025\/12\/IMG_3261-1-1024x577.jpg 1024w, https:\/\/agora.xtec.cat\/escolasagradafamiliagracia\/wp-content\/uploads\/usu3051\/2025\/12\/IMG_3261-1-768x433.jpg 768w, https:\/\/agora.xtec.cat\/escolasagradafamiliagracia\/wp-content\/uploads\/usu3051\/2025\/12\/IMG_3261-1-1536x866.jpg 1536w, https:\/\/agora.xtec.cat\/escolasagradafamiliagracia\/wp-content\/uploads\/usu3051\/2025\/12\/IMG_3261-1-2048x1155.jpg 2048w\" sizes=\"auto, (max-width: 2224px) 100vw, 2224px\" \/><\/figure><\/div><\/div><\/div>\n\n\n<div class=\"taxonomy-category wp-block-post-terms\"><a href=\"https:\/\/agora.xtec.cat\/escolasagradafamiliagracia\/categoria\/primaria\/1r\/\" rel=\"tag\">1r<\/a><span class=\"wp-block-post-terms__separator\">, <\/span><a href=\"https:\/\/agora.xtec.cat\/escolasagradafamiliagracia\/categoria\/primaria\/2n\/\" rel=\"tag\">2n<\/a><span class=\"wp-block-post-terms__separator\">, <\/span><a href=\"https:\/\/agora.xtec.cat\/escolasagradafamiliagracia\/categoria\/primaria\/3r\/\" rel=\"tag\">3r<\/a><span class=\"wp-block-post-terms__separator\">, <\/span><a href=\"https:\/\/agora.xtec.cat\/escolasagradafamiliagracia\/categoria\/general\/\" rel=\"tag\">General<\/a><span class=\"wp-block-post-terms__separator\">, <\/span><a href=\"https:\/\/agora.xtec.cat\/escolasagradafamiliagracia\/categoria\/infantil\/i3\/\" rel=\"tag\">I3<\/a><span class=\"wp-block-post-terms__separator\">, <\/span><a href=\"https:\/\/agora.xtec.cat\/escolasagradafamiliagracia\/categoria\/infantil\/\" rel=\"tag\">Infantil<\/a><span class=\"wp-block-post-terms__separator\">, <\/span><a href=\"https:\/\/agora.xtec.cat\/escolasagradafamiliagracia\/categoria\/portada\/\" rel=\"tag\">Portada<\/a><span class=\"wp-block-post-terms__separator\">, <\/span><a href=\"https:\/\/agora.xtec.cat\/escolasagradafamiliagracia\/categoria\/primaria\/\" rel=\"tag\">Prim\u00e0ria<\/a><\/div>\n\n<div class=\"taxonomy-post_tag wp-block-post-terms\"><a href=\"https:\/\/agora.xtec.cat\/escolasagradafamiliagracia\/tag\/curs-25-26\/\" rel=\"tag\">Curs 25-26<\/a><\/div>\n\n","protected":false},"excerpt":{"rendered":"<p>Els nens i nenes d\u2019i3 tindran tot el curs formigues i cargols, ja que son la classe amb el nom [&hellip;]<\/p>\n","protected":false},"author":1,"featured_media":1016,"comment_status":"open","ping_status":"open","sticky":false,"template":"","format":"standard","meta":{"site-sidebar-layout":"default","site-content-layout":"","ast-site-content-layout":"default","site-content-style":"default","site-sidebar-style":"default","ast-global-header-display":"","ast-banner-title-visibility":"","ast-main-header-display":"","ast-hfb-above-header-display":"","ast-hfb-below-header-display":"","ast-hfb-mobile-header-display":"","site-post-title":"","ast-breadcrumbs-content":"","ast-featured-img":"","footer-sml-layout":"","theme-transparent-header-meta":"","adv-header-id-meta":"","stick-header-meta":"","header-above-stick-meta":"","header-main-stick-meta":"","header-below-stick-meta":"","astra-migrate-meta-layouts":"set","ast-page-background-enabled":"default","ast-page-background-meta":{"desktop":{"background-color":"var(--ast-global-color-4)","background-image":"","background-repeat":"repeat","background-position":"center center","background-size":"auto","background-attachment":"scroll","background-type":"","background-media":"","overlay-type":"","overlay-color":"","overlay-opacity":"","overlay-gradient":""},"tablet":{"background-color":"","background-image":"","background-repeat":"repeat","background-position":"center center","background-size":"auto","background-attachment":"scroll","background-type":"","background-media":"","overlay-type":"","overlay-color":"","overlay-opacity":"","overlay-gradient":""},"mobile":{"background-color":"","background-image":"","background-repeat":"repeat","background-position":"center center","background-size":"auto","background-attachment":"scroll","background-type":"","background-media":"","overlay-type":"","overlay-color":"","overlay-opacity":"","overlay-gradient":""}},"ast-content-background-meta":{"desktop":{"background-color":"var(--ast-global-color-5)","background-image":"","background-repeat":"repeat","background-position":"center center","background-size":"auto","background-attachment":"scroll","background-type":"","background-media":"","overlay-type":"","overlay-color":"","overlay-opacity":"","overlay-gradient":""},"tablet":{"background-color":"var(--ast-global-color-5)","background-image":"","background-repeat":"repeat","background-position":"center center","background-size":"auto","background-attachment":"scroll","background-type":"","background-media":"","overlay-type":"","overlay-color":"","overlay-opacity":"","overlay-gradient":""},"mobile":{"background-color":"var(--ast-global-color-5)","background-image":"","background-repeat":"repeat","background-position":"center center","background-size":"auto","background-attachment":"scroll","background-type":"","background-media":"","overlay-type":"","overlay-color":"","overlay-opacity":"","overlay-gradient":""}},"footnotes":""},"categories":[10,11,12,1,3,2,4,5],"tags":[70],"class_list":["post-1003","post","type-post","status-publish","format-standard","has-post-thumbnail","hentry","category-1r","category-2n","category-3r","category-general","category-i3","category-infantil","category-portada","category-primaria","tag-curs-25-26"],"post_mailing_queue_ids":[],"_links":{"self":[{"href":"https:\/\/agora.xtec.cat\/escolasagradafamiliagracia\/wp-json\/wp\/v2\/posts\/1003","targetHints":{"allow":["GET"]}}],"collection":[{"href":"https:\/\/agora.xtec.cat\/escolasagradafamiliagracia\/wp-json\/wp\/v2\/posts"}],"about":[{"href":"https:\/\/agora.xtec.cat\/escolasagradafamiliagracia\/wp-json\/wp\/v2\/types\/post"}],"author":[{"embeddable":true,"href":"https:\/\/agora.xtec.cat\/escolasagradafamiliagracia\/wp-json\/wp\/v2\/users\/1"}],"replies":[{"embeddable":true,"href":"https:\/\/agora.xtec.cat\/escolasagradafamiliagracia\/wp-json\/wp\/v2\/comments?post=1003"}],"version-history":[{"count":6,"href":"https:\/\/agora.xtec.cat\/escolasagradafamiliagracia\/wp-json\/wp\/v2\/posts\/1003\/revisions"}],"predecessor-version":[{"id":1026,"href":"https:\/\/agora.xtec.cat\/escolasagradafamiliagracia\/wp-json\/wp\/v2\/posts\/1003\/revisions\/1026"}],"wp:featuredmedia":[{"embeddable":true,"href":"https:\/\/agora.xtec.cat\/escolasagradafamiliagracia\/wp-json\/wp\/v2\/media\/1016"}],"wp:attachment":[{"href":"https:\/\/agora.xtec.cat\/escolasagradafamiliagracia\/wp-json\/wp\/v2\/media?parent=1003"}],"wp:term":[{"taxonomy":"category","embeddable":true,"href":"https:\/\/agora.xtec.cat\/escolasagradafamiliagracia\/wp-json\/wp\/v2\/categories?post=1003"},{"taxonomy":"post_tag","embeddable":true,"href":"https:\/\/agora.xtec.cat\/escolasagradafamiliagracia\/wp-json\/wp\/v2\/tags?post=1003"}],"curies":[{"name":"wp","href":"https:\/\/api.w.org\/{rel}","templated":true}]}}