{"id":33860,"date":"2026-04-30T09:39:37","date_gmt":"2026-04-30T07:39:37","guid":{"rendered":"https:\/\/agora.xtec.cat\/escolasaavedra\/?p=33860"},"modified":"2026-04-30T09:39:37","modified_gmt":"2026-04-30T07:39:37","slug":"les-nostres-veus-a-la-tele","status":"publish","type":"post","link":"https:\/\/agora.xtec.cat\/escolasaavedra\/infantil\/les-nostres-veus-a-la-tele\/","title":{"rendered":"Les nostres veus a la tele!"},"content":{"rendered":"<p><b>Participem en el programa d\u2019en Tit\u00f3 \u201cExcursi\u00f3 a T\u00e0rraco\u201d!<\/b><\/p>\n<p><span style=\"font-weight: 400;\">El dilluns 13 de mar\u00e7 es va emetre un nou cap\u00edtol de la s\u00e8rie Tit\u00f3. Abans d\u2019entrar a l\u2019escola molts infants del grup ja l\u2019havien vist. El nostre grup estava molt interessant en descobrir-lo. Ara sabreu per qu\u00e8:<\/span><\/p>\n<p><span style=\"font-weight: 400;\">En aquest episodi la Tat, amiga del John C i el Tit\u00f3, ens convida a con\u00e8ixer T\u00e0rraco. Es tracta d\u2019una passejada pels monuments m\u00e9s importants i representatius de la nostra ciutat a l\u2019\u00e8poca romana tot comentant diversos aspectes de la vida d\u2019aquell temps.<\/span><\/p>\n<p><span style=\"font-weight: 400;\">A banda del seu contingut, molt ben tractat i adequat per al p\u00fablic al qual s\u2019adre\u00e7a, la Tat i el John C van estar acompanyats per les veus en off dels infants d\u2019I4 que havien participat, setmanes abans, en una sessi\u00f3 de gravaci\u00f3.<\/span><\/p>\n<p><span style=\"font-weight: 400;\">En diferents moments de la setmana vam anar veient a l\u2019aula el cap\u00edtol. \u00c9s divertit de localitzar cada infant del grup fent expressions de sorpresa, d\u2019afirmaci\u00f3, preguntes i, fins i tot, mostrant trets del nostre parlar tarragon\u00ed.<\/span><\/p>\n<p><span style=\"font-weight: 400;\">L\u2019enregistrament de les veus va ser una experi\u00e8ncia molt interessant: calia estar molt atent i concentrat per repetir l\u2019expressi\u00f3 que es necessitava o la frase que es proposava amb diferents entonacions per destriar, despr\u00e9s, la m\u00e9s adequada.<\/span><\/p>\n<p><span style=\"font-weight: 400;\">Calia repetir amb precisi\u00f3 segons les indicacions donades, estar en silenci absolut, participar individualment o b\u00e9 en grup quan es requeria un conjunt\u2026\u00a0<\/span><\/p>\n<p><span style=\"font-weight: 400;\">Aquesta activitat va enriquir molt el grup perqu\u00e8 tots els infants van concentrar-se de valent i amb molt d\u2019entusiasme. L\u2019equip t\u00e8cnic, molt professional i amable, va felicitar-los i va admirar la capacitat de treball i de respecte pel repte que se\u2019ls havia proposat a uns infants de 4 anys.<\/span><\/p>\n<p><span style=\"font-weight: 400;\">Les veus d\u2019aquest grup d\u2019alumnes quedar\u00e0 per sempre, per molts anys que passin, gravades a l\u2019episodi. Talment com aquelles marques de diferents picapedrers de la nostra muralla \ud83d\ude09<\/span><\/p>\n<p><span style=\"font-weight: 400;\">Si voleu veure el cap\u00edtol, cliqueu <a href=\"https:\/\/www.google.com\/search?q=tit%C3%B3+i+T%C3%A0rraco&amp;oq=tit%C3%B3+i+T%C3%A0rraco&amp;gs_lcrp=EgZjaHJvbWUyBggAEEUYOTIHCAEQIRigATIHCAIQIRigAdIBCTQxODJqMGoxNagCCLACAfEFdcwfOpZaW2E&amp;sourceid=chrome&amp;ie=UTF-8#fpstate=ive&amp;vld=cid:3339c65d,vid:3NWtiQ0l4UA,st:0\">aqu\u00ed<\/a><\/span><\/p>\n<p style=\"text-align: center;\"><a href=\"https:\/\/agora.xtec.cat\/escolasaavedra\/wp-content\/uploads\/usu587\/2026\/04\/Foto-1.jpg\"><img loading=\"lazy\" decoding=\"async\" class=\"alignnone size-large wp-image-33861\" src=\"https:\/\/agora.xtec.cat\/escolasaavedra\/wp-content\/uploads\/usu587\/2026\/04\/Foto-1-1024x771.jpg\" alt=\"\" width=\"1024\" height=\"771\" srcset=\"https:\/\/agora.xtec.cat\/escolasaavedra\/wp-content\/uploads\/usu587\/2026\/04\/Foto-1-1024x771.jpg 1024w, https:\/\/agora.xtec.cat\/escolasaavedra\/wp-content\/uploads\/usu587\/2026\/04\/Foto-1-300x226.jpg 300w, https:\/\/agora.xtec.cat\/escolasaavedra\/wp-content\/uploads\/usu587\/2026\/04\/Foto-1-768x578.jpg 768w, https:\/\/agora.xtec.cat\/escolasaavedra\/wp-content\/uploads\/usu587\/2026\/04\/Foto-1-1536x1157.jpg 1536w, https:\/\/agora.xtec.cat\/escolasaavedra\/wp-content\/uploads\/usu587\/2026\/04\/Foto-1.jpg 2040w\" sizes=\"auto, (max-width: 1024px) 100vw, 1024px\" \/><\/a> <a href=\"https:\/\/agora.xtec.cat\/escolasaavedra\/wp-content\/uploads\/usu587\/2026\/04\/Foto-2-scaled.jpg\"><img loading=\"lazy\" decoding=\"async\" class=\"alignnone size-large wp-image-33862\" src=\"https:\/\/agora.xtec.cat\/escolasaavedra\/wp-content\/uploads\/usu587\/2026\/04\/Foto-2-1024x768.jpg\" alt=\"\" width=\"1024\" height=\"768\" srcset=\"https:\/\/agora.xtec.cat\/escolasaavedra\/wp-content\/uploads\/usu587\/2026\/04\/Foto-2-1024x768.jpg 1024w, https:\/\/agora.xtec.cat\/escolasaavedra\/wp-content\/uploads\/usu587\/2026\/04\/Foto-2-300x225.jpg 300w, https:\/\/agora.xtec.cat\/escolasaavedra\/wp-content\/uploads\/usu587\/2026\/04\/Foto-2-768x576.jpg 768w, https:\/\/agora.xtec.cat\/escolasaavedra\/wp-content\/uploads\/usu587\/2026\/04\/Foto-2-1536x1152.jpg 1536w, https:\/\/agora.xtec.cat\/escolasaavedra\/wp-content\/uploads\/usu587\/2026\/04\/Foto-2-2048x1536.jpg 2048w\" sizes=\"auto, (max-width: 1024px) 100vw, 1024px\" \/><\/a> <a href=\"https:\/\/agora.xtec.cat\/escolasaavedra\/wp-content\/uploads\/usu587\/2026\/04\/Foto-3.jpg\"><img loading=\"lazy\" decoding=\"async\" class=\"alignnone size-large wp-image-33863\" src=\"https:\/\/agora.xtec.cat\/escolasaavedra\/wp-content\/uploads\/usu587\/2026\/04\/Foto-3-1024x577.jpg\" alt=\"\" width=\"1024\" height=\"577\" srcset=\"https:\/\/agora.xtec.cat\/escolasaavedra\/wp-content\/uploads\/usu587\/2026\/04\/Foto-3-1024x577.jpg 1024w, https:\/\/agora.xtec.cat\/escolasaavedra\/wp-content\/uploads\/usu587\/2026\/04\/Foto-3-300x169.jpg 300w, https:\/\/agora.xtec.cat\/escolasaavedra\/wp-content\/uploads\/usu587\/2026\/04\/Foto-3-768x433.jpg 768w, https:\/\/agora.xtec.cat\/escolasaavedra\/wp-content\/uploads\/usu587\/2026\/04\/Foto-3.jpg 1280w\" sizes=\"auto, (max-width: 1024px) 100vw, 1024px\" \/><\/a><\/p>\n<p style=\"text-align: center;\"><iframe loading=\"lazy\" title=\"YouTube video player\" src=\"https:\/\/www.youtube.com\/embed\/Ymk2k0iZ3XQ?si=MGLX0LRqtXqggUrZ\" width=\"560\" height=\"315\" frameborder=\"0\" allowfullscreen=\"allowfullscreen\"><\/iframe><\/p>\n<p style=\"text-align: center;\"><iframe loading=\"lazy\" title=\"YouTube video player\" src=\"https:\/\/www.youtube.com\/embed\/W9nOIIvZjzg?si=JlGDIKH8g_evL3xg\" width=\"560\" height=\"315\" frameborder=\"0\" allowfullscreen=\"allowfullscreen\"><\/iframe><\/p>\n<p style=\"text-align: center;\"><iframe loading=\"lazy\" title=\"YouTube video player\" src=\"https:\/\/www.youtube.com\/embed\/xXDSr3LjPdE?si=iCtIQhPKIqANpT8x\" width=\"560\" height=\"315\" frameborder=\"0\" allowfullscreen=\"allowfullscreen\"><\/iframe><\/p>\n","protected":false},"excerpt":{"rendered":"<p>Participem en el programa d\u2019en Tit\u00f3 \u201cExcursi\u00f3 a T\u00e0rraco\u201d!<\/p>\n<p>El dilluns 13 de mar\u00e7 es va emetre un nou cap\u00edtol de la s\u00e8rie Tit\u00f3. Abans d\u2019entrar a l\u2019escola molts infants del grup ja l\u2019havien vist. El nostre grup estava molt interessant en descobrir-lo. Ara sabreu per qu\u00e8:<\/p>\n<p>En aquest episodi la Tat, amiga del John C i el Tit\u00f3, ens convida a con\u00e8ixer T\u00e0rraco. Es tracta d\u2019una passejada pels monuments m\u00e9s importants i representatius de la nostra ciutat a l\u2019\u00e8poca romana tot comentant diversos aspectes de la vida d\u2019aquell temps.<\/p>\n<p>A banda del seu contingut, molt ben tractat i adequat per al p\u00fablic al qual s\u2019adre\u00e7a, la Tat i el John C van estar acompanyats per les veus en off dels infants d\u2019I4 que havien participat, setmanes abans, en una sessi\u00f3 de gravaci\u00f3.<\/p>\n<p>En diferents moments de la setmana vam anar veient a l\u2019aula el cap\u00edtol. \u00c9s divertit de localitzar cada infant del grup fent expressions de sorpresa, d\u2019afirmaci\u00f3, preguntes i, fins i tot, mostrant trets del nostre parlar tarragon\u00ed.<\/p>\n<p>L\u2019enregistrament de les veus va ser una experi\u00e8ncia molt interessant: calia estar molt atent i concentrat per repetir l\u2019expressi\u00f3 que es necessitava o la frase que es proposava amb diferents entonacions per destriar, despr\u00e9s, la m\u00e9s adequada.<\/p>\n<p>Calia repetir amb precisi\u00f3 segons les indicacions donades, estar en silenci absolut, participar individualment o b\u00e9 en grup quan es requeria un conjunt\u2026\u00a0<\/p>\n<p>Aquesta activitat va enriquir molt el grup perqu\u00e8 tots els infants van concentrar-se de valent i amb molt d\u2019entusiasme. L\u2019equip t\u00e8cnic, molt professional i amable, va felicitar-los i va<\/p>\n","protected":false},"author":147,"featured_media":33863,"comment_status":"open","ping_status":"open","sticky":false,"template":"","format":"standard","meta":{"_bbp_topic_count":0,"_bbp_reply_count":0,"_bbp_total_topic_count":0,"_bbp_total_reply_count":0,"_bbp_voice_count":0,"_bbp_anonymous_reply_count":0,"_bbp_topic_count_hidden":0,"_bbp_reply_count_hidden":0,"_bbp_forum_subforum_count":0,"site-sidebar-layout":"default","site-content-layout":"","ast-site-content-layout":"default","site-content-style":"default","site-sidebar-style":"default","ast-global-header-display":"","ast-banner-title-visibility":"","ast-main-header-display":"","ast-hfb-above-header-display":"","ast-hfb-below-header-display":"","ast-hfb-mobile-header-display":"","site-post-title":"","ast-breadcrumbs-content":"","ast-featured-img":"","footer-sml-layout":"","theme-transparent-header-meta":"default","adv-header-id-meta":"","stick-header-meta":"","header-above-stick-meta":"","header-main-stick-meta":"","header-below-stick-meta":"","astra-migrate-meta-layouts":"set","ast-page-background-enabled":"default","ast-page-background-meta":{"desktop":{"background-color":"var(--ast-global-color-4)","background-image":"","background-repeat":"repeat","background-position":"center center","background-size":"auto","background-attachment":"scroll","background-type":"","background-media":"","overlay-type":"","overlay-color":"","overlay-opacity":"","overlay-gradient":""},"tablet":{"background-color":"","background-image":"","background-repeat":"repeat","background-position":"center center","background-size":"auto","background-attachment":"scroll","background-type":"","background-media":"","overlay-type":"","overlay-color":"","overlay-opacity":"","overlay-gradient":""},"mobile":{"background-color":"","background-image":"","background-repeat":"repeat","background-position":"center center","background-size":"auto","background-attachment":"scroll","background-type":"","background-media":"","overlay-type":"","overlay-color":"","overlay-opacity":"","overlay-gradient":""}},"ast-content-background-meta":{"desktop":{"background-color":"var(--ast-global-color-5)","background-image":"","background-repeat":"repeat","background-position":"center center","background-size":"auto","background-attachment":"scroll","background-type":"","background-media":"","overlay-type":"","overlay-color":"","overlay-opacity":"","overlay-gradient":""},"tablet":{"background-color":"var(--ast-global-color-5)","background-image":"","background-repeat":"repeat","background-position":"center center","background-size":"auto","background-attachment":"scroll","background-type":"","background-media":"","overlay-type":"","overlay-color":"","overlay-opacity":"","overlay-gradient":""},"mobile":{"background-color":"var(--ast-global-color-5)","background-image":"","background-repeat":"repeat","background-position":"center center","background-size":"auto","background-attachment":"scroll","background-type":"","background-media":"","overlay-type":"","overlay-color":"","overlay-opacity":"","overlay-gradient":""}},"footnotes":""},"categories":[23,8,27,2,4],"tags":[],"class_list":["post-33860","post","type-post","status-publish","format-standard","has-post-thumbnail","hentry","category-cicle-infantil","category-ei4","category-ceip-saavedra","category-infantil","category-portada"],"post_mailing_queue_ids":[],"_links":{"self":[{"href":"https:\/\/agora.xtec.cat\/escolasaavedra\/wp-json\/wp\/v2\/posts\/33860","targetHints":{"allow":["GET"]}}],"collection":[{"href":"https:\/\/agora.xtec.cat\/escolasaavedra\/wp-json\/wp\/v2\/posts"}],"about":[{"href":"https:\/\/agora.xtec.cat\/escolasaavedra\/wp-json\/wp\/v2\/types\/post"}],"author":[{"embeddable":true,"href":"https:\/\/agora.xtec.cat\/escolasaavedra\/wp-json\/wp\/v2\/users\/147"}],"replies":[{"embeddable":true,"href":"https:\/\/agora.xtec.cat\/escolasaavedra\/wp-json\/wp\/v2\/comments?post=33860"}],"version-history":[{"count":3,"href":"https:\/\/agora.xtec.cat\/escolasaavedra\/wp-json\/wp\/v2\/posts\/33860\/revisions"}],"predecessor-version":[{"id":33894,"href":"https:\/\/agora.xtec.cat\/escolasaavedra\/wp-json\/wp\/v2\/posts\/33860\/revisions\/33894"}],"wp:featuredmedia":[{"embeddable":true,"href":"https:\/\/agora.xtec.cat\/escolasaavedra\/wp-json\/wp\/v2\/media\/33863"}],"wp:attachment":[{"href":"https:\/\/agora.xtec.cat\/escolasaavedra\/wp-json\/wp\/v2\/media?parent=33860"}],"wp:term":[{"taxonomy":"category","embeddable":true,"href":"https:\/\/agora.xtec.cat\/escolasaavedra\/wp-json\/wp\/v2\/categories?post=33860"},{"taxonomy":"post_tag","embeddable":true,"href":"https:\/\/agora.xtec.cat\/escolasaavedra\/wp-json\/wp\/v2\/tags?post=33860"}],"curies":[{"name":"wp","href":"https:\/\/api.w.org\/{rel}","templated":true}]}}