{"id":30558,"date":"2024-04-04T16:35:17","date_gmt":"2024-04-04T14:35:17","guid":{"rendered":"https:\/\/agora.xtec.cat\/escolasaavedra\/?p=30558"},"modified":"2024-04-04T16:35:17","modified_gmt":"2024-04-04T14:35:17","slug":"4a-edicio-del-concurs-fotografic-sant-jordi-2024","status":"publish","type":"post","link":"https:\/\/agora.xtec.cat\/escolasaavedra\/general\/4a-edicio-del-concurs-fotografic-sant-jordi-2024\/","title":{"rendered":"4\u00aa Edici\u00f3 del Concurs fotogr\u00e0fic Sant Jordi 2024"},"content":{"rendered":"<p>Aquest curs, l\u2019AFA Saavedra organitza la 4a Edici\u00f3 del Concurs fotogr\u00e0fic coincidint amb la diada de Sant Jordi durant aquest mes d\u2019abril. \u00c9s una bona oportunitat per deixar anar la creativitat i imaginaci\u00f3. A m\u00e9s els premiats i premiades rebran un val per adquirir llibres o contes. Animeu-vos a participar!<br \/>\nJunts fem escola!<\/p>\n<p>BASES DEL CONCURS<\/p>\n<p>1. Participants: Tot l\u2019alumnat de l\u2019escola associat a l\u2019AFA i tot el personal del centre<\/p>\n<p>2. Tem\u00e0tica: Els ODS Objectius de Desenvolupament Sostenible.<\/p>\n<p>3. Caracter\u00edstiques de les fotografies:<br \/>\n*S\u2019han de presentar en format JPG<br \/>\n*No poden contenir cap paraula ni text afegit per l\u2019autor\/a<br \/>\n*Cada participant nom\u00e9s pot presentar 1 \u00fanica fotografia<\/p>\n<p>4. Enviament de la fotografia: Al correu electr\u00f2nic: concursafasaavedra@gmail.com<br \/>\nindicant: t\u00edtol de l&#8217;obra, nom i cognoms i el curs.<\/p>\n<p>5. Data l\u00edmit per participar: dijous, 25 d\u2019abril de 2024 (incl\u00f2s)<\/p>\n<p>6. Jurat: membres de l\u2019AFA<\/p>\n<p>7. Premis: els i les participants premiats rebran com obsequi un val a bescanviar per llibres o contes a les llibreries de Tarragona indicades.<br \/>\nS\u2019estableixen les seg\u00fcents categories:<br \/>\n1 premi per la categoria Educaci\u00f3 Infantil<br \/>\n1 premi per la categoria Cicle Inicial<br \/>\n1 premi per la categoria Cicle Mitj\u00e0<br \/>\n1 premi per la categoria Cicle Superior<br \/>\n1 premi per la categoria Personal del centre<br \/>\n*Els autors i autores de les fotografies presentades al concurs, cedeixen el dret de compartir-les a les xarxes socials de l\u2019AFA<\/p>\n<p>8. Observacions: La participaci\u00f3 en aquest concurs implica la total acceptaci\u00f3 de les bases del mateix.<\/p>\n<p><a href=\"https:\/\/agora.xtec.cat\/escolasaavedra\/wp-content\/uploads\/usu587\/2024\/04\/Diapositiva1.jpg\"><img loading=\"lazy\" decoding=\"async\" class=\"alignnone size-medium wp-image-30559\" src=\"https:\/\/agora.xtec.cat\/escolasaavedra\/wp-content\/uploads\/usu587\/2024\/04\/Diapositiva1-293x300.jpg\" alt=\"\" width=\"293\" height=\"300\" srcset=\"https:\/\/agora.xtec.cat\/escolasaavedra\/wp-content\/uploads\/usu587\/2024\/04\/Diapositiva1-293x300.jpg 293w, https:\/\/agora.xtec.cat\/escolasaavedra\/wp-content\/uploads\/usu587\/2024\/04\/Diapositiva1.jpg 562w\" sizes=\"auto, (max-width: 293px) 100vw, 293px\" \/><\/a><\/p>\n<p>&nbsp;<\/p>\n<p>&nbsp;<\/p>\n<p>&nbsp;<\/p>\n","protected":false},"excerpt":{"rendered":"<p>Aquest curs, l\u2019AFA Saavedra organitza la 4a Edici\u00f3 del Concurs fotogr\u00e0fic coincidint amb la diada de Sant Jordi durant aquest mes d\u2019abril. \u00c9s una bona oportunitat per deixar anar la creativitat i imaginaci\u00f3. A m\u00e9s els premiats i premiades rebran un val per adquirir llibres o contes. Animeu-vos a participar! Junts fem escola! BASES DEL [&hellip;]<\/p>\n","protected":false},"author":108,"featured_media":30559,"comment_status":"open","ping_status":"closed","sticky":false,"template":"","format":"standard","meta":{"_bbp_topic_count":0,"_bbp_reply_count":0,"_bbp_total_topic_count":0,"_bbp_total_reply_count":0,"_bbp_voice_count":0,"_bbp_anonymous_reply_count":0,"_bbp_topic_count_hidden":0,"_bbp_reply_count_hidden":0,"_bbp_forum_subforum_count":0,"site-sidebar-layout":"default","site-content-layout":"","ast-site-content-layout":"","site-content-style":"default","site-sidebar-style":"default","ast-global-header-display":"","ast-banner-title-visibility":"","ast-main-header-display":"","ast-hfb-above-header-display":"","ast-hfb-below-header-display":"","ast-hfb-mobile-header-display":"","site-post-title":"","ast-breadcrumbs-content":"","ast-featured-img":"","footer-sml-layout":"","theme-transparent-header-meta":"","adv-header-id-meta":"","stick-header-meta":"","header-above-stick-meta":"","header-main-stick-meta":"","header-below-stick-meta":"","astra-migrate-meta-layouts":"default","ast-page-background-enabled":"default","ast-page-background-meta":{"desktop":{"background-color":"var(--ast-global-color-4)","background-image":"","background-repeat":"repeat","background-position":"center center","background-size":"auto","background-attachment":"scroll","background-type":"","background-media":"","overlay-type":"","overlay-color":"","overlay-opacity":"","overlay-gradient":""},"tablet":{"background-color":"","background-image":"","background-repeat":"repeat","background-position":"center center","background-size":"auto","background-attachment":"scroll","background-type":"","background-media":"","overlay-type":"","overlay-color":"","overlay-opacity":"","overlay-gradient":""},"mobile":{"background-color":"","background-image":"","background-repeat":"repeat","background-position":"center center","background-size":"auto","background-attachment":"scroll","background-type":"","background-media":"","overlay-type":"","overlay-color":"","overlay-opacity":"","overlay-gradient":""}},"ast-content-background-meta":{"desktop":{"background-color":"var(--ast-global-color-5)","background-image":"","background-repeat":"repeat","background-position":"center center","background-size":"auto","background-attachment":"scroll","background-type":"","background-media":"","overlay-type":"","overlay-color":"","overlay-opacity":"","overlay-gradient":""},"tablet":{"background-color":"var(--ast-global-color-5)","background-image":"","background-repeat":"repeat","background-position":"center center","background-size":"auto","background-attachment":"scroll","background-type":"","background-media":"","overlay-type":"","overlay-color":"","overlay-opacity":"","overlay-gradient":""},"mobile":{"background-color":"var(--ast-global-color-5)","background-image":"","background-repeat":"repeat","background-position":"center center","background-size":"auto","background-attachment":"scroll","background-type":"","background-media":"","overlay-type":"","overlay-color":"","overlay-opacity":"","overlay-gradient":""}},"footnotes":""},"categories":[23,24,25,26,27,1,236,4,256],"tags":[],"class_list":["post-30558","post","type-post","status-publish","format-standard","has-post-thumbnail","hentry","category-cicle-infantil","category-cicle-inicial","category-cicle-mitja","category-cicle-superior","category-ceip-saavedra","category-general","category-noticies_afa","category-portada","category-sant-jordi"],"post_mailing_queue_ids":[],"_links":{"self":[{"href":"https:\/\/agora.xtec.cat\/escolasaavedra\/wp-json\/wp\/v2\/posts\/30558","targetHints":{"allow":["GET"]}}],"collection":[{"href":"https:\/\/agora.xtec.cat\/escolasaavedra\/wp-json\/wp\/v2\/posts"}],"about":[{"href":"https:\/\/agora.xtec.cat\/escolasaavedra\/wp-json\/wp\/v2\/types\/post"}],"author":[{"embeddable":true,"href":"https:\/\/agora.xtec.cat\/escolasaavedra\/wp-json\/wp\/v2\/users\/108"}],"replies":[{"embeddable":true,"href":"https:\/\/agora.xtec.cat\/escolasaavedra\/wp-json\/wp\/v2\/comments?post=30558"}],"version-history":[{"count":1,"href":"https:\/\/agora.xtec.cat\/escolasaavedra\/wp-json\/wp\/v2\/posts\/30558\/revisions"}],"predecessor-version":[{"id":30560,"href":"https:\/\/agora.xtec.cat\/escolasaavedra\/wp-json\/wp\/v2\/posts\/30558\/revisions\/30560"}],"wp:featuredmedia":[{"embeddable":true,"href":"https:\/\/agora.xtec.cat\/escolasaavedra\/wp-json\/wp\/v2\/media\/30559"}],"wp:attachment":[{"href":"https:\/\/agora.xtec.cat\/escolasaavedra\/wp-json\/wp\/v2\/media?parent=30558"}],"wp:term":[{"taxonomy":"category","embeddable":true,"href":"https:\/\/agora.xtec.cat\/escolasaavedra\/wp-json\/wp\/v2\/categories?post=30558"},{"taxonomy":"post_tag","embeddable":true,"href":"https:\/\/agora.xtec.cat\/escolasaavedra\/wp-json\/wp\/v2\/tags?post=30558"}],"curies":[{"name":"wp","href":"https:\/\/api.w.org\/{rel}","templated":true}]}}