{"id":12582,"date":"2018-03-09T15:37:56","date_gmt":"2018-03-09T14:37:56","guid":{"rendered":"http:\/\/agora.xtec.cat\/escolasaavedra\/?p=12582"},"modified":"2018-03-09T15:37:56","modified_gmt":"2018-03-09T14:37:56","slug":"els-alumnes-de-lescola-protagonistes-a-larticle-del-mes-tarragona-sobre-medutarraco","status":"publish","type":"post","link":"https:\/\/agora.xtec.cat\/escolasaavedra\/general\/els-alumnes-de-lescola-protagonistes-a-larticle-del-mes-tarragona-sobre-medutarraco\/","title":{"rendered":"Els alumnes de l&#8217;escola, protagonistes a l&#8217;article del M\u00e9s Tarragona sobre mEduTarraco"},"content":{"rendered":"<p>Els alumnes de sis\u00e8 de l&#8217;escola han estat protagonistes de l&#8217;article que el diari <a href=\"http:\/\/www.diarimes.com\" target=\"_blank\" rel=\"noopener noreferrer\">M\u00e9s Tarragona<\/a> ha escrit en la seva edici\u00f3 del 9 de mar\u00e7 en refer\u00e8ncia a la participaci\u00f3 de 800 alumnes a la mEduTarraco.<\/p>\n<p>Si voleu, podeu llegir-ne <a href=\"http:\/\/www.diarimes.com\/noticies\/tarragona\/2018\/03\/08\/mes_700_alumnes_descobreixen_ciutat_jugant_amb_tecnologia_35088_1091.html\" target=\"_blank\" rel=\"noopener noreferrer\">l&#8217;article<\/a>.<\/p>\n<p>A m\u00e9s, han publicat una <a href=\"http:\/\/www.diarimes.com\/multimedia\/galeries-imatges\/mes_700_alumnes_descobreixen_ciutat_jugant_amb_tecnologia.html\" target=\"_blank\" rel=\"noopener noreferrer\">galeria<\/a> amb fotografie de molts dels participants a l&#8217;esdeveniment.<\/p>\n<p>Aquesta \u00e9s la imatge que il\u00b7lustra l&#8217;article.<\/p>\n<p><img loading=\"lazy\" decoding=\"async\" class=\"alignnone size-full wp-image-12583\" src=\"http:\/\/agora.xtec.cat\/escolasaavedra\/wp-content\/uploads\/usu587\/2018\/03\/71_0862c920.jpg\" alt=\"\" width=\"953\" height=\"545\" srcset=\"https:\/\/agora.xtec.cat\/escolasaavedra\/wp-content\/uploads\/usu587\/2018\/03\/71_0862c920.jpg 953w, https:\/\/agora.xtec.cat\/escolasaavedra\/wp-content\/uploads\/usu587\/2018\/03\/71_0862c920-300x172.jpg 300w, https:\/\/agora.xtec.cat\/escolasaavedra\/wp-content\/uploads\/usu587\/2018\/03\/71_0862c920-768x439.jpg 768w\" sizes=\"auto, (max-width: 953px) 100vw, 953px\" \/><\/p>\n<p>&nbsp;<\/p>\n","protected":false},"excerpt":{"rendered":"<p>Els alumnes de sis\u00e8 de l&#8217;escola han estat protagonistes de l&#8217;article que el diari M\u00e9s Tarragona ha escrit en la seva edici\u00f3 del 9 de mar\u00e7 en refer\u00e8ncia a la participaci\u00f3 de 800 alumnes a la mEduTarraco.<\/p>\n","protected":false},"author":3,"featured_media":12583,"comment_status":"open","ping_status":"closed","sticky":false,"template":"","format":"standard","meta":{"_bbp_topic_count":0,"_bbp_reply_count":0,"_bbp_total_topic_count":0,"_bbp_total_reply_count":0,"_bbp_voice_count":0,"_bbp_anonymous_reply_count":0,"_bbp_topic_count_hidden":0,"_bbp_reply_count_hidden":0,"_bbp_forum_subforum_count":0,"site-sidebar-layout":"default","site-content-layout":"","ast-site-content-layout":"","site-content-style":"default","site-sidebar-style":"default","ast-global-header-display":"","ast-banner-title-visibility":"","ast-main-header-display":"","ast-hfb-above-header-display":"","ast-hfb-below-header-display":"","ast-hfb-mobile-header-display":"","site-post-title":"","ast-breadcrumbs-content":"","ast-featured-img":"","footer-sml-layout":"","theme-transparent-header-meta":"","adv-header-id-meta":"","stick-header-meta":"","header-above-stick-meta":"","header-main-stick-meta":"","header-below-stick-meta":"","astra-migrate-meta-layouts":"default","ast-page-background-enabled":"default","ast-page-background-meta":{"desktop":{"background-color":"var(--ast-global-color-4)","background-image":"","background-repeat":"repeat","background-position":"center center","background-size":"auto","background-attachment":"scroll","background-type":"","background-media":"","overlay-type":"","overlay-color":"","overlay-opacity":"","overlay-gradient":""},"tablet":{"background-color":"","background-image":"","background-repeat":"repeat","background-position":"center center","background-size":"auto","background-attachment":"scroll","background-type":"","background-media":"","overlay-type":"","overlay-color":"","overlay-opacity":"","overlay-gradient":""},"mobile":{"background-color":"","background-image":"","background-repeat":"repeat","background-position":"center center","background-size":"auto","background-attachment":"scroll","background-type":"","background-media":"","overlay-type":"","overlay-color":"","overlay-opacity":"","overlay-gradient":""}},"ast-content-background-meta":{"desktop":{"background-color":"var(--ast-global-color-5)","background-image":"","background-repeat":"repeat","background-position":"center center","background-size":"auto","background-attachment":"scroll","background-type":"","background-media":"","overlay-type":"","overlay-color":"","overlay-opacity":"","overlay-gradient":""},"tablet":{"background-color":"var(--ast-global-color-5)","background-image":"","background-repeat":"repeat","background-position":"center center","background-size":"auto","background-attachment":"scroll","background-type":"","background-media":"","overlay-type":"","overlay-color":"","overlay-opacity":"","overlay-gradient":""},"mobile":{"background-color":"var(--ast-global-color-5)","background-image":"","background-repeat":"repeat","background-position":"center center","background-size":"auto","background-attachment":"scroll","background-type":"","background-media":"","overlay-type":"","overlay-color":"","overlay-opacity":"","overlay-gradient":""}},"footnotes":""},"categories":[15,26,27,1,251,4,233],"tags":[],"class_list":["post-12582","post","type-post","status-publish","format-standard","has-post-thumbnail","hentry","category-6e","category-cicle-superior","category-ceip-saavedra","category-general","category-medutarraco","category-portada","category-robotica"],"post_mailing_queue_ids":[],"_links":{"self":[{"href":"https:\/\/agora.xtec.cat\/escolasaavedra\/wp-json\/wp\/v2\/posts\/12582","targetHints":{"allow":["GET"]}}],"collection":[{"href":"https:\/\/agora.xtec.cat\/escolasaavedra\/wp-json\/wp\/v2\/posts"}],"about":[{"href":"https:\/\/agora.xtec.cat\/escolasaavedra\/wp-json\/wp\/v2\/types\/post"}],"author":[{"embeddable":true,"href":"https:\/\/agora.xtec.cat\/escolasaavedra\/wp-json\/wp\/v2\/users\/3"}],"replies":[{"embeddable":true,"href":"https:\/\/agora.xtec.cat\/escolasaavedra\/wp-json\/wp\/v2\/comments?post=12582"}],"version-history":[{"count":1,"href":"https:\/\/agora.xtec.cat\/escolasaavedra\/wp-json\/wp\/v2\/posts\/12582\/revisions"}],"predecessor-version":[{"id":12584,"href":"https:\/\/agora.xtec.cat\/escolasaavedra\/wp-json\/wp\/v2\/posts\/12582\/revisions\/12584"}],"wp:featuredmedia":[{"embeddable":true,"href":"https:\/\/agora.xtec.cat\/escolasaavedra\/wp-json\/wp\/v2\/media\/12583"}],"wp:attachment":[{"href":"https:\/\/agora.xtec.cat\/escolasaavedra\/wp-json\/wp\/v2\/media?parent=12582"}],"wp:term":[{"taxonomy":"category","embeddable":true,"href":"https:\/\/agora.xtec.cat\/escolasaavedra\/wp-json\/wp\/v2\/categories?post=12582"},{"taxonomy":"post_tag","embeddable":true,"href":"https:\/\/agora.xtec.cat\/escolasaavedra\/wp-json\/wp\/v2\/tags?post=12582"}],"curies":[{"name":"wp","href":"https:\/\/api.w.org\/{rel}","templated":true}]}}