{"id":3551,"date":"2018-12-18T21:15:48","date_gmt":"2018-12-18T20:15:48","guid":{"rendered":"http:\/\/agora.xtec.cat\/escolaruizamado\/?p=3551"},"modified":"2019-12-16T10:15:10","modified_gmt":"2019-12-16T09:15:10","slug":"projecte-la-cigonya-p5b17-12-2018","status":"publish","type":"post","link":"https:\/\/agora.xtec.cat\/escolaruizamado\/infantil\/projecte-la-cigonya-p5b17-12-2018\/","title":{"rendered":"Projecte: La Cigonya . P5B"},"content":{"rendered":"<p>L\u2019endem\u00e0 i despr\u00e9s de parlar sobre tot all\u00f2 que hav\u00edem vist, la L\u00eddia ens va preguntar qu\u00e8 ens havia agradat m\u00e9s i sobre quin tema voldr\u00edem aprendre m\u00e9s coses. Despr\u00e8s de fer una votaci\u00f3 vam decidir estudiar les cigonyes, doncs nosaltres som la classe de les cigonyes!!!!<\/p>\n<p>Vam fer una pluja d\u2019idees ( quines coses sab\u00edem ) i sobre quines\u00a0 vol\u00edem saber-ne m\u00e9s.<\/p>\n<p>Ho vam escriure en un mapa conceptual ( mural) que hem anat ampliant a mesura que hem anat aprenent m\u00e9s informaci\u00f3: com neixen , qu\u00e8 mengen, com volen, on viuen&#8230;&#8230;<\/p>\n<p>Hem intentat volar com una cigonya, per\u00f2 \u00e9s clar, no ho hem aconseguit perqu\u00e8 no tenim ales!!!!!.<\/p>\n<p>Tamb\u00e9 vam visitar la biblioteca municipal on la bibliotec\u00e0ria ens va explicar un conte i ens va deixar tres llibres on hi havia informaci\u00f3 sobre la vida de les cigonyes.<\/p>\n<p>Finalment ens hem trobat amb els nostres companys de P5A i els hi hem explicat la vida i les caracter\u00edstiques m\u00e9s importants de les cigonyes.<\/p>\n<p style=\"text-align: center\"><em>Si voleu veure les fotografies, podeu CLICAR damunt la fotografia<\/em><\/p>\n<p><a href=\"https:\/\/photos.app.goo.gl\/NPgSygSva1eeRV5a7\"><img loading=\"lazy\" decoding=\"async\" class=\"alignnone size-full wp-image-3553 aligncenter\" src=\"https:\/\/agora.xtec.cat\/escolaruizamado\/wp-content\/uploads\/usu935\/2018\/12\/IMG_20181123_101555_670.jpg\" alt=\"\" width=\"267\" height=\"200\" srcset=\"https:\/\/agora.xtec.cat\/escolaruizamado\/wp-content\/uploads\/usu935\/2018\/12\/IMG_20181123_101555_670.jpg 267w, https:\/\/agora.xtec.cat\/escolaruizamado\/wp-content\/uploads\/usu935\/2018\/12\/IMG_20181123_101555_670-200x150.jpg 200w\" sizes=\"auto, (max-width: 267px) 100vw, 267px\" \/><\/a><\/p>\n<p><iframe loading=\"lazy\" src=\"\/\/www.youtube.com\/embed\/OLFAV7nsWzg\" width=\"560\" height=\"314\"><\/iframe><\/p>\n","protected":false},"excerpt":{"rendered":"<p>Fem el primer projecte de P5: La cigonya.<\/p>\n","protected":false},"author":6,"featured_media":3555,"comment_status":"open","ping_status":"closed","sticky":false,"template":"","format":"standard","meta":{"_bbp_topic_count":0,"_bbp_reply_count":0,"_bbp_total_topic_count":0,"_bbp_total_reply_count":0,"_bbp_voice_count":0,"_bbp_anonymous_reply_count":0,"_bbp_topic_count_hidden":0,"_bbp_reply_count_hidden":0,"_bbp_forum_subforum_count":0,"site-sidebar-layout":"default","site-content-layout":"","ast-site-content-layout":"","site-content-style":"default","site-sidebar-style":"default","ast-global-header-display":"","ast-banner-title-visibility":"","ast-main-header-display":"","ast-hfb-above-header-display":"","ast-hfb-below-header-display":"","ast-hfb-mobile-header-display":"","site-post-title":"","ast-breadcrumbs-content":"","ast-featured-img":"","footer-sml-layout":"","theme-transparent-header-meta":"","adv-header-id-meta":"","stick-header-meta":"","header-above-stick-meta":"","header-main-stick-meta":"","header-below-stick-meta":"","astra-migrate-meta-layouts":"default","ast-page-background-enabled":"default","ast-page-background-meta":{"desktop":{"background-color":"var(--ast-global-color-4)","background-image":"","background-repeat":"repeat","background-position":"center center","background-size":"auto","background-attachment":"scroll","background-type":"","background-media":"","overlay-type":"","overlay-color":"","overlay-opacity":"","overlay-gradient":""},"tablet":{"background-color":"","background-image":"","background-repeat":"repeat","background-position":"center center","background-size":"auto","background-attachment":"scroll","background-type":"","background-media":"","overlay-type":"","overlay-color":"","overlay-opacity":"","overlay-gradient":""},"mobile":{"background-color":"","background-image":"","background-repeat":"repeat","background-position":"center center","background-size":"auto","background-attachment":"scroll","background-type":"","background-media":"","overlay-type":"","overlay-color":"","overlay-opacity":"","overlay-gradient":""}},"ast-content-background-meta":{"desktop":{"background-color":"var(--ast-global-color-5)","background-image":"","background-repeat":"repeat","background-position":"center center","background-size":"auto","background-attachment":"scroll","background-type":"","background-media":"","overlay-type":"","overlay-color":"","overlay-opacity":"","overlay-gradient":""},"tablet":{"background-color":"var(--ast-global-color-5)","background-image":"","background-repeat":"repeat","background-position":"center center","background-size":"auto","background-attachment":"scroll","background-type":"","background-media":"","overlay-type":"","overlay-color":"","overlay-opacity":"","overlay-gradient":""},"mobile":{"background-color":"var(--ast-global-color-5)","background-image":"","background-repeat":"repeat","background-position":"center center","background-size":"auto","background-attachment":"scroll","background-type":"","background-media":"","overlay-type":"","overlay-color":"","overlay-opacity":"","overlay-gradient":""}},"footnotes":""},"categories":[81,76],"tags":[],"class_list":["post-3551","post","type-post","status-publish","format-standard","has-post-thumbnail","hentry","category-els-nostres-blogs","category-infantil"],"post_mailing_queue_ids":[],"_links":{"self":[{"href":"https:\/\/agora.xtec.cat\/escolaruizamado\/wp-json\/wp\/v2\/posts\/3551","targetHints":{"allow":["GET"]}}],"collection":[{"href":"https:\/\/agora.xtec.cat\/escolaruizamado\/wp-json\/wp\/v2\/posts"}],"about":[{"href":"https:\/\/agora.xtec.cat\/escolaruizamado\/wp-json\/wp\/v2\/types\/post"}],"author":[{"embeddable":true,"href":"https:\/\/agora.xtec.cat\/escolaruizamado\/wp-json\/wp\/v2\/users\/6"}],"replies":[{"embeddable":true,"href":"https:\/\/agora.xtec.cat\/escolaruizamado\/wp-json\/wp\/v2\/comments?post=3551"}],"version-history":[{"count":3,"href":"https:\/\/agora.xtec.cat\/escolaruizamado\/wp-json\/wp\/v2\/posts\/3551\/revisions"}],"predecessor-version":[{"id":3570,"href":"https:\/\/agora.xtec.cat\/escolaruizamado\/wp-json\/wp\/v2\/posts\/3551\/revisions\/3570"}],"wp:featuredmedia":[{"embeddable":true,"href":"https:\/\/agora.xtec.cat\/escolaruizamado\/wp-json\/wp\/v2\/media\/3555"}],"wp:attachment":[{"href":"https:\/\/agora.xtec.cat\/escolaruizamado\/wp-json\/wp\/v2\/media?parent=3551"}],"wp:term":[{"taxonomy":"category","embeddable":true,"href":"https:\/\/agora.xtec.cat\/escolaruizamado\/wp-json\/wp\/v2\/categories?post=3551"},{"taxonomy":"post_tag","embeddable":true,"href":"https:\/\/agora.xtec.cat\/escolaruizamado\/wp-json\/wp\/v2\/tags?post=3551"}],"curies":[{"name":"wp","href":"https:\/\/api.w.org\/{rel}","templated":true}]}}