{"id":572,"date":"2021-03-01T12:38:05","date_gmt":"2021-03-01T11:38:05","guid":{"rendered":"http:\/\/agora.xtec.cat\/escolaruda\/?p=572"},"modified":"2022-02-24T22:19:20","modified_gmt":"2022-02-24T21:19:20","slug":"preinscripcion-cors-2021-22","status":"publish","type":"post","link":"https:\/\/agora.xtec.cat\/escolaruda\/general\/preinscripcion-cors-2021-22\/","title":{"rendered":"PREINSCRIPCION  CORS 2021-22"},"content":{"rendered":"<p><a href=\"https:\/\/agora.xtec.cat\/escolaruda\/wp-content\/uploads\/usu738\/2021\/03\/Informacions-familia-Preinscripci\u00f3_Odissea.pdf\">Informa<\/a><\/p>\n<p>&nbsp;<\/p>\n<p><a href=\"https:\/\/agora.xtec.cat\/escolaruda\/wp-content\/uploads\/usu738\/2021\/03\/Informacions-familia-Preinscripci\u00f3_Odissea.pdf\">Preinscripcions familia Preinscripci\u00f3_Odissea<\/a><a href=\"https:\/\/agora.xtec.cat\/escolaruda\/?p=572&amp;preview=true\"><img loading=\"lazy\" decoding=\"async\" class=\"alignnone wp-image-574\" src=\"https:\/\/agora.xtec.cat\/escolaruda\/wp-content\/uploads\/usu738\/2021\/03\/Imatge-preinscripcio.jpg\" alt=\"\" width=\"826\" height=\"549\" srcset=\"https:\/\/agora.xtec.cat\/escolaruda\/wp-content\/uploads\/usu738\/2021\/03\/Imatge-preinscripcio.jpg 1000w, https:\/\/agora.xtec.cat\/escolaruda\/wp-content\/uploads\/usu738\/2021\/03\/Imatge-preinscripcio-300x200.jpg 300w, https:\/\/agora.xtec.cat\/escolaruda\/wp-content\/uploads\/usu738\/2021\/03\/Imatge-preinscripcio-768x511.jpg 768w\" sizes=\"auto, (max-width: 826px) 100vw, 826px\" \/><\/a><\/p>\n<p>JORNADA\u00a0 DE P\u00d2RTES DUB\u00c8RTES!<\/p>\n<p>Eth dia <span style=\"text-decoration: underline;\"><strong>15 de mar\u00e7 t\u00e0s 17:00<\/strong> <\/span>ores \u00e8tz toti convidadi a visitar ena n\u00f2sta esc\u00f2la. &#8220;Esc\u00f2la Ruda de Salard\u00fa&#8221;.<\/p>\n<p><strong>PREINSCRIPCION<\/strong>: traparatz un link\u00a0 ent\u00e0 auer m\u00e8s informacion sus era preinscripcion e tota era documentacion t\u00e0 raomplir e enviar-la en centre.<\/p>\n<p>c5000560@xtec.cat (mail dera esc\u00f2la Ruda de Salard\u00fa)<\/p>\n<p>VOS\u00a0 I\u00a0 DEMORAM\u00a0 A\u00a0 TOTI!!<\/p>\n<p>&nbsp;<\/p>\n","protected":false},"excerpt":{"rendered":"<p>Informa &nbsp; Preinscripcions familia Preinscripci\u00f3_Odissea JORNADA\u00a0 DE P\u00d2RTES DUB\u00c8RTES! Eth dia 15 de mar\u00e7 t\u00e0s 17:00 ores \u00e8tz toti convidadi a visitar ena n\u00f2sta esc\u00f2la. &#8220;Esc\u00f2la Ruda de Salard\u00fa&#8221;. PREINSCRIPCION: traparatz un link\u00a0 ent\u00e0 auer m\u00e8s informacion sus era preinscripcion e tota era documentacion t\u00e0 raomplir e enviar-la en centre. c5000560@xtec.cat (mail dera esc\u00f2la Ruda [&hellip;]<\/p>\n","protected":false},"author":1,"featured_media":0,"comment_status":"open","ping_status":"closed","sticky":false,"template":"","format":"standard","meta":{"_bbp_topic_count":0,"_bbp_reply_count":0,"_bbp_total_topic_count":0,"_bbp_total_reply_count":0,"_bbp_voice_count":0,"_bbp_anonymous_reply_count":0,"_bbp_topic_count_hidden":0,"_bbp_reply_count_hidden":0,"_bbp_forum_subforum_count":0,"site-sidebar-layout":"default","site-content-layout":"","ast-site-content-layout":"","site-content-style":"default","site-sidebar-style":"default","ast-global-header-display":"","ast-banner-title-visibility":"","ast-main-header-display":"","ast-hfb-above-header-display":"","ast-hfb-below-header-display":"","ast-hfb-mobile-header-display":"","site-post-title":"","ast-breadcrumbs-content":"","ast-featured-img":"","footer-sml-layout":"","theme-transparent-header-meta":"","adv-header-id-meta":"","stick-header-meta":"","header-above-stick-meta":"","header-main-stick-meta":"","header-below-stick-meta":"","astra-migrate-meta-layouts":"default","ast-page-background-enabled":"default","ast-page-background-meta":{"desktop":{"background-color":"var(--ast-global-color-4)","background-image":"","background-repeat":"repeat","background-position":"center center","background-size":"auto","background-attachment":"scroll","background-type":"","background-media":"","overlay-type":"","overlay-color":"","overlay-opacity":"","overlay-gradient":""},"tablet":{"background-color":"","background-image":"","background-repeat":"repeat","background-position":"center center","background-size":"auto","background-attachment":"scroll","background-type":"","background-media":"","overlay-type":"","overlay-color":"","overlay-opacity":"","overlay-gradient":""},"mobile":{"background-color":"","background-image":"","background-repeat":"repeat","background-position":"center center","background-size":"auto","background-attachment":"scroll","background-type":"","background-media":"","overlay-type":"","overlay-color":"","overlay-opacity":"","overlay-gradient":""}},"ast-content-background-meta":{"desktop":{"background-color":"var(--ast-global-color-5)","background-image":"","background-repeat":"repeat","background-position":"center center","background-size":"auto","background-attachment":"scroll","background-type":"","background-media":"","overlay-type":"","overlay-color":"","overlay-opacity":"","overlay-gradient":""},"tablet":{"background-color":"var(--ast-global-color-5)","background-image":"","background-repeat":"repeat","background-position":"center center","background-size":"auto","background-attachment":"scroll","background-type":"","background-media":"","overlay-type":"","overlay-color":"","overlay-opacity":"","overlay-gradient":""},"mobile":{"background-color":"var(--ast-global-color-5)","background-image":"","background-repeat":"repeat","background-position":"center center","background-size":"auto","background-attachment":"scroll","background-type":"","background-media":"","overlay-type":"","overlay-color":"","overlay-opacity":"","overlay-gradient":""}},"footnotes":""},"categories":[1,61,4],"tags":[],"class_list":["post-572","post","type-post","status-publish","format-standard","hentry","category-general","category-inici","category-portada"],"post_mailing_queue_ids":[],"_links":{"self":[{"href":"https:\/\/agora.xtec.cat\/escolaruda\/wp-json\/wp\/v2\/posts\/572","targetHints":{"allow":["GET"]}}],"collection":[{"href":"https:\/\/agora.xtec.cat\/escolaruda\/wp-json\/wp\/v2\/posts"}],"about":[{"href":"https:\/\/agora.xtec.cat\/escolaruda\/wp-json\/wp\/v2\/types\/post"}],"author":[{"embeddable":true,"href":"https:\/\/agora.xtec.cat\/escolaruda\/wp-json\/wp\/v2\/users\/1"}],"replies":[{"embeddable":true,"href":"https:\/\/agora.xtec.cat\/escolaruda\/wp-json\/wp\/v2\/comments?post=572"}],"version-history":[{"count":3,"href":"https:\/\/agora.xtec.cat\/escolaruda\/wp-json\/wp\/v2\/posts\/572\/revisions"}],"predecessor-version":[{"id":579,"href":"https:\/\/agora.xtec.cat\/escolaruda\/wp-json\/wp\/v2\/posts\/572\/revisions\/579"}],"wp:attachment":[{"href":"https:\/\/agora.xtec.cat\/escolaruda\/wp-json\/wp\/v2\/media?parent=572"}],"wp:term":[{"taxonomy":"category","embeddable":true,"href":"https:\/\/agora.xtec.cat\/escolaruda\/wp-json\/wp\/v2\/categories?post=572"},{"taxonomy":"post_tag","embeddable":true,"href":"https:\/\/agora.xtec.cat\/escolaruda\/wp-json\/wp\/v2\/tags?post=572"}],"curies":[{"name":"wp","href":"https:\/\/api.w.org\/{rel}","templated":true}]}}