{"id":2884,"date":"2025-04-21T20:32:34","date_gmt":"2025-04-21T18:32:34","guid":{"rendered":"https:\/\/agora.xtec.cat\/escolaruda\/?p=2884"},"modified":"2025-07-16T21:01:28","modified_gmt":"2025-07-16T19:01:28","slug":"activitats-enta-promoir-era-convivencia-era-inclusion-e-es-emocions","status":"publish","type":"post","link":"https:\/\/agora.xtec.cat\/escolaruda\/general\/activitats-enta-promoir-era-convivencia-era-inclusion-e-es-emocions\/","title":{"rendered":"Activitats ent\u00e0 prom\u00f2ir era conviv\u00e9ncia, era inclusion e es emocions."},"content":{"rendered":"\r\n\t<div class=\"slideshow_container slideshow_container_style-light\" style=\"height: 300px; \" data-slideshow-id=\"2877\" data-style-name=\"style-light\" data-style-version=\"2.3.1\" >\r\n\r\n\t\t\t\t\t<div class=\"slideshow_loading_icon\"><\/div>\r\n\t\t\r\n\t\t<div class=\"slideshow_content\" style=\"display: none;\">\r\n\r\n\t\t\t<div class=\"slideshow_view\">\r\n\t\t\t\t<div class=\"slideshow_slide slideshow_slide_image\">\r\n\t\t\t\t\t\t\t\t\t\t\t<img src=\"https:\/\/agora.xtec.cat\/escolaruda\/wp-content\/uploads\/usu738\/2025\/07\/1-3.jpg\" alt=\"\" width=\"2000\" height=\"1600\" \/>\r\n\t\t\t\t\t\t\t\t\t\t<div class=\"slideshow_description_box slideshow_transparent\">\r\n\t\t\t\t\t\t\t\t\t\t\t\t\t\t\t\t\t<\/div>\r\n\t\t\t\t<\/div>\r\n\r\n\t\t\t\t\t\t<div style=\"clear: both;\"><\/div><\/div><div class=\"slideshow_view\">\r\n\t\t\t\t<div class=\"slideshow_slide slideshow_slide_image\">\r\n\t\t\t\t\t\t\t\t\t\t\t<img src=\"https:\/\/agora.xtec.cat\/escolaruda\/wp-content\/uploads\/usu738\/2025\/07\/2-3.jpg\" alt=\"\" width=\"2000\" height=\"1600\" \/>\r\n\t\t\t\t\t\t\t\t\t\t<div class=\"slideshow_description_box slideshow_transparent\">\r\n\t\t\t\t\t\t\t\t\t\t\t\t\t\t\t\t\t<\/div>\r\n\t\t\t\t<\/div>\r\n\r\n\t\t\t\t\t\t<div style=\"clear: both;\"><\/div><\/div><div class=\"slideshow_view\">\r\n\t\t\t\t<div class=\"slideshow_slide slideshow_slide_image\">\r\n\t\t\t\t\t\t\t\t\t\t\t<img src=\"https:\/\/agora.xtec.cat\/escolaruda\/wp-content\/uploads\/usu738\/2025\/07\/3-3.jpg\" alt=\"\" width=\"2000\" height=\"1600\" \/>\r\n\t\t\t\t\t\t\t\t\t\t<div class=\"slideshow_description_box slideshow_transparent\">\r\n\t\t\t\t\t\t\t\t\t\t\t\t\t\t\t\t\t<\/div>\r\n\t\t\t\t<\/div>\r\n\r\n\t\t\t\t\t\t<div style=\"clear: both;\"><\/div><\/div><div class=\"slideshow_view\">\r\n\t\t\t\t<div class=\"slideshow_slide slideshow_slide_image\">\r\n\t\t\t\t\t\t\t\t\t\t\t<img src=\"https:\/\/agora.xtec.cat\/escolaruda\/wp-content\/uploads\/usu738\/2025\/07\/4-3.jpg\" alt=\"\" width=\"2000\" height=\"1600\" \/>\r\n\t\t\t\t\t\t\t\t\t\t<div class=\"slideshow_description_box slideshow_transparent\">\r\n\t\t\t\t\t\t\t\t\t\t\t\t\t\t\t\t\t<\/div>\r\n\t\t\t\t<\/div>\r\n\r\n\t\t\t\t\t\t<div style=\"clear: both;\"><\/div><\/div><div class=\"slideshow_view\">\r\n\t\t\t\t<div class=\"slideshow_slide slideshow_slide_image\">\r\n\t\t\t\t\t\t\t\t\t\t\t<img src=\"https:\/\/agora.xtec.cat\/escolaruda\/wp-content\/uploads\/usu738\/2025\/07\/5-3.jpg\" alt=\"\" width=\"2000\" height=\"1600\" \/>\r\n\t\t\t\t\t\t\t\t\t\t<div class=\"slideshow_description_box slideshow_transparent\">\r\n\t\t\t\t\t\t\t\t\t\t\t\t\t\t\t\t\t<\/div>\r\n\t\t\t\t<\/div>\r\n\r\n\t\t\t\t\t\t<div style=\"clear: both;\"><\/div><\/div><div class=\"slideshow_view\">\r\n\t\t\t\t<div class=\"slideshow_slide slideshow_slide_image\">\r\n\t\t\t\t\t\t\t\t\t\t\t<img src=\"https:\/\/agora.xtec.cat\/escolaruda\/wp-content\/uploads\/usu738\/2025\/07\/6-2.jpg\" alt=\"\" width=\"2000\" height=\"1600\" \/>\r\n\t\t\t\t\t\t\t\t\t\t<div class=\"slideshow_description_box slideshow_transparent\">\r\n\t\t\t\t\t\t\t\t\t\t\t\t\t\t\t\t\t<\/div>\r\n\t\t\t\t<\/div>\r\n\r\n\t\t\t\t\t\t<div style=\"clear: both;\"><\/div><\/div>\r\n\t\t<\/div>\r\n\r\n\t\t<div class=\"slideshow_controlPanel slideshow_transparent\" style=\"display: none;\"><ul><li class=\"slideshow_togglePlay\" data-play-text=\"Visualitza\" data-pause-text=\"Pausa\"><\/li><\/ul><\/div>\r\n\r\n\t\t<div class=\"slideshow_button slideshow_previous slideshow_transparent\" role=\"button\" data-previous-text=\"Anterior\" style=\"display: none;\"><\/div>\r\n\t\t<div class=\"slideshow_button slideshow_next slideshow_transparent\" role=\"button\" data-next-text=\"Seg\u00fcent\" style=\"display: none;\"><\/div>\r\n\r\n\t\t<div class=\"slideshow_pagination\" style=\"display: none;\" data-go-to-text=\"V\u00e9s a la diapositiva\"><div class=\"slideshow_pagination_center\"><\/div><\/div>\r\n\r\n\t\t<!-- WordPress Slideshow Version 2.3.1 -->\r\n\r\n\t\t\t<\/div>\r\n\r\n\n<p>En marc deth programa <em>Centres en dan\u00e7a entara inclusion<\/em>, er escolanat a contunhat \u00a0participant en diu\u00e8rses activitats ent\u00e0 trabalhar era diversitat, es emocions e eth sentit de comunautat.<\/p>\n<p>Aciu vos deisham b\u00e8res des activitats qu&#8217;auem trabalhat pendent eth cors:<\/p>\n<p>Coa de serena<\/p>\n<p>Visionam eth cuertmetratge <em>Coa de serena<\/em> (Alba Barb\u00e9 e Sara Carri), ua ist\u00f2ria que tracte es estereotipes de genre e defense eth dret a decidir sense pressions.<br \/>\nReflexionam e debatim sus \u00e7\u00f2 que viu eth protagonista, coma se sent, quines opcions aurie pogut h\u00e8r, e com mos sentem nosati deuant situacions semblantes.<\/p>\n<p>En tot s\u00e9nter es emocions ena esc\u00f2la<\/p>\n<p>Cada espaci dera esc\u00f2la p\u00f2t generar emocions diferentes as escolans e escolanes depenent des sues viv\u00e9ncies.<br \/>\nEn grops, recorrem es espacis e exprimim es emocions que mos generen damb targetes de colors (alegria, tristesa, p\u00f2ur, r\u00e0bia, ref\u00fas, patz).<\/p>\n<p>Tornam tara classa \u00a0e mos metem en gran grop ent\u00e0 campar es targetes\u00a0 e reflexionar sus quini espacis son m\u00e8s armonics e quini caler\u00e0 melhorar.<\/p>\n<p>\u00c8m ua comunautat<\/p>\n<p>Era esc\u00f2la ei ua comunautat a on mos relacionam damb f\u00f2r\u00e7a persones e a\u00e7\u00f2 influ\u00eds en coma mos sentem.<br \/>\nCaminam pera classa seguint consignes e sense parlar, en tot interaccionar damb pegasolets de colors e formes diferentes.<\/p>\n<p>En grop, reflexionam sus coma volem que sigue era n\u00f2sta classa e era esc\u00f2la. Finalizam era activitat diboishant un gran murau collectiu damb er ideau de comunautat inclusiua.<\/p>\n<p>#centresendan\u00e7atarainclusion #centresendansaperlainclusi\u00f3<\/p>\n","protected":false},"excerpt":{"rendered":"<p>En marc deth programa Centres en dan\u00e7a entara inclusion, er escolanat a contunhat \u00a0participant en diu\u00e8rses activitats ent\u00e0 trabalhar era diversitat, es emocions e eth sentit de comunautat. Aciu vos deisham b\u00e8res des activitats qu&#8217;auem trabalhat pendent eth cors: Coa de serena Visionam eth cuertmetratge Coa de serena (Alba Barb\u00e9 e Sara Carri), ua ist\u00f2ria [&hellip;]<\/p>\n","protected":false},"author":1,"featured_media":2883,"comment_status":"open","ping_status":"open","sticky":false,"template":"","format":"standard","meta":{"_bbp_topic_count":0,"_bbp_reply_count":0,"_bbp_total_topic_count":0,"_bbp_total_reply_count":0,"_bbp_voice_count":0,"_bbp_anonymous_reply_count":0,"_bbp_topic_count_hidden":0,"_bbp_reply_count_hidden":0,"_bbp_forum_subforum_count":0,"site-sidebar-layout":"default","site-content-layout":"","ast-site-content-layout":"","site-content-style":"default","site-sidebar-style":"default","ast-global-header-display":"","ast-banner-title-visibility":"","ast-main-header-display":"","ast-hfb-above-header-display":"","ast-hfb-below-header-display":"","ast-hfb-mobile-header-display":"","site-post-title":"","ast-breadcrumbs-content":"","ast-featured-img":"","footer-sml-layout":"","theme-transparent-header-meta":"","adv-header-id-meta":"","stick-header-meta":"","header-above-stick-meta":"","header-main-stick-meta":"","header-below-stick-meta":"","astra-migrate-meta-layouts":"default","ast-page-background-enabled":"default","ast-page-background-meta":{"desktop":{"background-color":"var(--ast-global-color-4)","background-image":"","background-repeat":"repeat","background-position":"center center","background-size":"auto","background-attachment":"scroll","background-type":"","background-media":"","overlay-type":"","overlay-color":"","overlay-opacity":"","overlay-gradient":""},"tablet":{"background-color":"","background-image":"","background-repeat":"repeat","background-position":"center center","background-size":"auto","background-attachment":"scroll","background-type":"","background-media":"","overlay-type":"","overlay-color":"","overlay-opacity":"","overlay-gradient":""},"mobile":{"background-color":"","background-image":"","background-repeat":"repeat","background-position":"center center","background-size":"auto","background-attachment":"scroll","background-type":"","background-media":"","overlay-type":"","overlay-color":"","overlay-opacity":"","overlay-gradient":""}},"ast-content-background-meta":{"desktop":{"background-color":"var(--ast-global-color-5)","background-image":"","background-repeat":"repeat","background-position":"center center","background-size":"auto","background-attachment":"scroll","background-type":"","background-media":"","overlay-type":"","overlay-color":"","overlay-opacity":"","overlay-gradient":""},"tablet":{"background-color":"var(--ast-global-color-5)","background-image":"","background-repeat":"repeat","background-position":"center center","background-size":"auto","background-attachment":"scroll","background-type":"","background-media":"","overlay-type":"","overlay-color":"","overlay-opacity":"","overlay-gradient":""},"mobile":{"background-color":"var(--ast-global-color-5)","background-image":"","background-repeat":"repeat","background-position":"center center","background-size":"auto","background-attachment":"scroll","background-type":"","background-media":"","overlay-type":"","overlay-color":"","overlay-opacity":"","overlay-gradient":""}},"footnotes":""},"categories":[1,61,4],"tags":[],"class_list":["post-2884","post","type-post","status-publish","format-standard","has-post-thumbnail","hentry","category-general","category-inici","category-portada"],"post_mailing_queue_ids":[],"_links":{"self":[{"href":"https:\/\/agora.xtec.cat\/escolaruda\/wp-json\/wp\/v2\/posts\/2884","targetHints":{"allow":["GET"]}}],"collection":[{"href":"https:\/\/agora.xtec.cat\/escolaruda\/wp-json\/wp\/v2\/posts"}],"about":[{"href":"https:\/\/agora.xtec.cat\/escolaruda\/wp-json\/wp\/v2\/types\/post"}],"author":[{"embeddable":true,"href":"https:\/\/agora.xtec.cat\/escolaruda\/wp-json\/wp\/v2\/users\/1"}],"replies":[{"embeddable":true,"href":"https:\/\/agora.xtec.cat\/escolaruda\/wp-json\/wp\/v2\/comments?post=2884"}],"version-history":[{"count":1,"href":"https:\/\/agora.xtec.cat\/escolaruda\/wp-json\/wp\/v2\/posts\/2884\/revisions"}],"predecessor-version":[{"id":2885,"href":"https:\/\/agora.xtec.cat\/escolaruda\/wp-json\/wp\/v2\/posts\/2884\/revisions\/2885"}],"wp:featuredmedia":[{"embeddable":true,"href":"https:\/\/agora.xtec.cat\/escolaruda\/wp-json\/wp\/v2\/media\/2883"}],"wp:attachment":[{"href":"https:\/\/agora.xtec.cat\/escolaruda\/wp-json\/wp\/v2\/media?parent=2884"}],"wp:term":[{"taxonomy":"category","embeddable":true,"href":"https:\/\/agora.xtec.cat\/escolaruda\/wp-json\/wp\/v2\/categories?post=2884"},{"taxonomy":"post_tag","embeddable":true,"href":"https:\/\/agora.xtec.cat\/escolaruda\/wp-json\/wp\/v2\/tags?post=2884"}],"curies":[{"name":"wp","href":"https:\/\/api.w.org\/{rel}","templated":true}]}}