{"id":9378,"date":"2026-02-11T12:23:32","date_gmt":"2026-02-11T11:23:32","guid":{"rendered":"https:\/\/agora.xtec.cat\/escolarosaoriol\/?p=9378"},"modified":"2026-02-11T12:23:32","modified_gmt":"2026-02-11T11:23:32","slug":"5e-ja-te-logo-i-cooperatives-propies-dins-del-projecte-cueme","status":"publish","type":"post","link":"https:\/\/agora.xtec.cat\/escolarosaoriol\/cicle-superior\/2015-5e\/5e-ja-te-logo-i-cooperatives-propies-dins-del-projecte-cueme\/","title":{"rendered":"5\u00e8 ja t\u00e9 logo i cooperatives pr\u00f2pies dins del projecte CuEme"},"content":{"rendered":"<p><a href=\"https:\/\/agora.xtec.cat\/escolarosaoriol\/wp-content\/uploads\/usu876\/2026\/02\/Banner-Logos-Cooperatives-5e.jpg\"><img loading=\"lazy\" decoding=\"async\" class=\"alignnone size-large wp-image-9380\" src=\"https:\/\/agora.xtec.cat\/escolarosaoriol\/wp-content\/uploads\/usu876\/2026\/02\/Banner-Logos-Cooperatives-5e-1024x576.jpg\" alt=\"\" width=\"1024\" height=\"576\" srcset=\"https:\/\/agora.xtec.cat\/escolarosaoriol\/wp-content\/uploads\/usu876\/2026\/02\/Banner-Logos-Cooperatives-5e-1024x576.jpg 1024w, https:\/\/agora.xtec.cat\/escolarosaoriol\/wp-content\/uploads\/usu876\/2026\/02\/Banner-Logos-Cooperatives-5e-300x169.jpg 300w, https:\/\/agora.xtec.cat\/escolarosaoriol\/wp-content\/uploads\/usu876\/2026\/02\/Banner-Logos-Cooperatives-5e-768x432.jpg 768w, https:\/\/agora.xtec.cat\/escolarosaoriol\/wp-content\/uploads\/usu876\/2026\/02\/Banner-Logos-Cooperatives-5e-1536x864.jpg 1536w, https:\/\/agora.xtec.cat\/escolarosaoriol\/wp-content\/uploads\/usu876\/2026\/02\/Banner-Logos-Cooperatives-5e-2048x1152.jpg 2048w\" sizes=\"auto, (max-width: 1024px) 100vw, 1024px\" \/><\/a><\/p>\n<p data-start=\"308\" data-end=\"485\">L\u2019alumnat de <strong data-start=\"321\" data-end=\"339\">5\u00e8 de prim\u00e0ria<\/strong> de l\u2019escola ha fet un pas molt important dins del <strong data-start=\"390\" data-end=\"441\">projecte CuEme (Cultura Emprenedora a l\u2019Escola)<\/strong>: <strong data-start=\"443\" data-end=\"485\">ja tenim logos i cooperatives pr\u00f2pies!<\/strong><\/p>\n<p data-start=\"487\" data-end=\"726\">Despr\u00e9s de diverses <strong data-start=\"507\" data-end=\"528\">assemblees d\u2019aula<\/strong>, on s\u2019ha fomentat el di\u00e0leg, la participaci\u00f3 i la presa de decisions democr\u00e0tiques, cada grup ha escollit el seu nom, la seva imatge corporativa i els productes que elaborar\u00e0 al llarg del projecte.<\/p>\n<p data-start=\"728\" data-end=\"992\">\ud83d\udd38 <strong data-start=\"731\" data-end=\"738\">5\u00e8A<\/strong> ha creat la cooperativa <strong data-start=\"763\" data-end=\"776\">Rosa Kids<\/strong>, amb un logo ple de color i significat. Aquesta cooperativa es dedicar\u00e0 a la creaci\u00f3 de <strong data-start=\"865\" data-end=\"886\">clauers de resina<\/strong>, <strong data-start=\"888\" data-end=\"914\">figures impreses en 3D<\/strong> i <strong data-start=\"917\" data-end=\"936\">bossetes d\u2019olor<\/strong>, productes pensats amb creativitat, cura i consci\u00e8ncia.<\/p>\n<p data-start=\"994\" data-end=\"1234\">\ud83d\udd38 <strong data-start=\"997\" data-end=\"1004\">5\u00e8B<\/strong> ha donat vida a la cooperativa <strong data-start=\"1036\" data-end=\"1052\">Les Flames 5<\/strong>, amb un logo molt representatiu del seu esperit. El seu projecte se centrar\u00e0 en l\u2019elaboraci\u00f3 d\u2019<strong data-start=\"1148\" data-end=\"1172\">espelmes decoratives<\/strong>, treballant el disseny, els materials i la presentaci\u00f3 final.<\/p>\n<p data-start=\"1236\" data-end=\"1545\">Aquest proc\u00e9s no ha estat nom\u00e9s creatiu, sin\u00f3 tamb\u00e9 <strong data-start=\"1288\" data-end=\"1311\">educatiu i formatiu<\/strong>. L\u2019alumnat ha apr\u00e8s qu\u00e8 \u00e9s una cooperativa, com funciona, com es prenen decisions col\u00b7lectives i quina import\u00e0ncia tenen valors com la <strong data-start=\"1447\" data-end=\"1544\">responsabilitat, el treball en equip, el respecte per les opinions dels altres i el comprom\u00eds<\/strong>.<\/p>\n<p data-start=\"1547\" data-end=\"1864\">El projecte <strong data-start=\"1559\" data-end=\"1568\">CuEme<\/strong>, impulsat amb el suport de la <strong data-start=\"1599\" data-end=\"1625\">Diputaci\u00f3 de Barcelona<\/strong>, apropa l\u2019emprenedoria a l\u2019escola d\u2019una manera vivencial i significativa. Permet que els infants aprenguin fent, connectant els continguts escolars amb situacions reals i desenvolupant compet\u00e8ncies clau per al seu futur personal i social.<\/p>\n<p data-start=\"1866\" data-end=\"2097\">Des de l\u2019escola estem molt orgullosos de la feina feta fins ara i de la implicaci\u00f3 de tot l\u2019alumnat de 5\u00e8. Aquest nom\u00e9s \u00e9s el comen\u00e7ament d\u2019un projecte que segur que ens portar\u00e0 molts aprenentatges, reptes i il\u00b7lusions compartides.<\/p>\n<p data-start=\"2099\" data-end=\"2150\">\u2728 <strong data-start=\"2101\" data-end=\"2148\">Rosa Kids i Les Flames 5 ja estan en marxa!<\/strong> \u2728<\/p>\n<p><a href=\"https:\/\/agora.xtec.cat\/escolarosaoriol\/wp-content\/uploads\/usu876\/2026\/02\/Logo-Rosa-Oriol-Cueme-2025-26.jpg\"><img loading=\"lazy\" decoding=\"async\" class=\"alignnone size-large wp-image-9379\" src=\"https:\/\/agora.xtec.cat\/escolarosaoriol\/wp-content\/uploads\/usu876\/2026\/02\/Logo-Rosa-Oriol-Cueme-2025-26-819x1024.jpg\" alt=\"\" width=\"819\" height=\"1024\" srcset=\"https:\/\/agora.xtec.cat\/escolarosaoriol\/wp-content\/uploads\/usu876\/2026\/02\/Logo-Rosa-Oriol-Cueme-2025-26-819x1024.jpg 819w, https:\/\/agora.xtec.cat\/escolarosaoriol\/wp-content\/uploads\/usu876\/2026\/02\/Logo-Rosa-Oriol-Cueme-2025-26-240x300.jpg 240w, https:\/\/agora.xtec.cat\/escolarosaoriol\/wp-content\/uploads\/usu876\/2026\/02\/Logo-Rosa-Oriol-Cueme-2025-26-768x960.jpg 768w, https:\/\/agora.xtec.cat\/escolarosaoriol\/wp-content\/uploads\/usu876\/2026\/02\/Logo-Rosa-Oriol-Cueme-2025-26.jpg 1080w\" sizes=\"auto, (max-width: 819px) 100vw, 819px\" \/><\/a><\/p>\n","protected":false},"excerpt":{"rendered":"<p>L\u2019alumnat de 5\u00e8 de prim\u00e0ria de l\u2019escola ha fet un pas molt important dins del projecte CuEme (Cultura Emprenedora a l\u2019Escola): ja tenim logos i cooperatives pr\u00f2pies! Despr\u00e9s de diverses assemblees d\u2019aula, on s\u2019ha fomentat el di\u00e0leg, la participaci\u00f3 i la presa de decisions democr\u00e0tiques, cada grup ha escollit el seu nom, la seva imatge [&hellip;]<\/p>\n","protected":false},"author":36,"featured_media":9380,"comment_status":"closed","ping_status":"open","sticky":false,"template":"","format":"standard","meta":{"_bbp_topic_count":0,"_bbp_reply_count":0,"_bbp_total_topic_count":0,"_bbp_total_reply_count":0,"_bbp_voice_count":0,"_bbp_anonymous_reply_count":0,"_bbp_topic_count_hidden":0,"_bbp_reply_count_hidden":0,"_bbp_forum_subforum_count":0,"site-sidebar-layout":"default","site-content-layout":"","ast-site-content-layout":"default","site-content-style":"default","site-sidebar-style":"default","ast-global-header-display":"","ast-banner-title-visibility":"","ast-main-header-display":"","ast-hfb-above-header-display":"","ast-hfb-below-header-display":"","ast-hfb-mobile-header-display":"","site-post-title":"","ast-breadcrumbs-content":"","ast-featured-img":"","footer-sml-layout":"","theme-transparent-header-meta":"default","adv-header-id-meta":"","stick-header-meta":"","header-above-stick-meta":"","header-main-stick-meta":"","header-below-stick-meta":"","astra-migrate-meta-layouts":"set","ast-page-background-enabled":"default","ast-page-background-meta":{"desktop":{"background-color":"var(--ast-global-color-4)","background-image":"","background-repeat":"repeat","background-position":"center center","background-size":"auto","background-attachment":"scroll","background-type":"","background-media":"","overlay-type":"","overlay-color":"","overlay-opacity":"","overlay-gradient":""},"tablet":{"background-color":"","background-image":"","background-repeat":"repeat","background-position":"center center","background-size":"auto","background-attachment":"scroll","background-type":"","background-media":"","overlay-type":"","overlay-color":"","overlay-opacity":"","overlay-gradient":""},"mobile":{"background-color":"","background-image":"","background-repeat":"repeat","background-position":"center center","background-size":"auto","background-attachment":"scroll","background-type":"","background-media":"","overlay-type":"","overlay-color":"","overlay-opacity":"","overlay-gradient":""}},"ast-content-background-meta":{"desktop":{"background-color":"var(--ast-global-color-5)","background-image":"","background-repeat":"repeat","background-position":"center center","background-size":"auto","background-attachment":"scroll","background-type":"","background-media":"","overlay-type":"","overlay-color":"","overlay-opacity":"","overlay-gradient":""},"tablet":{"background-color":"var(--ast-global-color-5)","background-image":"","background-repeat":"repeat","background-position":"center center","background-size":"auto","background-attachment":"scroll","background-type":"","background-media":"","overlay-type":"","overlay-color":"","overlay-opacity":"","overlay-gradient":""},"mobile":{"background-color":"var(--ast-global-color-5)","background-image":"","background-repeat":"repeat","background-position":"center center","background-size":"auto","background-attachment":"scroll","background-type":"","background-media":"","overlay-type":"","overlay-color":"","overlay-opacity":"","overlay-gradient":""}},"footnotes":""},"categories":[3,183,4],"tags":[],"class_list":["post-9378","post","type-post","status-publish","format-standard","has-post-thumbnail","hentry","category-2015-5e","category-cueme","category-portada"],"post_mailing_queue_ids":[],"_links":{"self":[{"href":"https:\/\/agora.xtec.cat\/escolarosaoriol\/wp-json\/wp\/v2\/posts\/9378","targetHints":{"allow":["GET"]}}],"collection":[{"href":"https:\/\/agora.xtec.cat\/escolarosaoriol\/wp-json\/wp\/v2\/posts"}],"about":[{"href":"https:\/\/agora.xtec.cat\/escolarosaoriol\/wp-json\/wp\/v2\/types\/post"}],"author":[{"embeddable":true,"href":"https:\/\/agora.xtec.cat\/escolarosaoriol\/wp-json\/wp\/v2\/users\/36"}],"replies":[{"embeddable":true,"href":"https:\/\/agora.xtec.cat\/escolarosaoriol\/wp-json\/wp\/v2\/comments?post=9378"}],"version-history":[{"count":1,"href":"https:\/\/agora.xtec.cat\/escolarosaoriol\/wp-json\/wp\/v2\/posts\/9378\/revisions"}],"predecessor-version":[{"id":9381,"href":"https:\/\/agora.xtec.cat\/escolarosaoriol\/wp-json\/wp\/v2\/posts\/9378\/revisions\/9381"}],"wp:featuredmedia":[{"embeddable":true,"href":"https:\/\/agora.xtec.cat\/escolarosaoriol\/wp-json\/wp\/v2\/media\/9380"}],"wp:attachment":[{"href":"https:\/\/agora.xtec.cat\/escolarosaoriol\/wp-json\/wp\/v2\/media?parent=9378"}],"wp:term":[{"taxonomy":"category","embeddable":true,"href":"https:\/\/agora.xtec.cat\/escolarosaoriol\/wp-json\/wp\/v2\/categories?post=9378"},{"taxonomy":"post_tag","embeddable":true,"href":"https:\/\/agora.xtec.cat\/escolarosaoriol\/wp-json\/wp\/v2\/tags?post=9378"}],"curies":[{"name":"wp","href":"https:\/\/api.w.org\/{rel}","templated":true}]}}