{"id":8823,"date":"2025-06-06T09:26:09","date_gmt":"2025-06-06T07:26:09","guid":{"rendered":"https:\/\/agora.xtec.cat\/escolarosaoriol\/?p=8823"},"modified":"2025-06-06T09:26:19","modified_gmt":"2025-06-06T07:26:19","slug":"free-tour-stars-punta-cana-i-mexic","status":"publish","type":"post","link":"https:\/\/agora.xtec.cat\/escolarosaoriol\/general\/free-tour-stars-punta-cana-i-mexic\/","title":{"rendered":"FREE TOUR STARS: Punta Cana i M\u00e8xic"},"content":{"rendered":"<p><span style=\"font-weight: 400;\">Us volem informar que el dia 5 de mar\u00e7 la classe 6\u00e8 A va fer un Free Tour per Punta Cana i un altre per M\u00e8xic. Les guies van ser la Gisela i la Nuria.<\/span><\/p>\n<p><span style=\"font-weight: 400;\">A Punta Cana vam visitar: <\/span><span style=\"font-family: inherit; font-size: 1em;\">El parc nacional dels Haitises, Los altos del Chavon i la Reserva ecol\u00f2gica ulls Ind\u00edgenes.<\/span><\/p>\n<p><span style=\"font-weight: 400;\">A M\u00e8xic vam visitar: <\/span><span style=\"font-family: inherit; font-size: 1em;\">El Chich\u00e9n Itz\u00e1, Ik Kil, Coba i Palenque.<\/span><\/p>\n<p><span style=\"font-weight: 400;\">\ud83d\udc47Aqu\u00ed us deixem el v\u00eddeo del Free Tour.\ud83d\udc47<\/span><\/p>\n<p><b>RECORDEU: Nom\u00e9s es pot visualitzar les imatges des del correu dels alumnes d\u2019aquest grup.<\/b><\/p>\n<p><a href=\"https:\/\/drive.google.com\/file\/d\/1zaYAx32Hwxi57Of44pJGKO_Gr4XCTLro\/view?usp=drive_link\" target=\"_blank\" rel=\"noopener\"><img loading=\"lazy\" decoding=\"async\" class=\"alignleft wp-image-8825 size-full\" src=\"https:\/\/agora.xtec.cat\/escolarosaoriol\/wp-content\/uploads\/usu876\/2025\/05\/logo.png\" alt=\"\" width=\"458\" height=\"461\" srcset=\"https:\/\/agora.xtec.cat\/escolarosaoriol\/wp-content\/uploads\/usu876\/2025\/05\/logo.png 458w, https:\/\/agora.xtec.cat\/escolarosaoriol\/wp-content\/uploads\/usu876\/2025\/05\/logo-298x300.png 298w, https:\/\/agora.xtec.cat\/escolarosaoriol\/wp-content\/uploads\/usu876\/2025\/05\/logo-150x150.png 150w\" sizes=\"auto, (max-width: 458px) 100vw, 458px\" \/><\/a><\/p>\n<p><!--a=1--><\/p>\n","protected":false},"excerpt":{"rendered":"<p>Us volem informar que el dia 5 de mar\u00e7 la classe 6\u00e8 A va fer un Free Tour per Punta Cana i un altre per M\u00e8xic. Les guies van ser la Gisela i la Nuria. A Punta Cana vam visitar: El parc nacional dels Haitises, Los altos del Chavon i la Reserva ecol\u00f2gica ulls Ind\u00edgenes. [&hellip;]<\/p>\n","protected":false},"author":36,"featured_media":0,"comment_status":"closed","ping_status":"closed","sticky":false,"template":"","format":"standard","meta":{"_bbp_topic_count":0,"_bbp_reply_count":0,"_bbp_total_topic_count":0,"_bbp_total_reply_count":0,"_bbp_voice_count":0,"_bbp_anonymous_reply_count":0,"_bbp_topic_count_hidden":0,"_bbp_reply_count_hidden":0,"_bbp_forum_subforum_count":0,"site-sidebar-layout":"default","site-content-layout":"","ast-site-content-layout":"","site-content-style":"default","site-sidebar-style":"default","ast-global-header-display":"","ast-banner-title-visibility":"","ast-main-header-display":"","ast-hfb-above-header-display":"","ast-hfb-below-header-display":"","ast-hfb-mobile-header-display":"","site-post-title":"","ast-breadcrumbs-content":"","ast-featured-img":"","footer-sml-layout":"","theme-transparent-header-meta":"","adv-header-id-meta":"","stick-header-meta":"","header-above-stick-meta":"","header-main-stick-meta":"","header-below-stick-meta":"","astra-migrate-meta-layouts":"default","ast-page-background-enabled":"default","ast-page-background-meta":{"desktop":{"background-color":"var(--ast-global-color-4)","background-image":"","background-repeat":"repeat","background-position":"center center","background-size":"auto","background-attachment":"scroll","background-type":"","background-media":"","overlay-type":"","overlay-color":"","overlay-opacity":"","overlay-gradient":""},"tablet":{"background-color":"","background-image":"","background-repeat":"repeat","background-position":"center center","background-size":"auto","background-attachment":"scroll","background-type":"","background-media":"","overlay-type":"","overlay-color":"","overlay-opacity":"","overlay-gradient":""},"mobile":{"background-color":"","background-image":"","background-repeat":"repeat","background-position":"center center","background-size":"auto","background-attachment":"scroll","background-type":"","background-media":"","overlay-type":"","overlay-color":"","overlay-opacity":"","overlay-gradient":""}},"ast-content-background-meta":{"desktop":{"background-color":"var(--ast-global-color-5)","background-image":"","background-repeat":"repeat","background-position":"center center","background-size":"auto","background-attachment":"scroll","background-type":"","background-media":"","overlay-type":"","overlay-color":"","overlay-opacity":"","overlay-gradient":""},"tablet":{"background-color":"var(--ast-global-color-5)","background-image":"","background-repeat":"repeat","background-position":"center center","background-size":"auto","background-attachment":"scroll","background-type":"","background-media":"","overlay-type":"","overlay-color":"","overlay-opacity":"","overlay-gradient":""},"mobile":{"background-color":"var(--ast-global-color-5)","background-image":"","background-repeat":"repeat","background-position":"center center","background-size":"auto","background-attachment":"scroll","background-type":"","background-media":"","overlay-type":"","overlay-color":"","overlay-opacity":"","overlay-gradient":""}},"footnotes":""},"categories":[9,166,1,4],"tags":[],"class_list":["post-8823","post","type-post","status-publish","format-standard","hentry","category-9","category-2013-2","category-general","category-portada"],"post_mailing_queue_ids":[],"_links":{"self":[{"href":"https:\/\/agora.xtec.cat\/escolarosaoriol\/wp-json\/wp\/v2\/posts\/8823","targetHints":{"allow":["GET"]}}],"collection":[{"href":"https:\/\/agora.xtec.cat\/escolarosaoriol\/wp-json\/wp\/v2\/posts"}],"about":[{"href":"https:\/\/agora.xtec.cat\/escolarosaoriol\/wp-json\/wp\/v2\/types\/post"}],"author":[{"embeddable":true,"href":"https:\/\/agora.xtec.cat\/escolarosaoriol\/wp-json\/wp\/v2\/users\/36"}],"replies":[{"embeddable":true,"href":"https:\/\/agora.xtec.cat\/escolarosaoriol\/wp-json\/wp\/v2\/comments?post=8823"}],"version-history":[{"count":4,"href":"https:\/\/agora.xtec.cat\/escolarosaoriol\/wp-json\/wp\/v2\/posts\/8823\/revisions"}],"predecessor-version":[{"id":8865,"href":"https:\/\/agora.xtec.cat\/escolarosaoriol\/wp-json\/wp\/v2\/posts\/8823\/revisions\/8865"}],"wp:attachment":[{"href":"https:\/\/agora.xtec.cat\/escolarosaoriol\/wp-json\/wp\/v2\/media?parent=8823"}],"wp:term":[{"taxonomy":"category","embeddable":true,"href":"https:\/\/agora.xtec.cat\/escolarosaoriol\/wp-json\/wp\/v2\/categories?post=8823"},{"taxonomy":"post_tag","embeddable":true,"href":"https:\/\/agora.xtec.cat\/escolarosaoriol\/wp-json\/wp\/v2\/tags?post=8823"}],"curies":[{"name":"wp","href":"https:\/\/api.w.org\/{rel}","templated":true}]}}