{"id":8646,"date":"2025-03-12T11:20:01","date_gmt":"2025-03-12T10:20:01","guid":{"rendered":"https:\/\/agora.xtec.cat\/escolarosaoriol\/?p=8646"},"modified":"2025-03-12T11:20:01","modified_gmt":"2025-03-12T10:20:01","slug":"visita-de-lautora-gloria-marin","status":"publish","type":"post","link":"https:\/\/agora.xtec.cat\/escolarosaoriol\/portada\/visita-de-lautora-gloria-marin\/","title":{"rendered":"VISITA DE L&#8217;AUTORA GL\u00d2RIA MAR\u00cdN"},"content":{"rendered":"<p>Avui per fi ha arribat el dia que tant esperaven els nostres nens i nenes de 3r! Ens ha visitat la Gl\u00f2ria Mar\u00edn, autora del llibre &#8220;Quin cap, Clara!&#8221; que hem estat llegint per practicar la lectura en veu alta. A m\u00e9s de veure-la i escoltar totes aquelles coses que ens ha compartit, hem pogut fer-li preguntes relacionades amb la seva feina d&#8217;escriptora. Per exemple, hem pogut preguntar: &#8220;Quant temps has trigat a escriure aquest llibre?, Per qu\u00e8 vas triar aquest t\u00edtol?, Has escrit altres llibres?&#8221;, entre altres. I no us ho perdeu, tamb\u00e9 ens ha dedicat personalment el seu llibre!<\/p>\n<p>Si cliqueu a la imatge que hi ha a continuaci\u00f3, podreu veure un petit recull de fotografies de l&#8217;activitat. Mireu les nostres cares, estem ben feli\u00e7os!<\/p>\n<p><a href=\"https:\/\/drive.google.com\/drive\/u\/3\/folders\/1nMuZFSK9y18QgMB5FDqxMpZk4JD4vj3y\" target=\"_blank\" rel=\"noopener\"><img loading=\"lazy\" decoding=\"async\" class=\"aligncenter wp-image-8647\" src=\"https:\/\/agora.xtec.cat\/escolarosaoriol\/wp-content\/uploads\/usu876\/2025\/03\/quin-cap-clara.jpg\" alt=\"\" width=\"163\" height=\"257\" srcset=\"https:\/\/agora.xtec.cat\/escolarosaoriol\/wp-content\/uploads\/usu876\/2025\/03\/quin-cap-clara.jpg 291w, https:\/\/agora.xtec.cat\/escolarosaoriol\/wp-content\/uploads\/usu876\/2025\/03\/quin-cap-clara-191x300.jpg 191w\" sizes=\"auto, (max-width: 163px) 100vw, 163px\" \/><\/a><\/p>\n","protected":false},"excerpt":{"rendered":"<p>Avui per fi ha arribat el dia que tant esperaven els nostres nens i nenes de 3r! Ens ha visitat la Gl\u00f2ria Mar\u00edn, autora del llibre &#8220;Quin cap, Clara!&#8221; que hem estat llegint per practicar la lectura en veu alta. A m\u00e9s de veure-la i escoltar totes aquelles coses que ens ha compartit, hem pogut [&hellip;]<\/p>\n","protected":false},"author":35,"featured_media":0,"comment_status":"closed","ping_status":"closed","sticky":false,"template":"","format":"standard","meta":{"_bbp_topic_count":0,"_bbp_reply_count":0,"_bbp_total_topic_count":0,"_bbp_total_reply_count":0,"_bbp_voice_count":0,"_bbp_anonymous_reply_count":0,"_bbp_topic_count_hidden":0,"_bbp_reply_count_hidden":0,"_bbp_forum_subforum_count":0,"site-sidebar-layout":"default","site-content-layout":"","ast-site-content-layout":"","site-content-style":"default","site-sidebar-style":"default","ast-global-header-display":"","ast-banner-title-visibility":"","ast-main-header-display":"","ast-hfb-above-header-display":"","ast-hfb-below-header-display":"","ast-hfb-mobile-header-display":"","site-post-title":"","ast-breadcrumbs-content":"","ast-featured-img":"","footer-sml-layout":"","theme-transparent-header-meta":"","adv-header-id-meta":"","stick-header-meta":"","header-above-stick-meta":"","header-main-stick-meta":"","header-below-stick-meta":"","astra-migrate-meta-layouts":"default","ast-page-background-enabled":"default","ast-page-background-meta":{"desktop":{"background-color":"var(--ast-global-color-4)","background-image":"","background-repeat":"repeat","background-position":"center center","background-size":"auto","background-attachment":"scroll","background-type":"","background-media":"","overlay-type":"","overlay-color":"","overlay-opacity":"","overlay-gradient":""},"tablet":{"background-color":"","background-image":"","background-repeat":"repeat","background-position":"center center","background-size":"auto","background-attachment":"scroll","background-type":"","background-media":"","overlay-type":"","overlay-color":"","overlay-opacity":"","overlay-gradient":""},"mobile":{"background-color":"","background-image":"","background-repeat":"repeat","background-position":"center center","background-size":"auto","background-attachment":"scroll","background-type":"","background-media":"","overlay-type":"","overlay-color":"","overlay-opacity":"","overlay-gradient":""}},"ast-content-background-meta":{"desktop":{"background-color":"var(--ast-global-color-5)","background-image":"","background-repeat":"repeat","background-position":"center center","background-size":"auto","background-attachment":"scroll","background-type":"","background-media":"","overlay-type":"","overlay-color":"","overlay-opacity":"","overlay-gradient":""},"tablet":{"background-color":"var(--ast-global-color-5)","background-image":"","background-repeat":"repeat","background-position":"center center","background-size":"auto","background-attachment":"scroll","background-type":"","background-media":"","overlay-type":"","overlay-color":"","overlay-opacity":"","overlay-gradient":""},"mobile":{"background-color":"var(--ast-global-color-5)","background-image":"","background-repeat":"repeat","background-position":"center center","background-size":"auto","background-attachment":"scroll","background-type":"","background-media":"","overlay-type":"","overlay-color":"","overlay-opacity":"","overlay-gradient":""}},"footnotes":""},"categories":[76,151,4],"tags":[],"class_list":["post-8646","post","type-post","status-publish","format-standard","hentry","category-2016-4t","category-dia-a-dia","category-portada"],"post_mailing_queue_ids":[],"_links":{"self":[{"href":"https:\/\/agora.xtec.cat\/escolarosaoriol\/wp-json\/wp\/v2\/posts\/8646","targetHints":{"allow":["GET"]}}],"collection":[{"href":"https:\/\/agora.xtec.cat\/escolarosaoriol\/wp-json\/wp\/v2\/posts"}],"about":[{"href":"https:\/\/agora.xtec.cat\/escolarosaoriol\/wp-json\/wp\/v2\/types\/post"}],"author":[{"embeddable":true,"href":"https:\/\/agora.xtec.cat\/escolarosaoriol\/wp-json\/wp\/v2\/users\/35"}],"replies":[{"embeddable":true,"href":"https:\/\/agora.xtec.cat\/escolarosaoriol\/wp-json\/wp\/v2\/comments?post=8646"}],"version-history":[{"count":1,"href":"https:\/\/agora.xtec.cat\/escolarosaoriol\/wp-json\/wp\/v2\/posts\/8646\/revisions"}],"predecessor-version":[{"id":8648,"href":"https:\/\/agora.xtec.cat\/escolarosaoriol\/wp-json\/wp\/v2\/posts\/8646\/revisions\/8648"}],"wp:attachment":[{"href":"https:\/\/agora.xtec.cat\/escolarosaoriol\/wp-json\/wp\/v2\/media?parent=8646"}],"wp:term":[{"taxonomy":"category","embeddable":true,"href":"https:\/\/agora.xtec.cat\/escolarosaoriol\/wp-json\/wp\/v2\/categories?post=8646"},{"taxonomy":"post_tag","embeddable":true,"href":"https:\/\/agora.xtec.cat\/escolarosaoriol\/wp-json\/wp\/v2\/tags?post=8646"}],"curies":[{"name":"wp","href":"https:\/\/api.w.org\/{rel}","templated":true}]}}