{"id":6954,"date":"2023-03-31T16:25:49","date_gmt":"2023-03-31T14:25:49","guid":{"rendered":"https:\/\/agora.xtec.cat\/escolarosaoriol\/?p=6954"},"modified":"2023-03-31T16:28:04","modified_gmt":"2023-03-31T14:28:04","slug":"certamen-de-lectura-en-veu-alta-2023","status":"publish","type":"post","link":"https:\/\/agora.xtec.cat\/escolarosaoriol\/infantil\/certamen-de-lectura-en-veu-alta-2023\/","title":{"rendered":"CERTAMEN DE LECTURA EN VEU ALTA 2023"},"content":{"rendered":"<p><img loading=\"lazy\" decoding=\"async\" class=\"aligncenter size-medium wp-image-7021\" src=\"https:\/\/agora.xtec.cat\/escolarosaoriol\/wp-content\/uploads\/usu876\/2023\/03\/CLVA-Captura-300x211.png\" alt=\"\" width=\"300\" height=\"211\" srcset=\"https:\/\/agora.xtec.cat\/escolarosaoriol\/wp-content\/uploads\/usu876\/2023\/03\/CLVA-Captura-300x211.png 300w, https:\/\/agora.xtec.cat\/escolarosaoriol\/wp-content\/uploads\/usu876\/2023\/03\/CLVA-Captura-1024x722.png 1024w, https:\/\/agora.xtec.cat\/escolarosaoriol\/wp-content\/uploads\/usu876\/2023\/03\/CLVA-Captura-768x541.png 768w, https:\/\/agora.xtec.cat\/escolarosaoriol\/wp-content\/uploads\/usu876\/2023\/03\/CLVA-Captura.png 1151w\" sizes=\"auto, (max-width: 300px) 100vw, 300px\" \/><\/p>\n<p>Un curs m\u00e9s la nostra escola va participar en el <strong>Certamen de Lectura en Veu Alta<\/strong> celebrat el 22 de mar\u00e7 a l&#8217;auditori de la Garriga juntament amb altres centres educatius de la nostra zona i dels voltants. \u00c9s un certamen que fomenta el gust per la lectura i dona l&#8217;oportunitat de treballar abans aspectes importants com la dicci\u00f3, l&#8217;articulaci\u00f3, la flu\u00efdesa, la projecci\u00f3 de la veu, el ritme&#8230;<\/p>\n<p>Assistir ha sigut una experi\u00e8ncia molt gratificant per l&#8217;alumnat, tant pel representant del centre com pels acompanyants que tamb\u00e9 han fet una tasca molt important! Moltes Felicitats!!!<\/p>\n<p>Si cliqueu a la seg\u00fcent fotografia podreu veure un petit recull d&#8217;imatges. Fixeu-vos en les cares dels infants, diuen molt de com ho han viscut ells i elles!<a href=\"https:\/\/photos.app.goo.gl\/QDwRhRmUScJeEyEj8\" target=\"_blank\" rel=\"noopener\"><img loading=\"lazy\" decoding=\"async\" class=\"wp-image-6955 aligncenter\" src=\"https:\/\/agora.xtec.cat\/escolarosaoriol\/wp-content\/uploads\/usu876\/2023\/03\/20230322_123129-1024x768.jpg\" alt=\"\" width=\"345\" height=\"259\" srcset=\"https:\/\/agora.xtec.cat\/escolarosaoriol\/wp-content\/uploads\/usu876\/2023\/03\/20230322_123129-1024x768.jpg 1024w, https:\/\/agora.xtec.cat\/escolarosaoriol\/wp-content\/uploads\/usu876\/2023\/03\/20230322_123129-300x225.jpg 300w, https:\/\/agora.xtec.cat\/escolarosaoriol\/wp-content\/uploads\/usu876\/2023\/03\/20230322_123129-768x576.jpg 768w, https:\/\/agora.xtec.cat\/escolarosaoriol\/wp-content\/uploads\/usu876\/2023\/03\/20230322_123129-1536x1152.jpg 1536w, https:\/\/agora.xtec.cat\/escolarosaoriol\/wp-content\/uploads\/usu876\/2023\/03\/20230322_123129-2048x1536.jpg 2048w, https:\/\/agora.xtec.cat\/escolarosaoriol\/wp-content\/uploads\/usu876\/2023\/03\/20230322_123129-200x150.jpg 200w\" sizes=\"auto, (max-width: 345px) 100vw, 345px\" \/><\/a><\/p>\n","protected":false},"excerpt":{"rendered":"<p>Un curs m\u00e9s la nostra escola va participar en el Certamen de Lectura en Veu Alta celebrat el 22 de mar\u00e7 a l&#8217;auditori de la Garriga juntament amb altres centres educatius de la nostra zona i dels voltants. \u00c9s un certamen que fomenta el gust per la lectura i dona l&#8217;oportunitat de treballar abans aspectes [&hellip;]<\/p>\n","protected":false},"author":35,"featured_media":0,"comment_status":"closed","ping_status":"closed","sticky":false,"template":"","format":"standard","meta":{"_bbp_topic_count":0,"_bbp_reply_count":0,"_bbp_total_topic_count":0,"_bbp_total_reply_count":0,"_bbp_voice_count":0,"_bbp_anonymous_reply_count":0,"_bbp_topic_count_hidden":0,"_bbp_reply_count_hidden":0,"_bbp_forum_subforum_count":0,"site-sidebar-layout":"default","site-content-layout":"","ast-site-content-layout":"","site-content-style":"default","site-sidebar-style":"default","ast-global-header-display":"","ast-banner-title-visibility":"","ast-main-header-display":"","ast-hfb-above-header-display":"","ast-hfb-below-header-display":"","ast-hfb-mobile-header-display":"","site-post-title":"","ast-breadcrumbs-content":"","ast-featured-img":"","footer-sml-layout":"","theme-transparent-header-meta":"","adv-header-id-meta":"","stick-header-meta":"","header-above-stick-meta":"","header-main-stick-meta":"","header-below-stick-meta":"","astra-migrate-meta-layouts":"default","ast-page-background-enabled":"default","ast-page-background-meta":{"desktop":{"background-color":"var(--ast-global-color-4)","background-image":"","background-repeat":"repeat","background-position":"center center","background-size":"auto","background-attachment":"scroll","background-type":"","background-media":"","overlay-type":"","overlay-color":"","overlay-opacity":"","overlay-gradient":""},"tablet":{"background-color":"","background-image":"","background-repeat":"repeat","background-position":"center center","background-size":"auto","background-attachment":"scroll","background-type":"","background-media":"","overlay-type":"","overlay-color":"","overlay-opacity":"","overlay-gradient":""},"mobile":{"background-color":"","background-image":"","background-repeat":"repeat","background-position":"center center","background-size":"auto","background-attachment":"scroll","background-type":"","background-media":"","overlay-type":"","overlay-color":"","overlay-opacity":"","overlay-gradient":""}},"ast-content-background-meta":{"desktop":{"background-color":"var(--ast-global-color-5)","background-image":"","background-repeat":"repeat","background-position":"center center","background-size":"auto","background-attachment":"scroll","background-type":"","background-media":"","overlay-type":"","overlay-color":"","overlay-opacity":"","overlay-gradient":""},"tablet":{"background-color":"var(--ast-global-color-5)","background-image":"","background-repeat":"repeat","background-position":"center center","background-size":"auto","background-attachment":"scroll","background-type":"","background-media":"","overlay-type":"","overlay-color":"","overlay-opacity":"","overlay-gradient":""},"mobile":{"background-color":"var(--ast-global-color-5)","background-image":"","background-repeat":"repeat","background-position":"center center","background-size":"auto","background-attachment":"scroll","background-type":"","background-media":"","overlay-type":"","overlay-color":"","overlay-opacity":"","overlay-gradient":""}},"footnotes":""},"categories":[5,151,2,4],"tags":[],"class_list":["post-6954","post","type-post","status-publish","format-standard","hentry","category-ci","category-dia-a-dia","category-infantil","category-portada"],"post_mailing_queue_ids":[],"_links":{"self":[{"href":"https:\/\/agora.xtec.cat\/escolarosaoriol\/wp-json\/wp\/v2\/posts\/6954","targetHints":{"allow":["GET"]}}],"collection":[{"href":"https:\/\/agora.xtec.cat\/escolarosaoriol\/wp-json\/wp\/v2\/posts"}],"about":[{"href":"https:\/\/agora.xtec.cat\/escolarosaoriol\/wp-json\/wp\/v2\/types\/post"}],"author":[{"embeddable":true,"href":"https:\/\/agora.xtec.cat\/escolarosaoriol\/wp-json\/wp\/v2\/users\/35"}],"replies":[{"embeddable":true,"href":"https:\/\/agora.xtec.cat\/escolarosaoriol\/wp-json\/wp\/v2\/comments?post=6954"}],"version-history":[{"count":3,"href":"https:\/\/agora.xtec.cat\/escolarosaoriol\/wp-json\/wp\/v2\/posts\/6954\/revisions"}],"predecessor-version":[{"id":7025,"href":"https:\/\/agora.xtec.cat\/escolarosaoriol\/wp-json\/wp\/v2\/posts\/6954\/revisions\/7025"}],"wp:attachment":[{"href":"https:\/\/agora.xtec.cat\/escolarosaoriol\/wp-json\/wp\/v2\/media?parent=6954"}],"wp:term":[{"taxonomy":"category","embeddable":true,"href":"https:\/\/agora.xtec.cat\/escolarosaoriol\/wp-json\/wp\/v2\/categories?post=6954"},{"taxonomy":"post_tag","embeddable":true,"href":"https:\/\/agora.xtec.cat\/escolarosaoriol\/wp-json\/wp\/v2\/tags?post=6954"}],"curies":[{"name":"wp","href":"https:\/\/api.w.org\/{rel}","templated":true}]}}