{"id":5733,"date":"2022-03-30T17:14:27","date_gmt":"2022-03-30T15:14:27","guid":{"rendered":"https:\/\/agora.xtec.cat\/escolarosaoriol\/?p=5733"},"modified":"2022-03-31T16:33:56","modified_gmt":"2022-03-31T14:33:56","slug":"p4-projecte-pollets-a-la-vistaaa%f0%9f%90%94%f0%9f%90%a4%f0%9f%90%a3%f0%9f%90%a5","status":"publish","type":"post","link":"https:\/\/agora.xtec.cat\/escolarosaoriol\/general\/p4-projecte-pollets-a-la-vistaaa%f0%9f%90%94%f0%9f%90%a4%f0%9f%90%a3%f0%9f%90%a5\/","title":{"rendered":"P4 Projecte POLLETS A LA VISTAAA!!!\ud83d\udc14\ud83d\udc24\ud83d\udc23\ud83d\udc25"},"content":{"rendered":"<p>Aprenentatge i diversi\u00f3!!!<\/p>\n<p><img loading=\"lazy\" decoding=\"async\" class=\"alignleft wp-image-5745 size-thumbnail\" src=\"https:\/\/agora.xtec.cat\/escolarosaoriol\/wp-content\/uploads\/usu876\/2022\/03\/Screenshot_20220330-125645_WhatsApp-150x150.jpg\" alt=\"\" width=\"150\" height=\"150\" \/><span style=\"font-family: inherit; font-size: 1em;\">Al llarg d aquests dies hem descobert un munt de coses dels pollets, els galls i les gallines!!!<\/span><\/p>\n<p>Sab\u00edeu que no tenen orelles per\u00f2 senten sons???<\/p>\n<p>Que el seu nas, s\u00f3n els dos forats que tenen damunt del bec???<\/p>\n<p>Que si un ou fecundat\u00a0 passa 21 dies en una la incubadora poden sortir pollets???<\/p>\n<p>Tot aix\u00f2 i m\u00e9s \u00e9s el que hem apr\u00e8s i descobert al llarg d aquests dies!!!<\/p>\n<p>Aqu\u00ed teniu una mostra de les diferents activitats que hem portat a terme.<\/p>\n<div class=\"ast-oembed-container \" style=\"height: 100%;\"><iframe loading=\"lazy\" title=\"P4A Projecte Pollets\" width=\"500\" height=\"281\" src=\"https:\/\/www.youtube.com\/embed\/3DiMgx-bDB4?feature=oembed\" frameborder=\"0\" allow=\"accelerometer; autoplay; clipboard-write; encrypted-media; gyroscope; picture-in-picture; web-share\" referrerpolicy=\"strict-origin-when-cross-origin\" allowfullscreen><\/iframe><\/div>\n<p>&nbsp;<\/p>\n","protected":false},"excerpt":{"rendered":"<p>Aprenentatge i diversi\u00f3!!! Al llarg d aquests dies hem descobert un munt de coses dels pollets, els galls i les gallines!!! Sab\u00edeu que no tenen orelles per\u00f2 senten sons??? Que el seu nas, s\u00f3n els dos forats que tenen damunt del bec??? Que si un ou fecundat\u00a0 passa 21 dies en una la incubadora poden [&hellip;]<\/p>\n","protected":false},"author":53,"featured_media":5745,"comment_status":"closed","ping_status":"closed","sticky":false,"template":"","format":"standard","meta":{"_bbp_topic_count":0,"_bbp_reply_count":0,"_bbp_total_topic_count":0,"_bbp_total_reply_count":0,"_bbp_voice_count":0,"_bbp_anonymous_reply_count":0,"_bbp_topic_count_hidden":0,"_bbp_reply_count_hidden":0,"_bbp_forum_subforum_count":0,"site-sidebar-layout":"default","site-content-layout":"","ast-site-content-layout":"","site-content-style":"default","site-sidebar-style":"default","ast-global-header-display":"","ast-banner-title-visibility":"","ast-main-header-display":"","ast-hfb-above-header-display":"","ast-hfb-below-header-display":"","ast-hfb-mobile-header-display":"","site-post-title":"","ast-breadcrumbs-content":"","ast-featured-img":"","footer-sml-layout":"","theme-transparent-header-meta":"","adv-header-id-meta":"","stick-header-meta":"","header-above-stick-meta":"","header-main-stick-meta":"","header-below-stick-meta":"","astra-migrate-meta-layouts":"default","ast-page-background-enabled":"default","ast-page-background-meta":{"desktop":{"background-color":"var(--ast-global-color-4)","background-image":"","background-repeat":"repeat","background-position":"center center","background-size":"auto","background-attachment":"scroll","background-type":"","background-media":"","overlay-type":"","overlay-color":"","overlay-opacity":"","overlay-gradient":""},"tablet":{"background-color":"","background-image":"","background-repeat":"repeat","background-position":"center center","background-size":"auto","background-attachment":"scroll","background-type":"","background-media":"","overlay-type":"","overlay-color":"","overlay-opacity":"","overlay-gradient":""},"mobile":{"background-color":"","background-image":"","background-repeat":"repeat","background-position":"center center","background-size":"auto","background-attachment":"scroll","background-type":"","background-media":"","overlay-type":"","overlay-color":"","overlay-opacity":"","overlay-gradient":""}},"ast-content-background-meta":{"desktop":{"background-color":"var(--ast-global-color-5)","background-image":"","background-repeat":"repeat","background-position":"center center","background-size":"auto","background-attachment":"scroll","background-type":"","background-media":"","overlay-type":"","overlay-color":"","overlay-opacity":"","overlay-gradient":""},"tablet":{"background-color":"var(--ast-global-color-5)","background-image":"","background-repeat":"repeat","background-position":"center center","background-size":"auto","background-attachment":"scroll","background-type":"","background-media":"","overlay-type":"","overlay-color":"","overlay-opacity":"","overlay-gradient":""},"mobile":{"background-color":"var(--ast-global-color-5)","background-image":"","background-repeat":"repeat","background-position":"center center","background-size":"auto","background-attachment":"scroll","background-type":"","background-media":"","overlay-type":"","overlay-color":"","overlay-opacity":"","overlay-gradient":""}},"footnotes":""},"categories":[91,1,2,4],"tags":[],"class_list":["post-5733","post","type-post","status-publish","format-standard","has-post-thumbnail","hentry","category-2017-3r","category-general","category-infantil","category-portada"],"post_mailing_queue_ids":[],"_links":{"self":[{"href":"https:\/\/agora.xtec.cat\/escolarosaoriol\/wp-json\/wp\/v2\/posts\/5733","targetHints":{"allow":["GET"]}}],"collection":[{"href":"https:\/\/agora.xtec.cat\/escolarosaoriol\/wp-json\/wp\/v2\/posts"}],"about":[{"href":"https:\/\/agora.xtec.cat\/escolarosaoriol\/wp-json\/wp\/v2\/types\/post"}],"author":[{"embeddable":true,"href":"https:\/\/agora.xtec.cat\/escolarosaoriol\/wp-json\/wp\/v2\/users\/53"}],"replies":[{"embeddable":true,"href":"https:\/\/agora.xtec.cat\/escolarosaoriol\/wp-json\/wp\/v2\/comments?post=5733"}],"version-history":[{"count":3,"href":"https:\/\/agora.xtec.cat\/escolarosaoriol\/wp-json\/wp\/v2\/posts\/5733\/revisions"}],"predecessor-version":[{"id":5761,"href":"https:\/\/agora.xtec.cat\/escolarosaoriol\/wp-json\/wp\/v2\/posts\/5733\/revisions\/5761"}],"wp:featuredmedia":[{"embeddable":true,"href":"https:\/\/agora.xtec.cat\/escolarosaoriol\/wp-json\/wp\/v2\/media\/5745"}],"wp:attachment":[{"href":"https:\/\/agora.xtec.cat\/escolarosaoriol\/wp-json\/wp\/v2\/media?parent=5733"}],"wp:term":[{"taxonomy":"category","embeddable":true,"href":"https:\/\/agora.xtec.cat\/escolarosaoriol\/wp-json\/wp\/v2\/categories?post=5733"},{"taxonomy":"post_tag","embeddable":true,"href":"https:\/\/agora.xtec.cat\/escolarosaoriol\/wp-json\/wp\/v2\/tags?post=5733"}],"curies":[{"name":"wp","href":"https:\/\/api.w.org\/{rel}","templated":true}]}}