{"id":5379,"date":"2022-01-28T16:05:33","date_gmt":"2022-01-28T15:05:33","guid":{"rendered":"https:\/\/agora.xtec.cat\/escolarosaoriol\/?p=5379"},"modified":"2022-01-28T16:05:33","modified_gmt":"2022-01-28T15:05:33","slug":"1a-trobada-de-delegats-i-delegades-ambientals","status":"publish","type":"post","link":"https:\/\/agora.xtec.cat\/escolarosaoriol\/cicle-superior\/2015-5e\/1a-trobada-de-delegats-i-delegades-ambientals\/","title":{"rendered":"1a TROBADA DE DELEGATS I DELEGADES AMBIENTALS"},"content":{"rendered":"<p>A finals de gener els DELEGATS I DELEGADES AMBIENTALS de l&#8217;escola vam fer la <strong>primera trobada<\/strong> d&#8217;aquest curs. Aquesta reuni\u00f3 ens ha servit per con\u00e8ixer quins nens i nenes representen aquest c\u00e0rrec des de 1r fins a 6\u00e8 i hem apr\u00e8s qu\u00e8 vol dir ser ESCOLA VERDA i el que representa per tots nosaltres per al dia a dia.<\/p>\n<p><span style=\"font-family: inherit; font-size: 1em;\">Si cliqueu a continuaci\u00f3, podreu veure un petit recull de fotografies de la nostra experi\u00e8ncia!\u00a0<\/span><\/p>\n<p><a href=\"https:\/\/photos.app.goo.gl\/cqDdk8GuMQx6W2qh6\" target=\"_blank\" rel=\"noopener\"><img loading=\"lazy\" decoding=\"async\" class=\"wp-image-5380 alignleft\" src=\"https:\/\/agora.xtec.cat\/escolarosaoriol\/wp-content\/uploads\/usu876\/2022\/01\/20220127_124157-1-300x146.jpg\" alt=\"\" width=\"318\" height=\"155\" srcset=\"https:\/\/agora.xtec.cat\/escolarosaoriol\/wp-content\/uploads\/usu876\/2022\/01\/20220127_124157-1-300x146.jpg 300w, https:\/\/agora.xtec.cat\/escolarosaoriol\/wp-content\/uploads\/usu876\/2022\/01\/20220127_124157-1-1024x498.jpg 1024w, https:\/\/agora.xtec.cat\/escolarosaoriol\/wp-content\/uploads\/usu876\/2022\/01\/20220127_124157-1-768x373.jpg 768w, https:\/\/agora.xtec.cat\/escolarosaoriol\/wp-content\/uploads\/usu876\/2022\/01\/20220127_124157-1-1536x747.jpg 1536w, https:\/\/agora.xtec.cat\/escolarosaoriol\/wp-content\/uploads\/usu876\/2022\/01\/20220127_124157-1-2048x996.jpg 2048w\" sizes=\"auto, (max-width: 318px) 100vw, 318px\" \/><\/a><\/p>\n","protected":false},"excerpt":{"rendered":"<p>A finals de gener els DELEGATS I DELEGADES AMBIENTALS de l&#8217;escola vam fer la primera trobada d&#8217;aquest curs. Aquesta reuni\u00f3 ens ha servit per con\u00e8ixer quins nens i nenes representen aquest c\u00e0rrec des de 1r fins a 6\u00e8 i hem apr\u00e8s qu\u00e8 vol dir ser ESCOLA VERDA i el que representa per tots nosaltres per [&hellip;]<\/p>\n","protected":false},"author":54,"featured_media":1392,"comment_status":"closed","ping_status":"closed","sticky":false,"template":"","format":"standard","meta":{"_bbp_topic_count":0,"_bbp_reply_count":0,"_bbp_total_topic_count":0,"_bbp_total_reply_count":0,"_bbp_voice_count":0,"_bbp_anonymous_reply_count":0,"_bbp_topic_count_hidden":0,"_bbp_reply_count_hidden":0,"_bbp_forum_subforum_count":0,"site-sidebar-layout":"default","site-content-layout":"","ast-site-content-layout":"","site-content-style":"default","site-sidebar-style":"default","ast-global-header-display":"","ast-banner-title-visibility":"","ast-main-header-display":"","ast-hfb-above-header-display":"","ast-hfb-below-header-display":"","ast-hfb-mobile-header-display":"","site-post-title":"","ast-breadcrumbs-content":"","ast-featured-img":"","footer-sml-layout":"","theme-transparent-header-meta":"","adv-header-id-meta":"","stick-header-meta":"","header-above-stick-meta":"","header-main-stick-meta":"","header-below-stick-meta":"","astra-migrate-meta-layouts":"default","ast-page-background-enabled":"default","ast-page-background-meta":{"desktop":{"background-color":"var(--ast-global-color-4)","background-image":"","background-repeat":"repeat","background-position":"center center","background-size":"auto","background-attachment":"scroll","background-type":"","background-media":"","overlay-type":"","overlay-color":"","overlay-opacity":"","overlay-gradient":""},"tablet":{"background-color":"","background-image":"","background-repeat":"repeat","background-position":"center center","background-size":"auto","background-attachment":"scroll","background-type":"","background-media":"","overlay-type":"","overlay-color":"","overlay-opacity":"","overlay-gradient":""},"mobile":{"background-color":"","background-image":"","background-repeat":"repeat","background-position":"center center","background-size":"auto","background-attachment":"scroll","background-type":"","background-media":"","overlay-type":"","overlay-color":"","overlay-opacity":"","overlay-gradient":""}},"ast-content-background-meta":{"desktop":{"background-color":"var(--ast-global-color-5)","background-image":"","background-repeat":"repeat","background-position":"center center","background-size":"auto","background-attachment":"scroll","background-type":"","background-media":"","overlay-type":"","overlay-color":"","overlay-opacity":"","overlay-gradient":""},"tablet":{"background-color":"var(--ast-global-color-5)","background-image":"","background-repeat":"repeat","background-position":"center center","background-size":"auto","background-attachment":"scroll","background-type":"","background-media":"","overlay-type":"","overlay-color":"","overlay-opacity":"","overlay-gradient":""},"mobile":{"background-color":"var(--ast-global-color-5)","background-image":"","background-repeat":"repeat","background-position":"center center","background-size":"auto","background-attachment":"scroll","background-type":"","background-media":"","overlay-type":"","overlay-color":"","overlay-opacity":"","overlay-gradient":""}},"footnotes":""},"categories":[8,3,11,10,9,70,4],"tags":[],"class_list":["post-5379","post","type-post","status-publish","format-standard","has-post-thumbnail","hentry","category-2014-6e","category-2015-5e","category-album-2011","category-10","category-9","category-escola-verda","category-portada"],"post_mailing_queue_ids":[],"_links":{"self":[{"href":"https:\/\/agora.xtec.cat\/escolarosaoriol\/wp-json\/wp\/v2\/posts\/5379","targetHints":{"allow":["GET"]}}],"collection":[{"href":"https:\/\/agora.xtec.cat\/escolarosaoriol\/wp-json\/wp\/v2\/posts"}],"about":[{"href":"https:\/\/agora.xtec.cat\/escolarosaoriol\/wp-json\/wp\/v2\/types\/post"}],"author":[{"embeddable":true,"href":"https:\/\/agora.xtec.cat\/escolarosaoriol\/wp-json\/wp\/v2\/users\/54"}],"replies":[{"embeddable":true,"href":"https:\/\/agora.xtec.cat\/escolarosaoriol\/wp-json\/wp\/v2\/comments?post=5379"}],"version-history":[{"count":3,"href":"https:\/\/agora.xtec.cat\/escolarosaoriol\/wp-json\/wp\/v2\/posts\/5379\/revisions"}],"predecessor-version":[{"id":5393,"href":"https:\/\/agora.xtec.cat\/escolarosaoriol\/wp-json\/wp\/v2\/posts\/5379\/revisions\/5393"}],"wp:featuredmedia":[{"embeddable":true,"href":"https:\/\/agora.xtec.cat\/escolarosaoriol\/wp-json\/wp\/v2\/media\/1392"}],"wp:attachment":[{"href":"https:\/\/agora.xtec.cat\/escolarosaoriol\/wp-json\/wp\/v2\/media?parent=5379"}],"wp:term":[{"taxonomy":"category","embeddable":true,"href":"https:\/\/agora.xtec.cat\/escolarosaoriol\/wp-json\/wp\/v2\/categories?post=5379"},{"taxonomy":"post_tag","embeddable":true,"href":"https:\/\/agora.xtec.cat\/escolarosaoriol\/wp-json\/wp\/v2\/tags?post=5379"}],"curies":[{"name":"wp","href":"https:\/\/api.w.org\/{rel}","templated":true}]}}