{"id":5128,"date":"2021-12-16T16:06:53","date_gmt":"2021-12-16T15:06:53","guid":{"rendered":"https:\/\/agora.xtec.cat\/escolarosaoriol\/?p=5128"},"modified":"2021-12-16T16:46:00","modified_gmt":"2021-12-16T15:46:00","slug":"a-3r-ja-tenim-delegats-i-delegades","status":"publish","type":"post","link":"https:\/\/agora.xtec.cat\/escolarosaoriol\/portada\/a-3r-ja-tenim-delegats-i-delegades\/","title":{"rendered":"A 3r JA TENIM DELEGATS I DELEGADES!"},"content":{"rendered":"<p>Les ELECCIONS A DELEGATS I DELEGADES de la classe \u00e9s un moment molt important pels nostres nens i nenes. Trien qui ser\u00e0 el representant o la representant de tots nosaltres, que no \u00e9s qualsevol cosa!<\/p>\n<p>Ha sigut un proc\u00e9s llarg per\u00f2 molt enriquidor. En primer lloc, cadasc\u00fa ha elaborat un <strong>cartell electoral<\/strong> fent servir el seu autoretrat i ha escrit l&#8217;<strong>esl\u00f2gan<\/strong> que el defineix. Despr\u00e9s, els que han volgut ser candidats i candidates s&#8217;han preparat un petit <strong>discurs<\/strong> que han fet a la resta del grup i han elaborat les seves <strong>paperetes<\/strong>. Arribats a aquest punt, nom\u00e9s ens faltava constituir la <strong>mesa electoral<\/strong> i un <strong>llistat<\/strong> per comen\u00e7ar a celebrar LES NOSTRES ELECCIONS! Hem votat al candidat o candidata que m\u00e9s ens ha conven\u00e7ut. No han sigut unes eleccions qualsevol, ten\u00edem un <strong>president\/a<\/strong> i dues <strong>vocals<\/strong>!<\/p>\n<p>A les fotografies dels seg\u00fcents enlla\u00e7os teniu una petita mostra sobre diferents moments que hem viscut. Com podeu veure, ha sigut molt emocionant!<\/p>\n<p><a href=\"https:\/\/photos.app.goo.gl\/HsziGVZ4y9CJxWLCA\" target=\"_blank\" rel=\"noopener\"><img loading=\"lazy\" decoding=\"async\" class=\"alignnone wp-image-5145 size-thumbnail\" src=\"https:\/\/agora.xtec.cat\/escolarosaoriol\/wp-content\/uploads\/usu876\/2021\/12\/IMG_20211209_113045-150x150.jpg\" alt=\"\" width=\"150\" height=\"150\" \/><\/a><\/p>\n<p><a href=\"https:\/\/photos.app.goo.gl\/i937AH4EYtSf34yk7\" target=\"_blank\" rel=\"noopener\">3rB<\/a><\/p>\n","protected":false},"excerpt":{"rendered":"<p>Les ELECCIONS A DELEGATS I DELEGADES de la classe \u00e9s un moment molt important pels nostres nens i nenes. Trien qui ser\u00e0 el representant o la representant de tots nosaltres, que no \u00e9s qualsevol cosa! Ha sigut un proc\u00e9s llarg per\u00f2 molt enriquidor. En primer lloc, cadasc\u00fa ha elaborat un cartell electoral fent servir el [&hellip;]<\/p>\n","protected":false},"author":35,"featured_media":5129,"comment_status":"closed","ping_status":"closed","sticky":false,"template":"","format":"standard","meta":{"_bbp_topic_count":0,"_bbp_reply_count":0,"_bbp_total_topic_count":0,"_bbp_total_reply_count":0,"_bbp_voice_count":0,"_bbp_anonymous_reply_count":0,"_bbp_topic_count_hidden":0,"_bbp_reply_count_hidden":0,"_bbp_forum_subforum_count":0,"site-sidebar-layout":"default","site-content-layout":"","ast-site-content-layout":"","site-content-style":"default","site-sidebar-style":"default","ast-global-header-display":"","ast-banner-title-visibility":"","ast-main-header-display":"","ast-hfb-above-header-display":"","ast-hfb-below-header-display":"","ast-hfb-mobile-header-display":"","site-post-title":"","ast-breadcrumbs-content":"","ast-featured-img":"","footer-sml-layout":"","theme-transparent-header-meta":"","adv-header-id-meta":"","stick-header-meta":"","header-above-stick-meta":"","header-main-stick-meta":"","header-below-stick-meta":"","astra-migrate-meta-layouts":"default","ast-page-background-enabled":"default","ast-page-background-meta":{"desktop":{"background-color":"var(--ast-global-color-4)","background-image":"","background-repeat":"repeat","background-position":"center center","background-size":"auto","background-attachment":"scroll","background-type":"","background-media":"","overlay-type":"","overlay-color":"","overlay-opacity":"","overlay-gradient":""},"tablet":{"background-color":"","background-image":"","background-repeat":"repeat","background-position":"center center","background-size":"auto","background-attachment":"scroll","background-type":"","background-media":"","overlay-type":"","overlay-color":"","overlay-opacity":"","overlay-gradient":""},"mobile":{"background-color":"","background-image":"","background-repeat":"repeat","background-position":"center center","background-size":"auto","background-attachment":"scroll","background-type":"","background-media":"","overlay-type":"","overlay-color":"","overlay-opacity":"","overlay-gradient":""}},"ast-content-background-meta":{"desktop":{"background-color":"var(--ast-global-color-5)","background-image":"","background-repeat":"repeat","background-position":"center center","background-size":"auto","background-attachment":"scroll","background-type":"","background-media":"","overlay-type":"","overlay-color":"","overlay-opacity":"","overlay-gradient":""},"tablet":{"background-color":"var(--ast-global-color-5)","background-image":"","background-repeat":"repeat","background-position":"center center","background-size":"auto","background-attachment":"scroll","background-type":"","background-media":"","overlay-type":"","overlay-color":"","overlay-opacity":"","overlay-gradient":""},"mobile":{"background-color":"var(--ast-global-color-5)","background-image":"","background-repeat":"repeat","background-position":"center center","background-size":"auto","background-attachment":"scroll","background-type":"","background-media":"","overlay-type":"","overlay-color":"","overlay-opacity":"","overlay-gradient":""}},"footnotes":""},"categories":[9,4],"tags":[],"class_list":["post-5128","post","type-post","status-publish","format-standard","has-post-thumbnail","hentry","category-9","category-portada"],"post_mailing_queue_ids":[],"_links":{"self":[{"href":"https:\/\/agora.xtec.cat\/escolarosaoriol\/wp-json\/wp\/v2\/posts\/5128","targetHints":{"allow":["GET"]}}],"collection":[{"href":"https:\/\/agora.xtec.cat\/escolarosaoriol\/wp-json\/wp\/v2\/posts"}],"about":[{"href":"https:\/\/agora.xtec.cat\/escolarosaoriol\/wp-json\/wp\/v2\/types\/post"}],"author":[{"embeddable":true,"href":"https:\/\/agora.xtec.cat\/escolarosaoriol\/wp-json\/wp\/v2\/users\/35"}],"replies":[{"embeddable":true,"href":"https:\/\/agora.xtec.cat\/escolarosaoriol\/wp-json\/wp\/v2\/comments?post=5128"}],"version-history":[{"count":3,"href":"https:\/\/agora.xtec.cat\/escolarosaoriol\/wp-json\/wp\/v2\/posts\/5128\/revisions"}],"predecessor-version":[{"id":5154,"href":"https:\/\/agora.xtec.cat\/escolarosaoriol\/wp-json\/wp\/v2\/posts\/5128\/revisions\/5154"}],"wp:featuredmedia":[{"embeddable":true,"href":"https:\/\/agora.xtec.cat\/escolarosaoriol\/wp-json\/wp\/v2\/media\/5129"}],"wp:attachment":[{"href":"https:\/\/agora.xtec.cat\/escolarosaoriol\/wp-json\/wp\/v2\/media?parent=5128"}],"wp:term":[{"taxonomy":"category","embeddable":true,"href":"https:\/\/agora.xtec.cat\/escolarosaoriol\/wp-json\/wp\/v2\/categories?post=5128"},{"taxonomy":"post_tag","embeddable":true,"href":"https:\/\/agora.xtec.cat\/escolarosaoriol\/wp-json\/wp\/v2\/tags?post=5128"}],"curies":[{"name":"wp","href":"https:\/\/api.w.org\/{rel}","templated":true}]}}