{"id":4752,"date":"2021-10-28T22:21:35","date_gmt":"2021-10-28T20:21:35","guid":{"rendered":"https:\/\/agora.xtec.cat\/escolarosaoriol\/?p=4752"},"modified":"2021-12-18T16:51:27","modified_gmt":"2021-12-18T15:51:27","slug":"crea-un-nou-projecte-de-musica-a-les-escoles","status":"publish","type":"post","link":"https:\/\/agora.xtec.cat\/escolarosaoriol\/general\/crea-un-nou-projecte-de-musica-a-les-escoles\/","title":{"rendered":"CREA, un  NOU PROJECTE de M\u00daSICA a les escoles"},"content":{"rendered":"<p>Aquest curs, les 9 escoles de prim\u00e0ria de la Mancomunitat de la Vall del Tenes comptem amb un nou projecte musical d&#8217;inclusi\u00f3 educativa, el <strong>Projecte CREA<\/strong>.<\/p>\n<p>El <strong>projecte CREA<\/strong> s&#8217;emmarca en la l\u00ednia de treball educaci\u00f3 360\u00ba que busca l&#8217;equitat, la inclusi\u00f3, la igualtat d&#8217;oportunitats educatives de tot l&#8217;alumnat, en aquest cas, a trav\u00e9s de la m\u00fasica.<\/p>\n<p>La m\u00fasica i la pr\u00e0ctica d&#8217;instruments aporta beneficis a nivell individual fomentant la creativitat, promovent el benestar emocional, millorant les habilitats cognitives i socials i estimulant la psicomotricitat fina.<\/p>\n<p>Aix\u00ed doncs, setmanalment l&#8217;alumnat de 1r a 4t\u00a0 porta a terme una sessi\u00f3 de 45 minuts on practica un instrument amb mig grup classe i un mestre especialista de l&#8217;escola de m\u00fasica. Els grups\u00a0 de<strong> 1r fan orquestra ORFF<\/strong>, els de<strong> 2n Teclat<\/strong>, els de <strong>3r Ukelele<\/strong> i els de <strong>4t Batucada<\/strong>. Els instruments necessaris han estat aportats per la Mancomunitat.<\/p>\n<p>Us compartim unes fotografies de l&#8217;inici del projecte.<\/p>\n<p><img loading=\"lazy\" decoding=\"async\" class=\"wp-image-4753 size-medium alignleft\" src=\"https:\/\/agora.xtec.cat\/escolarosaoriol\/wp-content\/uploads\/usu876\/2021\/11\/FB_IMG_1632939934080-300x168.jpg\" alt=\"\" width=\"300\" height=\"168\" srcset=\"https:\/\/agora.xtec.cat\/escolarosaoriol\/wp-content\/uploads\/usu876\/2021\/11\/FB_IMG_1632939934080-300x168.jpg 300w, https:\/\/agora.xtec.cat\/escolarosaoriol\/wp-content\/uploads\/usu876\/2021\/11\/FB_IMG_1632939934080-1024x572.jpg 1024w, https:\/\/agora.xtec.cat\/escolarosaoriol\/wp-content\/uploads\/usu876\/2021\/11\/FB_IMG_1632939934080-768x429.jpg 768w, https:\/\/agora.xtec.cat\/escolarosaoriol\/wp-content\/uploads\/usu876\/2021\/11\/FB_IMG_1632939934080.jpg 1080w\" sizes=\"auto, (max-width: 300px) 100vw, 300px\" \/><img decoding=\"async\" class=\"n3VNCb alignleft\" src=\"https:\/\/lh3.googleusercontent.com\/proxy\/WJJ7yHsEF7dZ5m7ZvW2ieSbrw5JDZMUWg8O3XIIUQ_UWDKpNCf_PSQXQYi1SQf7BZxTRmDUaEPo8Ceu-_f5snnpfHHvHzAnvq3SIEz-JvlnWam0aoJzhsRCiLsjCxMS65uAvlSbilBI\" alt=\"Gifs animados de Flechas, animaciones de Flechas\" data-noaft=\"1\" \/><\/p>\n<p>&nbsp;<\/p>\n<p>&nbsp;<\/p>\n<p>&nbsp;<\/p>\n<p>&nbsp;<\/p>\n","protected":false},"excerpt":{"rendered":"<p>Aquest curs, les 9 escoles de prim\u00e0ria de la Mancomunitat de la Vall del Tenes comptem amb un nou projecte musical d&#8217;inclusi\u00f3 educativa, el Projecte CREA. El projecte CREA s&#8217;emmarca en la l\u00ednia de treball educaci\u00f3 360\u00ba que busca l&#8217;equitat, la inclusi\u00f3, la igualtat d&#8217;oportunitats educatives de tot l&#8217;alumnat, en aquest cas, a trav\u00e9s de [&hellip;]<\/p>\n","protected":false},"author":1,"featured_media":0,"comment_status":"closed","ping_status":"closed","sticky":false,"template":"","format":"standard","meta":{"_bbp_topic_count":0,"_bbp_reply_count":0,"_bbp_total_topic_count":0,"_bbp_total_reply_count":0,"_bbp_voice_count":0,"_bbp_anonymous_reply_count":0,"_bbp_topic_count_hidden":0,"_bbp_reply_count_hidden":0,"_bbp_forum_subforum_count":0,"site-sidebar-layout":"default","site-content-layout":"","ast-site-content-layout":"","site-content-style":"default","site-sidebar-style":"default","ast-global-header-display":"","ast-banner-title-visibility":"","ast-main-header-display":"","ast-hfb-above-header-display":"","ast-hfb-below-header-display":"","ast-hfb-mobile-header-display":"","site-post-title":"","ast-breadcrumbs-content":"","ast-featured-img":"","footer-sml-layout":"","theme-transparent-header-meta":"","adv-header-id-meta":"","stick-header-meta":"","header-above-stick-meta":"","header-main-stick-meta":"","header-below-stick-meta":"","astra-migrate-meta-layouts":"default","ast-page-background-enabled":"default","ast-page-background-meta":{"desktop":{"background-color":"var(--ast-global-color-4)","background-image":"","background-repeat":"repeat","background-position":"center center","background-size":"auto","background-attachment":"scroll","background-type":"","background-media":"","overlay-type":"","overlay-color":"","overlay-opacity":"","overlay-gradient":""},"tablet":{"background-color":"","background-image":"","background-repeat":"repeat","background-position":"center center","background-size":"auto","background-attachment":"scroll","background-type":"","background-media":"","overlay-type":"","overlay-color":"","overlay-opacity":"","overlay-gradient":""},"mobile":{"background-color":"","background-image":"","background-repeat":"repeat","background-position":"center center","background-size":"auto","background-attachment":"scroll","background-type":"","background-media":"","overlay-type":"","overlay-color":"","overlay-opacity":"","overlay-gradient":""}},"ast-content-background-meta":{"desktop":{"background-color":"var(--ast-global-color-5)","background-image":"","background-repeat":"repeat","background-position":"center center","background-size":"auto","background-attachment":"scroll","background-type":"","background-media":"","overlay-type":"","overlay-color":"","overlay-opacity":"","overlay-gradient":""},"tablet":{"background-color":"var(--ast-global-color-5)","background-image":"","background-repeat":"repeat","background-position":"center center","background-size":"auto","background-attachment":"scroll","background-type":"","background-media":"","overlay-type":"","overlay-color":"","overlay-opacity":"","overlay-gradient":""},"mobile":{"background-color":"var(--ast-global-color-5)","background-image":"","background-repeat":"repeat","background-position":"center center","background-size":"auto","background-attachment":"scroll","background-type":"","background-media":"","overlay-type":"","overlay-color":"","overlay-opacity":"","overlay-gradient":""}},"footnotes":""},"categories":[8,3,10,9,1,117,4],"tags":[],"class_list":["post-4752","post","type-post","status-publish","format-standard","hentry","category-2014-6e","category-2015-5e","category-10","category-9","category-general","category-musica","category-portada"],"post_mailing_queue_ids":[],"_links":{"self":[{"href":"https:\/\/agora.xtec.cat\/escolarosaoriol\/wp-json\/wp\/v2\/posts\/4752","targetHints":{"allow":["GET"]}}],"collection":[{"href":"https:\/\/agora.xtec.cat\/escolarosaoriol\/wp-json\/wp\/v2\/posts"}],"about":[{"href":"https:\/\/agora.xtec.cat\/escolarosaoriol\/wp-json\/wp\/v2\/types\/post"}],"author":[{"embeddable":true,"href":"https:\/\/agora.xtec.cat\/escolarosaoriol\/wp-json\/wp\/v2\/users\/1"}],"replies":[{"embeddable":true,"href":"https:\/\/agora.xtec.cat\/escolarosaoriol\/wp-json\/wp\/v2\/comments?post=4752"}],"version-history":[{"count":4,"href":"https:\/\/agora.xtec.cat\/escolarosaoriol\/wp-json\/wp\/v2\/posts\/4752\/revisions"}],"predecessor-version":[{"id":4812,"href":"https:\/\/agora.xtec.cat\/escolarosaoriol\/wp-json\/wp\/v2\/posts\/4752\/revisions\/4812"}],"wp:attachment":[{"href":"https:\/\/agora.xtec.cat\/escolarosaoriol\/wp-json\/wp\/v2\/media?parent=4752"}],"wp:term":[{"taxonomy":"category","embeddable":true,"href":"https:\/\/agora.xtec.cat\/escolarosaoriol\/wp-json\/wp\/v2\/categories?post=4752"},{"taxonomy":"post_tag","embeddable":true,"href":"https:\/\/agora.xtec.cat\/escolarosaoriol\/wp-json\/wp\/v2\/tags?post=4752"}],"curies":[{"name":"wp","href":"https:\/\/api.w.org\/{rel}","templated":true}]}}