{"id":3227,"date":"2020-06-19T09:30:44","date_gmt":"2020-06-19T07:30:44","guid":{"rendered":"http:\/\/agora.xtec.cat\/escolarosaoriol\/?p=3227"},"modified":"2021-04-07T15:07:31","modified_gmt":"2021-04-07T13:07:31","slug":"els-alumnes-de-6e-sacomiaden-de-lescola","status":"publish","type":"post","link":"https:\/\/agora.xtec.cat\/escolarosaoriol\/general\/els-alumnes-de-6e-sacomiaden-de-lescola\/","title":{"rendered":"Els alumnes de 6\u00e8 s&#8217;acomiaden de l&#8217;escola"},"content":{"rendered":"<p><iframe loading=\"lazy\" src=\"https:\/\/www.youtube.com\/embed\/YTzrmSIl9ns\" width=\"560\" height=\"315\" frameborder=\"0\"><\/iframe><\/p>\n<p style=\"text-align: justify;\">Cartes de les alumnes:<\/p>\n<p style=\"text-align: justify;\"><em><strong>Helena Miquel:<\/strong><\/em><br \/>\n<em>No hi ha precisament poques coses que podr\u00edem dir sobre el Rosa Oriol. Despr\u00e9s d&#8217;aquest viatge tan meravell\u00f3s, la nostra estada a l&#8217;escola on hem crescut, arriba a la fi.<\/em><br \/>\n<em>Sempre tindrem presents els bons records de les classes on apren\u00edem com funcionava el m\u00f3n entre algun que altre riure.<\/em><br \/>\n<em>Sempre estarem agra\u00efts per tot el que hem apr\u00e8s en aquest centre, els companys que hem conegut i els mestres que no ens han deixat d&#8217;aixecar cada vegada que queiem. On hem apr\u00e8s a comunicar-nos, a ser solidaris, a caminar, a escriure, a llegir&#8230; I que dir de la Feli, que sempre ha estat all\u00e0 quan ens f\u00e8iem mal o quan ens deix\u00e0vem la motxilla a casa. Sempre recordant del nostre nom i disposada a ajudar-nos amb el que necessit\u00e0vem.<\/em><br \/>\n<em>Aquesta incre\u00efble escola que ens ha vist cr\u00e9ixer cada any i ens ha convertit en millors persones. La que mai ens ha deixat de sorprendre i la que sempre ens provocar\u00e0 un somriure quan escoltem el seu nom o passem per davant.<\/em><br \/>\n<em>Simplement, espero que tot el que hem viscut sigui recordat.<\/em><br \/>\n<em>Fins ben aviat estimada escola.<\/em><\/p>\n<p style=\"text-align: justify;\"><strong>Paula Sastrada<\/strong><\/p>\n<p style=\"text-align: justify;\"><span style=\"font-weight: 400;\">Gr\u00e0cies a tots, per tot\u2026 <\/span><span style=\"font-weight: 400;\">Han sigut 9 anys que han marcat la meva vida,porto a tots els mestres i companys al cor,per sempre. <\/span><span style=\"font-weight: 400;\">Quan vaig entrar a l&#8217;escola, que encara no tenia ni 3 anys, no m\u2019imaginava que em farieu tan feli\u00e7. <\/span><span style=\"font-weight: 400;\">Gr\u00e0cies pels bons i mals moments, sempre us estimo i us estimar\u00e9.<\/span><\/p>\n<p style=\"text-align: justify;\"><strong>Roc\u00edo Rodr\u00edguez<\/strong><\/p>\n<p style=\"text-align: justify;\"><span style=\"font-weight: 400;\">Nosaltres ja hem acabat el curs, ha sigut una mica dur veure com el nostre \u00faltim curs a l\u2019escola passa d&#8217;aquesta manera,\u00a0 ja que no hem pogut celebrar res ni hem tingut festa de l\u2019aigua i fins i tot no hem anat de col\u00f2nies. <\/span><span style=\"font-weight: 400;\">B\u00e9, malgrat aquesta situaci\u00f3 als alumnes de 6\u00e9 no ens treuen el somriure. Aquest somriure no est\u00e1 perqu\u00e8 si, si no perqu\u00e8 hi ha moltes persones darrere com la Feli que sempre que ens f\u00e8iem mal ens curaba, o el mestres de menjador que quan havia un menjar que no ens agrada a vegades ens l\u2019amagaven, o tots els mestres que ens han tret un somriure ja sigui en un moment o altre. <\/span><span style=\"font-weight: 400;\">En general d\u2019aquesta escola no nom\u00e9s em porto aprenentatges sin\u00f3 que tamb\u00e9 me&#8217;n porto molts companys i companyes, moltes persones, i mestres que ens han ensenyat ser millors persones i ens han donat\u00a0 molta felicitat.<\/span><\/p>\n<p style=\"text-align: justify;\"><strong>X\u00e8nia de las Heras<\/strong><\/p>\n<p style=\"text-align: justify;\"><span style=\"font-weight: 400;\">Donem les gr\u00e0cies a tots els mestres que ens han vist cr\u00e9ixer des de P-3. <\/span><span style=\"font-weight: 400;\">A la Feli per obrir-nos les portes cap a l\u2019aprenentatge, al personal del menjador, que ens han alimentat amb molt d\u2019amor. <\/span><span style=\"font-weight: 400;\">A tots vosaltres que ens heu ajudat a ser millors persones i a preparar-nos pel futur. <\/span><span style=\"font-weight: 400;\">Moltes gr\u00e0cies per ser al nostre costat!<\/span><\/p>\n<p style=\"text-align: justify;\"><span style=\"font-weight: 400;\">Estimada escola, ets un lloc meravell\u00f3s pel qual tots hem passat.<\/span><\/p>\n<p style=\"text-align: justify;\"><strong>Luc\u00eda Moya<\/strong><\/p>\n<p style=\"text-align: justify;\"><span style=\"font-weight: 400;\">Vam comen\u00e7ar a P3 quan encara no sab\u00edem ni escriure el nostre nom, vam seguir contant, llegint, aprenent per\u00f2 el m\u00e9s important de tot: vam disfrutar i vam con\u00e8ixer persones que avui dia s\u00f3n molt properes a nosaltres, i ara, que hem arribat a sis\u00e8 i som els m\u00e9s grans de l\u2019escola toca despedir-se. Per\u00f2 no nom\u00e9s toca despedir-se dels amics\/es sin\u00f3, de mestres i tutors que han fet possible molts moments inoblidables i que sabem tot el que abans no sab\u00edem.<\/span><\/p>\n<p style=\"text-align: justify;\"><span style=\"font-weight: 400;\">Gr\u00e0cies als nostres mestres hem apr\u00e8s matem\u00e0tiques, catal\u00e0, castell\u00e0, medi, m\u00fasica, angl\u00e8s, pl\u00e0stica i educaci\u00f3 f\u00edsica, aix\u00f2 s\u00f3n coses que en un futur, no molt lluny\u00e0, necessitarem.<\/span><\/p>\n<p style=\"text-align: justify;\"><span style=\"font-weight: 400;\">Per\u00f2 gr\u00e0cies als nostres companys i amics hem rigut, jugat, disfrutat, i hem viscut petits moments inolvidables per\u00f2 que tots junts far\u00e1n una monta\u00f1a inmensa.<\/span><\/p>\n<p style=\"text-align: justify;\"><span style=\"font-weight: 400;\">Excursions, col\u00f2nies, viatges i experiments han sigut nom\u00e9s algunes de les coses curioses que hem fet gr\u00e0cies a aquesta escola.<\/span><\/p>\n<p style=\"text-align: justify;\"><span style=\"font-weight: 400;\">Encara que aquesta graduaci\u00f3 sigui una mica diferent a les de costum la celebrarem i no d&#8217;aqu\u00ed molt temps les dues classes ens tornarem a ajuntar per brindar i recordar el que hem deixat enrere per\u00f2 molt present al nostre cervell.<\/span><\/p>\n<p style=\"text-align: justify;\"><span style=\"font-weight: 400;\">Passarem a l\u2019institut on comencem una nova etapa a la nostra vida amb dificultats i difer\u00e8ncies a la de l\u2019escola, per\u00f2 d\u2019una cosa estic segura: ser\u00e0 meravellosa i inolvidable.<\/span><\/p>\n<p><span style=\"font-weight: 400;\">Mai t\u2019ho oblidarem i sempre et trobarem a faltar.<\/span><\/p>\n<p><span style=\"font-weight: 400;\">Per a: la millor escola del m\u00f3n.<\/span><\/p>\n<p><strong>Cloe Matilla<\/strong><\/p>\n<p>Despr\u00e9s de tants anys junts, ha arribat el nostre comiat.<br \/>\nVolem que sapigueu que mai us oblidarem, us estem molt agra\u00efts per tot el que heu<br \/>\nfet per nosaltres.<br \/>\nHem rigut, hem ballat i ens hem enfadat, per\u00f2 el m\u00e9s important \u00e9s que ens ho hem<br \/>\npassat genial.<br \/>\nHeu estat en tot moment amb nosaltres, tant si ho necessit\u00e0vem, com si no.<br \/>\nAquest any les coses han canviat, hem hagut de treballar online i ens hem hagut<br \/>\nd\u2019aplicar una mica m\u00e9s. Tot i el confinament, ens heu estat ajudant i recolzat en tot i<br \/>\nde veritat que s\u2019agraeix molt tot el que feu per nosaltres i per tota l\u2019escola.<br \/>\nEns ha agradat molt estar amb vosaltres aquests anys i esperem que a vosaltres<br \/>\ntamb\u00e9 us hagi agradat. Fins aviat\u2026.us trobar\u00e9 molt a faltar.<\/p>\n","protected":false},"excerpt":{"rendered":"<p>Cartes de les alumnes: Helena Miquel: No hi ha precisament poques coses que podr\u00edem dir sobre el Rosa Oriol. Despr\u00e9s d&#8217;aquest viatge tan meravell\u00f3s, la nostra estada a l&#8217;escola on hem crescut, arriba a la fi. Sempre tindrem presents els bons records de les classes on apren\u00edem com funcionava el m\u00f3n entre algun que altre [&hellip;]<\/p>\n","protected":false},"author":11,"featured_media":3279,"comment_status":"closed","ping_status":"closed","sticky":false,"template":"","format":"standard","meta":{"_bbp_topic_count":0,"_bbp_reply_count":0,"_bbp_total_topic_count":0,"_bbp_total_reply_count":0,"_bbp_voice_count":0,"_bbp_anonymous_reply_count":0,"_bbp_topic_count_hidden":0,"_bbp_reply_count_hidden":0,"_bbp_forum_subforum_count":0,"site-sidebar-layout":"default","site-content-layout":"","ast-site-content-layout":"","site-content-style":"default","site-sidebar-style":"default","ast-global-header-display":"","ast-banner-title-visibility":"","ast-main-header-display":"","ast-hfb-above-header-display":"","ast-hfb-below-header-display":"","ast-hfb-mobile-header-display":"","site-post-title":"","ast-breadcrumbs-content":"","ast-featured-img":"","footer-sml-layout":"","theme-transparent-header-meta":"","adv-header-id-meta":"","stick-header-meta":"","header-above-stick-meta":"","header-main-stick-meta":"","header-below-stick-meta":"","astra-migrate-meta-layouts":"default","ast-page-background-enabled":"default","ast-page-background-meta":{"desktop":{"background-color":"var(--ast-global-color-4)","background-image":"","background-repeat":"repeat","background-position":"center center","background-size":"auto","background-attachment":"scroll","background-type":"","background-media":"","overlay-type":"","overlay-color":"","overlay-opacity":"","overlay-gradient":""},"tablet":{"background-color":"","background-image":"","background-repeat":"repeat","background-position":"center center","background-size":"auto","background-attachment":"scroll","background-type":"","background-media":"","overlay-type":"","overlay-color":"","overlay-opacity":"","overlay-gradient":""},"mobile":{"background-color":"","background-image":"","background-repeat":"repeat","background-position":"center center","background-size":"auto","background-attachment":"scroll","background-type":"","background-media":"","overlay-type":"","overlay-color":"","overlay-opacity":"","overlay-gradient":""}},"ast-content-background-meta":{"desktop":{"background-color":"var(--ast-global-color-5)","background-image":"","background-repeat":"repeat","background-position":"center center","background-size":"auto","background-attachment":"scroll","background-type":"","background-media":"","overlay-type":"","overlay-color":"","overlay-opacity":"","overlay-gradient":""},"tablet":{"background-color":"var(--ast-global-color-5)","background-image":"","background-repeat":"repeat","background-position":"center center","background-size":"auto","background-attachment":"scroll","background-type":"","background-media":"","overlay-type":"","overlay-color":"","overlay-opacity":"","overlay-gradient":""},"mobile":{"background-color":"var(--ast-global-color-5)","background-image":"","background-repeat":"repeat","background-position":"center center","background-size":"auto","background-attachment":"scroll","background-type":"","background-media":"","overlay-type":"","overlay-color":"","overlay-opacity":"","overlay-gradient":""}},"footnotes":""},"categories":[94,14,1,4],"tags":[],"class_list":["post-3227","post","type-post","status-publish","format-standard","has-post-thumbnail","hentry","category-activitats-i-festes","category-14","category-general","category-portada"],"post_mailing_queue_ids":[],"_links":{"self":[{"href":"https:\/\/agora.xtec.cat\/escolarosaoriol\/wp-json\/wp\/v2\/posts\/3227","targetHints":{"allow":["GET"]}}],"collection":[{"href":"https:\/\/agora.xtec.cat\/escolarosaoriol\/wp-json\/wp\/v2\/posts"}],"about":[{"href":"https:\/\/agora.xtec.cat\/escolarosaoriol\/wp-json\/wp\/v2\/types\/post"}],"author":[{"embeddable":true,"href":"https:\/\/agora.xtec.cat\/escolarosaoriol\/wp-json\/wp\/v2\/users\/11"}],"replies":[{"embeddable":true,"href":"https:\/\/agora.xtec.cat\/escolarosaoriol\/wp-json\/wp\/v2\/comments?post=3227"}],"version-history":[{"count":3,"href":"https:\/\/agora.xtec.cat\/escolarosaoriol\/wp-json\/wp\/v2\/posts\/3227\/revisions"}],"predecessor-version":[{"id":4227,"href":"https:\/\/agora.xtec.cat\/escolarosaoriol\/wp-json\/wp\/v2\/posts\/3227\/revisions\/4227"}],"wp:featuredmedia":[{"embeddable":true,"href":"https:\/\/agora.xtec.cat\/escolarosaoriol\/wp-json\/wp\/v2\/media\/3279"}],"wp:attachment":[{"href":"https:\/\/agora.xtec.cat\/escolarosaoriol\/wp-json\/wp\/v2\/media?parent=3227"}],"wp:term":[{"taxonomy":"category","embeddable":true,"href":"https:\/\/agora.xtec.cat\/escolarosaoriol\/wp-json\/wp\/v2\/categories?post=3227"},{"taxonomy":"post_tag","embeddable":true,"href":"https:\/\/agora.xtec.cat\/escolarosaoriol\/wp-json\/wp\/v2\/tags?post=3227"}],"curies":[{"name":"wp","href":"https:\/\/api.w.org\/{rel}","templated":true}]}}