{"id":2573,"date":"2020-02-25T13:46:06","date_gmt":"2020-02-25T12:46:06","guid":{"rendered":"http:\/\/agora.xtec.cat\/escolarosaoriol\/?p=2573"},"modified":"2020-02-27T12:54:55","modified_gmt":"2020-02-27T11:54:55","slug":"el-pas-del-temps-les-nostres-avies-i-avis","status":"publish","type":"post","link":"https:\/\/agora.xtec.cat\/escolarosaoriol\/portada\/el-pas-del-temps-les-nostres-avies-i-avis\/","title":{"rendered":"El pas del temps: Les nostres \u00e0vies i avis!"},"content":{"rendered":"<p>Des de l&#8217;escola, tenim com a objectiu treballar des de la realitat m\u00e9s propera i significativa dels nostres nens i nenes. La relaci\u00f3 entre les \u00e0vies i els avis i els infants genera un vincle \u00fanic i especial que facilita de manera natural l&#8217;aprenentatge del pas del temps. Hem aprofitat la seva visita perqu\u00e8 els nens i nenes ens expliquessin el seu arbre geneal\u00f2gic i els avis i \u00e0vies han compartit amb nosaltres jocs de la seva infantesa o eines que utilitzaven per treballar al camp. Aquestes explicacions ens han fet veure com han canviat les coses al llarg dels anys per\u00f2 a la vegada, hem vist que n&#8217;hi ha d&#8217;altres que es mantenen en el temps.<\/p>\n<p>De nou, volem donar-vos les gr\u00e0cies per la vostra implicaci\u00f3 i il\u00b7lusi\u00f3 alhora de portar a terme aquesta activitat, segur que pels vostres nets i netes haur\u00e0 estat una experi\u00e8ncia inoblidable!<\/p>\n<p>&nbsp;<\/p>\n<p><a href=\"https:\/\/photos.app.goo.gl\/QqwMuW8niajRuosaA\" target=\"_blank\" rel=\"noopener noreferrer\">Visita de les \u00e0vies i els avis (3rA)<\/a><\/p>\n<p><a href=\"https:\/\/photos.google.com\/album\/AF1QipNSU8DU7Q8x5MgbUk9sXVP3IYBVEEGbBVz637mF\" target=\"_blank\" rel=\"noopener noreferrer\">Visita de les \u00e0vies i els avis (3rB)<\/a><\/p>\n","protected":false},"excerpt":{"rendered":"<p>Des de l&#8217;escola, tenim com a objectiu treballar des de la realitat m\u00e9s propera i significativa dels nostres nens i nenes. La relaci\u00f3 entre les \u00e0vies i els avis i els infants genera un vincle \u00fanic i especial que facilita de manera natural l&#8217;aprenentatge del pas del temps. Hem aprofitat la seva visita perqu\u00e8 els [&hellip;]<\/p>\n","protected":false},"author":1,"featured_media":2576,"comment_status":"closed","ping_status":"closed","sticky":false,"template":"","format":"standard","meta":{"_bbp_topic_count":0,"_bbp_reply_count":0,"_bbp_total_topic_count":0,"_bbp_total_reply_count":0,"_bbp_voice_count":0,"_bbp_anonymous_reply_count":0,"_bbp_topic_count_hidden":0,"_bbp_reply_count_hidden":0,"_bbp_forum_subforum_count":0,"site-sidebar-layout":"default","site-content-layout":"","ast-site-content-layout":"","site-content-style":"default","site-sidebar-style":"default","ast-global-header-display":"","ast-banner-title-visibility":"","ast-main-header-display":"","ast-hfb-above-header-display":"","ast-hfb-below-header-display":"","ast-hfb-mobile-header-display":"","site-post-title":"","ast-breadcrumbs-content":"","ast-featured-img":"","footer-sml-layout":"","theme-transparent-header-meta":"","adv-header-id-meta":"","stick-header-meta":"","header-above-stick-meta":"","header-main-stick-meta":"","header-below-stick-meta":"","astra-migrate-meta-layouts":"default","ast-page-background-enabled":"default","ast-page-background-meta":{"desktop":{"background-color":"var(--ast-global-color-4)","background-image":"","background-repeat":"repeat","background-position":"center center","background-size":"auto","background-attachment":"scroll","background-type":"","background-media":"","overlay-type":"","overlay-color":"","overlay-opacity":"","overlay-gradient":""},"tablet":{"background-color":"","background-image":"","background-repeat":"repeat","background-position":"center center","background-size":"auto","background-attachment":"scroll","background-type":"","background-media":"","overlay-type":"","overlay-color":"","overlay-opacity":"","overlay-gradient":""},"mobile":{"background-color":"","background-image":"","background-repeat":"repeat","background-position":"center center","background-size":"auto","background-attachment":"scroll","background-type":"","background-media":"","overlay-type":"","overlay-color":"","overlay-opacity":"","overlay-gradient":""}},"ast-content-background-meta":{"desktop":{"background-color":"var(--ast-global-color-5)","background-image":"","background-repeat":"repeat","background-position":"center center","background-size":"auto","background-attachment":"scroll","background-type":"","background-media":"","overlay-type":"","overlay-color":"","overlay-opacity":"","overlay-gradient":""},"tablet":{"background-color":"var(--ast-global-color-5)","background-image":"","background-repeat":"repeat","background-position":"center center","background-size":"auto","background-attachment":"scroll","background-type":"","background-media":"","overlay-type":"","overlay-color":"","overlay-opacity":"","overlay-gradient":""},"mobile":{"background-color":"var(--ast-global-color-5)","background-image":"","background-repeat":"repeat","background-position":"center center","background-size":"auto","background-attachment":"scroll","background-type":"","background-media":"","overlay-type":"","overlay-color":"","overlay-opacity":"","overlay-gradient":""}},"footnotes":""},"categories":[11,4],"tags":[],"class_list":["post-2573","post","type-post","status-publish","format-standard","has-post-thumbnail","hentry","category-album-2011","category-portada"],"post_mailing_queue_ids":[],"_links":{"self":[{"href":"https:\/\/agora.xtec.cat\/escolarosaoriol\/wp-json\/wp\/v2\/posts\/2573","targetHints":{"allow":["GET"]}}],"collection":[{"href":"https:\/\/agora.xtec.cat\/escolarosaoriol\/wp-json\/wp\/v2\/posts"}],"about":[{"href":"https:\/\/agora.xtec.cat\/escolarosaoriol\/wp-json\/wp\/v2\/types\/post"}],"author":[{"embeddable":true,"href":"https:\/\/agora.xtec.cat\/escolarosaoriol\/wp-json\/wp\/v2\/users\/1"}],"replies":[{"embeddable":true,"href":"https:\/\/agora.xtec.cat\/escolarosaoriol\/wp-json\/wp\/v2\/comments?post=2573"}],"version-history":[{"count":2,"href":"https:\/\/agora.xtec.cat\/escolarosaoriol\/wp-json\/wp\/v2\/posts\/2573\/revisions"}],"predecessor-version":[{"id":2638,"href":"https:\/\/agora.xtec.cat\/escolarosaoriol\/wp-json\/wp\/v2\/posts\/2573\/revisions\/2638"}],"wp:featuredmedia":[{"embeddable":true,"href":"https:\/\/agora.xtec.cat\/escolarosaoriol\/wp-json\/wp\/v2\/media\/2576"}],"wp:attachment":[{"href":"https:\/\/agora.xtec.cat\/escolarosaoriol\/wp-json\/wp\/v2\/media?parent=2573"}],"wp:term":[{"taxonomy":"category","embeddable":true,"href":"https:\/\/agora.xtec.cat\/escolarosaoriol\/wp-json\/wp\/v2\/categories?post=2573"},{"taxonomy":"post_tag","embeddable":true,"href":"https:\/\/agora.xtec.cat\/escolarosaoriol\/wp-json\/wp\/v2\/tags?post=2573"}],"curies":[{"name":"wp","href":"https:\/\/api.w.org\/{rel}","templated":true}]}}