{"id":4259,"date":"2026-06-25T10:22:43","date_gmt":"2026-06-25T08:22:43","guid":{"rendered":"https:\/\/agora.xtec.cat\/escolarosacampa\/?p=4259"},"modified":"2026-06-25T12:49:07","modified_gmt":"2026-06-25T10:49:07","slug":"leric-a-la-festa-de-la-lectura-a-bcn","status":"publish","type":"post","link":"https:\/\/agora.xtec.cat\/escolarosacampa\/general\/leric-a-la-festa-de-la-lectura-a-bcn\/","title":{"rendered":"L&#8217;Eric, a la Festa de la Lectura a BCN"},"content":{"rendered":"\n<p>El passat 17 de juny, l&#8217;Auditori l&#8217;Illa de Barcelona va acollir la Festa de la Lectura, l&#8217;acte final del certamen escolar <em>Veu Alta<\/em>, organitzat per la Fundaci\u00f3 Enciclop\u00e8dia Catalana amb el suport del Departament d&#8217;Educaci\u00f3 i Formaci\u00f3 Professional de la Generalitat de Catalunya.<\/p>\n\n\n\n<p>El nostre alumne Eric hi va arribar per m\u00e8rits propis: despr\u00e9s de guanyar el certamen de l&#8217;escola, el de la comarca i el del territori de l&#8217;Alt Pirineu i Aran, va aconseguir la pla\u00e7a de finalista que li va obrir les portes d&#8217;aquesta festa tan especial. La festa va ser un esdeveniment teatralitzat i coral on el fil conductor eren les frases fetes \u2014aquelles expressions que fan viva una llengua, que li donen color, car\u00e0cter i identitat. Una tria molt encertada que va convertir la lectura en quelcom molt m\u00e9s que paraules: un homenatge a la llengua catalana i a tot all\u00f2 que la fa \u00fanica.<\/p>\n\n\n\n<p>Cada lector i lectora va llegir el seu fragment d&#8217;un text in\u00e8dit escrit per a l&#8217;ocasi\u00f3, en una lectura coral pensada per sonar com una sola veu. L&#8217;Eric, fidel a la seva traject\u00f2ria, va tornar a demostrar que llegir en veu alta \u00e9s un art que domina: tranquil, prec\u00eds i expressiu, com sempre.<\/p>\n\n\n\n<p>Des de l&#8217;escola estem molt orgullosos de la seva participaci\u00f3. A m\u00e9s, com a reconeixement al seu esfor\u00e7, l&#8217;Eric va ser entrevistat per TV3 i va sortir al programa <em>La Selva<\/em> de 3Cat. Li enviem una abra\u00e7ada ben forta. Felicitats, Eric! \ud83c\udf89<\/p>\n\n\n\n<p><\/p>\n\n\n\n<figure class=\"wp-block-gallery has-nested-images columns-default is-cropped wp-block-gallery-1 is-layout-flex wp-block-gallery-is-layout-flex\">\n<figure class=\"wp-block-image size-large\"><a href=\"https:\/\/agora.xtec.cat\/escolarosacampa\/wp-content\/uploads\/usu1985\/2026\/06\/IMG_4546-scaled.jpg\"><img loading=\"lazy\" decoding=\"async\" width=\"1024\" height=\"768\" data-id=\"4262\" src=\"https:\/\/agora.xtec.cat\/escolarosacampa\/wp-content\/uploads\/usu1985\/2026\/06\/IMG_4546-1024x768.jpg\" alt=\"\" class=\"wp-image-4262\" srcset=\"https:\/\/agora.xtec.cat\/escolarosacampa\/wp-content\/uploads\/usu1985\/2026\/06\/IMG_4546-1024x768.jpg 1024w, https:\/\/agora.xtec.cat\/escolarosacampa\/wp-content\/uploads\/usu1985\/2026\/06\/IMG_4546-300x225.jpg 300w, https:\/\/agora.xtec.cat\/escolarosacampa\/wp-content\/uploads\/usu1985\/2026\/06\/IMG_4546-768x576.jpg 768w, https:\/\/agora.xtec.cat\/escolarosacampa\/wp-content\/uploads\/usu1985\/2026\/06\/IMG_4546-1536x1152.jpg 1536w, https:\/\/agora.xtec.cat\/escolarosacampa\/wp-content\/uploads\/usu1985\/2026\/06\/IMG_4546-2048x1536.jpg 2048w\" sizes=\"auto, (max-width: 1024px) 100vw, 1024px\" \/><\/a><\/figure>\n\n\n\n<figure class=\"wp-block-image size-large\"><a href=\"https:\/\/agora.xtec.cat\/escolarosacampa\/wp-content\/uploads\/usu1985\/2026\/06\/IMG_4550.jpg\"><img loading=\"lazy\" decoding=\"async\" width=\"1024\" height=\"768\" data-id=\"4261\" src=\"https:\/\/agora.xtec.cat\/escolarosacampa\/wp-content\/uploads\/usu1985\/2026\/06\/IMG_4550-1024x768.jpg\" alt=\"\" class=\"wp-image-4261\" srcset=\"https:\/\/agora.xtec.cat\/escolarosacampa\/wp-content\/uploads\/usu1985\/2026\/06\/IMG_4550-1024x768.jpg 1024w, https:\/\/agora.xtec.cat\/escolarosacampa\/wp-content\/uploads\/usu1985\/2026\/06\/IMG_4550-300x225.jpg 300w, https:\/\/agora.xtec.cat\/escolarosacampa\/wp-content\/uploads\/usu1985\/2026\/06\/IMG_4550-768x576.jpg 768w, https:\/\/agora.xtec.cat\/escolarosacampa\/wp-content\/uploads\/usu1985\/2026\/06\/IMG_4550-1536x1152.jpg 1536w, https:\/\/agora.xtec.cat\/escolarosacampa\/wp-content\/uploads\/usu1985\/2026\/06\/IMG_4550.jpg 2016w\" sizes=\"auto, (max-width: 1024px) 100vw, 1024px\" \/><\/a><\/figure>\n\n\n\n<figure class=\"wp-block-image size-large\"><a href=\"https:\/\/agora.xtec.cat\/escolarosacampa\/wp-content\/uploads\/usu1985\/2026\/06\/IMG_4525-scaled.jpg\"><img loading=\"lazy\" decoding=\"async\" width=\"1024\" height=\"768\" data-id=\"4266\" src=\"https:\/\/agora.xtec.cat\/escolarosacampa\/wp-content\/uploads\/usu1985\/2026\/06\/IMG_4525-1024x768.jpg\" alt=\"\" class=\"wp-image-4266\" srcset=\"https:\/\/agora.xtec.cat\/escolarosacampa\/wp-content\/uploads\/usu1985\/2026\/06\/IMG_4525-1024x768.jpg 1024w, https:\/\/agora.xtec.cat\/escolarosacampa\/wp-content\/uploads\/usu1985\/2026\/06\/IMG_4525-300x225.jpg 300w, https:\/\/agora.xtec.cat\/escolarosacampa\/wp-content\/uploads\/usu1985\/2026\/06\/IMG_4525-768x576.jpg 768w, https:\/\/agora.xtec.cat\/escolarosacampa\/wp-content\/uploads\/usu1985\/2026\/06\/IMG_4525-1536x1152.jpg 1536w, https:\/\/agora.xtec.cat\/escolarosacampa\/wp-content\/uploads\/usu1985\/2026\/06\/IMG_4525-2048x1536.jpg 2048w\" sizes=\"auto, (max-width: 1024px) 100vw, 1024px\" \/><\/a><\/figure>\n\n\n\n<figure class=\"wp-block-image size-large\"><a href=\"https:\/\/agora.xtec.cat\/escolarosacampa\/wp-content\/uploads\/usu1985\/2026\/06\/IMG_4533-scaled.jpg\"><img loading=\"lazy\" decoding=\"async\" width=\"1024\" height=\"768\" data-id=\"4263\" src=\"https:\/\/agora.xtec.cat\/escolarosacampa\/wp-content\/uploads\/usu1985\/2026\/06\/IMG_4533-1024x768.jpg\" alt=\"\" class=\"wp-image-4263\" srcset=\"https:\/\/agora.xtec.cat\/escolarosacampa\/wp-content\/uploads\/usu1985\/2026\/06\/IMG_4533-1024x768.jpg 1024w, https:\/\/agora.xtec.cat\/escolarosacampa\/wp-content\/uploads\/usu1985\/2026\/06\/IMG_4533-300x225.jpg 300w, https:\/\/agora.xtec.cat\/escolarosacampa\/wp-content\/uploads\/usu1985\/2026\/06\/IMG_4533-768x576.jpg 768w, https:\/\/agora.xtec.cat\/escolarosacampa\/wp-content\/uploads\/usu1985\/2026\/06\/IMG_4533-1536x1152.jpg 1536w, https:\/\/agora.xtec.cat\/escolarosacampa\/wp-content\/uploads\/usu1985\/2026\/06\/IMG_4533-2048x1536.jpg 2048w\" sizes=\"auto, (max-width: 1024px) 100vw, 1024px\" \/><\/a><\/figure>\n\n\n\n<figure class=\"wp-block-image size-large\"><a href=\"https:\/\/agora.xtec.cat\/escolarosacampa\/wp-content\/uploads\/usu1985\/2026\/06\/IMG_4537-scaled.jpg\"><img loading=\"lazy\" decoding=\"async\" width=\"1024\" height=\"768\" data-id=\"4265\" src=\"https:\/\/agora.xtec.cat\/escolarosacampa\/wp-content\/uploads\/usu1985\/2026\/06\/IMG_4537-1024x768.jpg\" alt=\"\" class=\"wp-image-4265\" srcset=\"https:\/\/agora.xtec.cat\/escolarosacampa\/wp-content\/uploads\/usu1985\/2026\/06\/IMG_4537-1024x768.jpg 1024w, https:\/\/agora.xtec.cat\/escolarosacampa\/wp-content\/uploads\/usu1985\/2026\/06\/IMG_4537-300x225.jpg 300w, https:\/\/agora.xtec.cat\/escolarosacampa\/wp-content\/uploads\/usu1985\/2026\/06\/IMG_4537-768x576.jpg 768w, https:\/\/agora.xtec.cat\/escolarosacampa\/wp-content\/uploads\/usu1985\/2026\/06\/IMG_4537-1536x1152.jpg 1536w, https:\/\/agora.xtec.cat\/escolarosacampa\/wp-content\/uploads\/usu1985\/2026\/06\/IMG_4537-2048x1536.jpg 2048w\" sizes=\"auto, (max-width: 1024px) 100vw, 1024px\" \/><\/a><\/figure>\n\n\n\n<figure class=\"wp-block-image size-large\"><a href=\"https:\/\/agora.xtec.cat\/escolarosacampa\/wp-content\/uploads\/usu1985\/2026\/06\/IMG_4539-scaled.jpg\"><img loading=\"lazy\" decoding=\"async\" width=\"1024\" height=\"768\" data-id=\"4264\" src=\"https:\/\/agora.xtec.cat\/escolarosacampa\/wp-content\/uploads\/usu1985\/2026\/06\/IMG_4539-1024x768.jpg\" alt=\"\" class=\"wp-image-4264\" srcset=\"https:\/\/agora.xtec.cat\/escolarosacampa\/wp-content\/uploads\/usu1985\/2026\/06\/IMG_4539-1024x768.jpg 1024w, https:\/\/agora.xtec.cat\/escolarosacampa\/wp-content\/uploads\/usu1985\/2026\/06\/IMG_4539-300x225.jpg 300w, https:\/\/agora.xtec.cat\/escolarosacampa\/wp-content\/uploads\/usu1985\/2026\/06\/IMG_4539-768x576.jpg 768w, https:\/\/agora.xtec.cat\/escolarosacampa\/wp-content\/uploads\/usu1985\/2026\/06\/IMG_4539-1536x1152.jpg 1536w, https:\/\/agora.xtec.cat\/escolarosacampa\/wp-content\/uploads\/usu1985\/2026\/06\/IMG_4539-2048x1536.jpg 2048w\" sizes=\"auto, (max-width: 1024px) 100vw, 1024px\" \/><\/a><\/figure>\n\n\n\n<figure class=\"wp-block-image size-large\"><a href=\"https:\/\/agora.xtec.cat\/escolarosacampa\/wp-content\/uploads\/usu1985\/2026\/06\/IMG_4561-scaled.jpg\"><img loading=\"lazy\" decoding=\"async\" width=\"1024\" height=\"768\" data-id=\"4267\" src=\"https:\/\/agora.xtec.cat\/escolarosacampa\/wp-content\/uploads\/usu1985\/2026\/06\/IMG_4561-1024x768.jpg\" alt=\"\" class=\"wp-image-4267\" srcset=\"https:\/\/agora.xtec.cat\/escolarosacampa\/wp-content\/uploads\/usu1985\/2026\/06\/IMG_4561-1024x768.jpg 1024w, https:\/\/agora.xtec.cat\/escolarosacampa\/wp-content\/uploads\/usu1985\/2026\/06\/IMG_4561-300x225.jpg 300w, https:\/\/agora.xtec.cat\/escolarosacampa\/wp-content\/uploads\/usu1985\/2026\/06\/IMG_4561-768x576.jpg 768w, https:\/\/agora.xtec.cat\/escolarosacampa\/wp-content\/uploads\/usu1985\/2026\/06\/IMG_4561-1536x1152.jpg 1536w, https:\/\/agora.xtec.cat\/escolarosacampa\/wp-content\/uploads\/usu1985\/2026\/06\/IMG_4561-2048x1536.jpg 2048w\" sizes=\"auto, (max-width: 1024px) 100vw, 1024px\" \/><\/a><\/figure>\n<\/figure>\n","protected":false},"excerpt":{"rendered":"<p>El passat 17 de juny, l&#8217;Auditori l&#8217;Illa de Barcelona va acollir la Festa de la Lectura, l&#8217;acte final del certamen [&hellip;]<\/p>\n","protected":false},"author":3,"featured_media":4266,"comment_status":"open","ping_status":"open","sticky":false,"template":"","format":"standard","meta":{"site-sidebar-layout":"default","site-content-layout":"","ast-site-content-layout":"default","site-content-style":"default","site-sidebar-style":"default","ast-global-header-display":"","ast-banner-title-visibility":"","ast-main-header-display":"","ast-hfb-above-header-display":"","ast-hfb-below-header-display":"","ast-hfb-mobile-header-display":"","site-post-title":"","ast-breadcrumbs-content":"","ast-featured-img":"disabled","footer-sml-layout":"","theme-transparent-header-meta":"","adv-header-id-meta":"","stick-header-meta":"","header-above-stick-meta":"","header-main-stick-meta":"","header-below-stick-meta":"","astra-migrate-meta-layouts":"set","ast-page-background-enabled":"default","ast-page-background-meta":{"desktop":{"background-color":"var(--ast-global-color-4)","background-image":"","background-repeat":"repeat","background-position":"center center","background-size":"auto","background-attachment":"scroll","background-type":"","background-media":"","overlay-type":"","overlay-color":"","overlay-opacity":"","overlay-gradient":""},"tablet":{"background-color":"","background-image":"","background-repeat":"repeat","background-position":"center center","background-size":"auto","background-attachment":"scroll","background-type":"","background-media":"","overlay-type":"","overlay-color":"","overlay-opacity":"","overlay-gradient":""},"mobile":{"background-color":"","background-image":"","background-repeat":"repeat","background-position":"center center","background-size":"auto","background-attachment":"scroll","background-type":"","background-media":"","overlay-type":"","overlay-color":"","overlay-opacity":"","overlay-gradient":""}},"ast-content-background-meta":{"desktop":{"background-color":"var(--ast-global-color-5)","background-image":"","background-repeat":"repeat","background-position":"center center","background-size":"auto","background-attachment":"scroll","background-type":"","background-media":"","overlay-type":"","overlay-color":"","overlay-opacity":"","overlay-gradient":""},"tablet":{"background-color":"var(--ast-global-color-5)","background-image":"","background-repeat":"repeat","background-position":"center center","background-size":"auto","background-attachment":"scroll","background-type":"","background-media":"","overlay-type":"","overlay-color":"","overlay-opacity":"","overlay-gradient":""},"mobile":{"background-color":"var(--ast-global-color-5)","background-image":"","background-repeat":"repeat","background-position":"center center","background-size":"auto","background-attachment":"scroll","background-type":"","background-media":"","overlay-type":"","overlay-color":"","overlay-opacity":"","overlay-gradient":""}},"footnotes":""},"categories":[68,86,1],"tags":[],"class_list":["post-4259","post","type-post","status-publish","format-standard","has-post-thumbnail","hentry","category-cicle-superior","category-curs-2025-2026","category-general"],"post_mailing_queue_ids":[],"_links":{"self":[{"href":"https:\/\/agora.xtec.cat\/escolarosacampa\/wp-json\/wp\/v2\/posts\/4259","targetHints":{"allow":["GET"]}}],"collection":[{"href":"https:\/\/agora.xtec.cat\/escolarosacampa\/wp-json\/wp\/v2\/posts"}],"about":[{"href":"https:\/\/agora.xtec.cat\/escolarosacampa\/wp-json\/wp\/v2\/types\/post"}],"author":[{"embeddable":true,"href":"https:\/\/agora.xtec.cat\/escolarosacampa\/wp-json\/wp\/v2\/users\/3"}],"replies":[{"embeddable":true,"href":"https:\/\/agora.xtec.cat\/escolarosacampa\/wp-json\/wp\/v2\/comments?post=4259"}],"version-history":[{"count":2,"href":"https:\/\/agora.xtec.cat\/escolarosacampa\/wp-json\/wp\/v2\/posts\/4259\/revisions"}],"predecessor-version":[{"id":4269,"href":"https:\/\/agora.xtec.cat\/escolarosacampa\/wp-json\/wp\/v2\/posts\/4259\/revisions\/4269"}],"wp:featuredmedia":[{"embeddable":true,"href":"https:\/\/agora.xtec.cat\/escolarosacampa\/wp-json\/wp\/v2\/media\/4266"}],"wp:attachment":[{"href":"https:\/\/agora.xtec.cat\/escolarosacampa\/wp-json\/wp\/v2\/media?parent=4259"}],"wp:term":[{"taxonomy":"category","embeddable":true,"href":"https:\/\/agora.xtec.cat\/escolarosacampa\/wp-json\/wp\/v2\/categories?post=4259"},{"taxonomy":"post_tag","embeddable":true,"href":"https:\/\/agora.xtec.cat\/escolarosacampa\/wp-json\/wp\/v2\/tags?post=4259"}],"curies":[{"name":"wp","href":"https:\/\/api.w.org\/{rel}","templated":true}]}}