{"id":10414,"date":"2021-05-18T16:14:04","date_gmt":"2021-05-18T14:14:04","guid":{"rendered":"http:\/\/agora.xtec.cat\/escolariudor\/?p=10414"},"modified":"2021-05-24T13:15:02","modified_gmt":"2021-05-24T11:15:02","slug":"sortida-a-can-canadell-2","status":"publish","type":"post","link":"https:\/\/agora.xtec.cat\/escolariudor\/general\/sortida-a-can-canadell-2\/","title":{"rendered":"SORTIDA A CAN CANADELL"},"content":{"rendered":"<p>HOLA FAM\u00cdLIES AMICS I AMIGUES;<\/p>\n<p>EL PASSAT DILLUNS 17 DE MAIG VAM ANAR A CAN CANADELL (CALDERS) ALL\u00c0\u00a0 VAM PASSAR TOT EL DIA\u00a0 AMB L&#8217;AVI TONET, LA MIRANDA, L&#8217;\u00c0LEX , LA LAIA, L&#8217;ORIOL , LA NEREA , L&#8217;ANNA , LA MERC\u00c8 I LES NOSTRES MESTRES L&#8217;ANNA, LA NURI I LA XUS.<\/p>\n<p>EN JOAN ENS VA PORTAR FINS A LA CASA\u00a0 AMB L&#8217;AUTOCAR, ERA LA NOSTRA PRIMERA SORTIDA COM A GRUP DESPR\u00c8S DE MOLTS MESOS DE NO PODER SORTIR DE L&#8217;ESCOLA &#8230;.. ESTAVEM MOLT EMOCIONATS I CONTENTS!<\/p>\n<p>ALL\u00c0 LA MIRANDA, L&#8217;\u00c0LEX I\u00a0 L&#8217;ORIOL ENS VAN PROPOSAR QUE AJUDESSIM A L&#8217;AVI TONET AMB LES SEVES TASQUES I AIX\u00cd HO VAM FER.<\/p>\n<p>VAM ANAR A L&#8217;HORT; ALL\u00c0 VAM PODER OBSERVAR EL QU\u00c8 HI HAVIA PLANTAT L&#8217;AVI I TAMB\u00c9 VAM PODER AGAFAR L&#8217;AXADA I PLANTAR UNES PLANTES REMEIERES&#8230; DESPR\u00c8S VAM PASSEJAR PEL BOSC I ALL\u00c0 VAM TROBAR MOLTES PLANTES M\u00c9S, MOLTES JA LES CONEIXIEM I VAM PODER DIR EL SEU NOM I ALGUNA DE LES SEVES PROPIETATS CURATIVES.<\/p>\n<p>VAM RECOLLIR ROMAN\u00cd, AMB MOLTA OLOR, VAM TREURE LES SEVES FULLES I VAM FER UNA BOSSETA MOLT XULA.<\/p>\n<p>VAM OLORAR, MIRAR I TOCAR\u00a0 ALGUNES DE LES PLANTES REMEIERES UNES LES VAM TROBAR QUAN PASSEJAVEM PEL BOSC I D&#8217;ALTRES LES VAM TROBAR EN\u00a0 UNS POTETS DE VIDRE, EN CREMA, EN OLIS I UNG\u00dcENTS MEDICINALS&#8230;.TAMB\u00c9 VAM PODER TASTAR TRES INFUSIONS DIFERENTS : LA TILA, LA CAMAMILLA I EL TE&#8230;<\/p>\n<p>UN COP DINATS I AMB LA PANXA PLENA VAM FER UN CAM\u00cd MOLT LLARG I BONIC PEL BOSC DE CAN CANADELL I LES QUINGLES FINS ARRIBAR A L&#8217;ERMITA DE SANT SALVADOR DEL CANADELL&#8230;.ALL\u00c0 L&#8217;ORIOL ES VA EXPLICAR MOLTES COSES&#8230; EN SAP MOLT\u00cdSSIM!<\/p>\n<p>JA ESTAVEM MOLT\u00a0 CANSATS I AMB MOLTES GANES ESPERAVEM AL JOAN QUE ENS VINGU\u00c9S A BUSCAR AMB L&#8217;AUTOCAR PER TORNAR CAP A L&#8217;ESCOLA&#8230; PER\u00d2 MOLT CONTENTS DEL DIA\u00a0 A CAN CANADELL,\u00a0 JA QUE VAM GAUDIR MOLT\u00cdSSIM.<\/p>\n<p><a href=\"https:\/\/agora.xtec.cat\/escolariudor\/wp-content\/uploads\/usu545\/2021\/05\/masia-restaurant.jpg\"><img loading=\"lazy\" decoding=\"async\" class=\"wp-image-10418 size-full aligncenter\" src=\"https:\/\/agora.xtec.cat\/escolariudor\/wp-content\/uploads\/usu545\/2021\/05\/masia-restaurant.jpg\" alt=\"\" width=\"674\" height=\"225\" srcset=\"https:\/\/agora.xtec.cat\/escolariudor\/wp-content\/uploads\/usu545\/2021\/05\/masia-restaurant.jpg 674w, https:\/\/agora.xtec.cat\/escolariudor\/wp-content\/uploads\/usu545\/2021\/05\/masia-restaurant-300x100.jpg 300w\" sizes=\"auto, (max-width: 674px) 100vw, 674px\" \/><\/a><\/p>\n<p><a href=\"https:\/\/agora.xtec.cat\/escolariudor\/wp-content\/uploads\/usu545\/2021\/05\/can_canadell02.jpg\"><img loading=\"lazy\" decoding=\"async\" class=\"wp-image-10419 size-full aligncenter\" src=\"https:\/\/agora.xtec.cat\/escolariudor\/wp-content\/uploads\/usu545\/2021\/05\/can_canadell02.jpg\" alt=\"\" width=\"600\" height=\"449\" srcset=\"https:\/\/agora.xtec.cat\/escolariudor\/wp-content\/uploads\/usu545\/2021\/05\/can_canadell02.jpg 600w, https:\/\/agora.xtec.cat\/escolariudor\/wp-content\/uploads\/usu545\/2021\/05\/can_canadell02-300x225.jpg 300w, https:\/\/agora.xtec.cat\/escolariudor\/wp-content\/uploads\/usu545\/2021\/05\/can_canadell02-200x150.jpg 200w\" sizes=\"auto, (max-width: 600px) 100vw, 600px\" \/><\/a><\/p>\n<p><a href=\"https:\/\/photos.app.goo.gl\/VeQbZFTrdcWfXBt86\">FOTOGRAFIES CAN CANADELL_ COLOMS BLAUS<\/a><\/p>\n<p><a href=\"https:\/\/photos.app.goo.gl\/vsCYtAZ5ZyhtuuvS9\">FOTOGRAFIES CAN CANADELL_COLOMS GROCS<\/a><\/p>\n","protected":false},"excerpt":{"rendered":"<p>HOLA FAM\u00cdLIES AMICS I AMIGUES; EL PASSAT DILLUNS 17 DE MAIG VAM ANAR A CAN CANADELL (CALDERS) ALL\u00c0\u00a0 VAM PASSAR [&hellip;]<\/p>\n","protected":false},"author":1,"featured_media":0,"comment_status":"closed","ping_status":"closed","sticky":false,"template":"","format":"standard","meta":{"_bbp_topic_count":0,"_bbp_reply_count":0,"_bbp_total_topic_count":0,"_bbp_total_reply_count":0,"_bbp_voice_count":0,"_bbp_anonymous_reply_count":0,"_bbp_topic_count_hidden":0,"_bbp_reply_count_hidden":0,"_bbp_forum_subforum_count":0,"site-sidebar-layout":"default","site-content-layout":"","ast-site-content-layout":"","site-content-style":"default","site-sidebar-style":"default","ast-global-header-display":"","ast-banner-title-visibility":"","ast-main-header-display":"","ast-hfb-above-header-display":"","ast-hfb-below-header-display":"","ast-hfb-mobile-header-display":"","site-post-title":"","ast-breadcrumbs-content":"","ast-featured-img":"","footer-sml-layout":"","theme-transparent-header-meta":"","adv-header-id-meta":"","stick-header-meta":"","header-above-stick-meta":"","header-main-stick-meta":"","header-below-stick-meta":"","astra-migrate-meta-layouts":"default","ast-page-background-enabled":"default","ast-page-background-meta":{"desktop":{"background-color":"var(--ast-global-color-4)","background-image":"","background-repeat":"repeat","background-position":"center center","background-size":"auto","background-attachment":"scroll","background-type":"","background-media":"","overlay-type":"","overlay-color":"","overlay-opacity":"","overlay-gradient":""},"tablet":{"background-color":"","background-image":"","background-repeat":"repeat","background-position":"center center","background-size":"auto","background-attachment":"scroll","background-type":"","background-media":"","overlay-type":"","overlay-color":"","overlay-opacity":"","overlay-gradient":""},"mobile":{"background-color":"","background-image":"","background-repeat":"repeat","background-position":"center center","background-size":"auto","background-attachment":"scroll","background-type":"","background-media":"","overlay-type":"","overlay-color":"","overlay-opacity":"","overlay-gradient":""}},"ast-content-background-meta":{"desktop":{"background-color":"var(--ast-global-color-5)","background-image":"","background-repeat":"repeat","background-position":"center center","background-size":"auto","background-attachment":"scroll","background-type":"","background-media":"","overlay-type":"","overlay-color":"","overlay-opacity":"","overlay-gradient":""},"tablet":{"background-color":"var(--ast-global-color-5)","background-image":"","background-repeat":"repeat","background-position":"center center","background-size":"auto","background-attachment":"scroll","background-type":"","background-media":"","overlay-type":"","overlay-color":"","overlay-opacity":"","overlay-gradient":""},"mobile":{"background-color":"var(--ast-global-color-5)","background-image":"","background-repeat":"repeat","background-position":"center center","background-size":"auto","background-attachment":"scroll","background-type":"","background-media":"","overlay-type":"","overlay-color":"","overlay-opacity":"","overlay-gradient":""}},"footnotes":""},"categories":[1,47,4,69],"tags":[],"class_list":["post-10414","post","type-post","status-publish","format-standard","hentry","category-general","category-infantil","category-portada","category-promocio-19-20"],"post_mailing_queue_ids":[],"_links":{"self":[{"href":"https:\/\/agora.xtec.cat\/escolariudor\/wp-json\/wp\/v2\/posts\/10414","targetHints":{"allow":["GET"]}}],"collection":[{"href":"https:\/\/agora.xtec.cat\/escolariudor\/wp-json\/wp\/v2\/posts"}],"about":[{"href":"https:\/\/agora.xtec.cat\/escolariudor\/wp-json\/wp\/v2\/types\/post"}],"author":[{"embeddable":true,"href":"https:\/\/agora.xtec.cat\/escolariudor\/wp-json\/wp\/v2\/users\/1"}],"replies":[{"embeddable":true,"href":"https:\/\/agora.xtec.cat\/escolariudor\/wp-json\/wp\/v2\/comments?post=10414"}],"version-history":[{"count":3,"href":"https:\/\/agora.xtec.cat\/escolariudor\/wp-json\/wp\/v2\/posts\/10414\/revisions"}],"predecessor-version":[{"id":10421,"href":"https:\/\/agora.xtec.cat\/escolariudor\/wp-json\/wp\/v2\/posts\/10414\/revisions\/10421"}],"wp:attachment":[{"href":"https:\/\/agora.xtec.cat\/escolariudor\/wp-json\/wp\/v2\/media?parent=10414"}],"wp:term":[{"taxonomy":"category","embeddable":true,"href":"https:\/\/agora.xtec.cat\/escolariudor\/wp-json\/wp\/v2\/categories?post=10414"},{"taxonomy":"post_tag","embeddable":true,"href":"https:\/\/agora.xtec.cat\/escolariudor\/wp-json\/wp\/v2\/tags?post=10414"}],"curies":[{"name":"wp","href":"https:\/\/api.w.org\/{rel}","templated":true}]}}