{"id":1859,"date":"2026-04-16T16:12:49","date_gmt":"2026-04-16T14:12:49","guid":{"rendered":"https:\/\/agora.xtec.cat\/escolariudellots\/?p=1859"},"modified":"2026-04-21T14:47:00","modified_gmt":"2026-04-21T12:47:00","slug":"jornada-esportiva-5e","status":"publish","type":"post","link":"https:\/\/agora.xtec.cat\/escolariudellots\/general\/jornada-esportiva-5e\/","title":{"rendered":"Jornada Esportiva 5\u00e8"},"content":{"rendered":"\n<p>Avui, com cada curs, l&#8217;alumnat de 5\u00e8 de prim\u00e0ria ha fet una jornada esportiva amb tots els nens i nenes de 5\u00e8 de la comarca de la Selva. A Santa Coloma han pogut practicar diferents esports i jocs esportius.<\/p>\n\n\n\n<div data-wp-interactive=\"core\/file\" class=\"wp-block-file\"><object data-wp-bind--hidden=\"!state.hasPdfPreview\" hidden class=\"wp-block-file__embed\" data=\"https:\/\/agora.xtec.cat\/escolariudellots\/wp-content\/uploads\/usu3050\/2026\/04\/Xla-JORNADA-ESPORTIVA-1.pdf\" type=\"application\/pdf\" style=\"width:100%;height:830px\" aria-label=\"Incrustaci\u00f3 del fitxer Xla JORNADA ESPORTIVA.\"><\/object><a id=\"wp-block-file--media-c7428f5f-e680-4d0b-9c94-1ded77f76b43\" href=\"https:\/\/agora.xtec.cat\/escolariudellots\/wp-content\/uploads\/usu3050\/2026\/04\/Xla-JORNADA-ESPORTIVA-1.pdf\">Xla JORNADA ESPORTIVA<\/a><a href=\"https:\/\/agora.xtec.cat\/escolariudellots\/wp-content\/uploads\/usu3050\/2026\/04\/Xla-JORNADA-ESPORTIVA-1.pdf\" class=\"wp-block-file__button wp-element-button\" download aria-describedby=\"wp-block-file--media-c7428f5f-e680-4d0b-9c94-1ded77f76b43\">Baixa<\/a><\/div>\n","protected":false},"excerpt":{"rendered":"<p>Avui, com cada curs, l&#8217;alumnat de 5\u00e8 de prim\u00e0ria ha fet una jornada esportiva amb tots els nens i nenes de 5\u00e8 de la comarca de la Selva. A Santa Coloma han pogut practicar diferents esports i jocs esportius.<\/p>\n<p><a id=\"wp-block-file--media-c7428f5f-e680-4d0b-9c94-1ded77f76b43\" href=\"https:\/\/agora.xtec.cat\/escolariudellots\/wp-content\/uploads\/usu3050\/2026\/04\/Xla-JORNADA-ESPORTIVA-1.pdf\">Xla JORNADA ESPORTIVA<\/a><a href=\"https:\/\/agora.xtec.cat\/escolariudellots\/wp-content\/uploads\/usu3050\/2026\/04\/Xla-JORNADA-ESPORTIVA-1.pdf\" class=\"wp-block-file__button&hellip;  <a href=\"https:\/\/agora.xtec.cat\/escolariudellots\/general\/jornada-esportiva-5e\/\" title=\"Read Jornada Esportiva 5\u00e8\">Llegeix m\u00e9s\u00bb<\/a><\/p>\n","protected":false},"author":1,"featured_media":1860,"comment_status":"open","ping_status":"open","sticky":false,"template":"","format":"standard","meta":{"footnotes":""},"categories":[1],"tags":[],"class_list":["post-1859","post","type-post","status-publish","format-standard","has-post-thumbnail","hentry","category-general"],"post_mailing_queue_ids":[],"_links":{"self":[{"href":"https:\/\/agora.xtec.cat\/escolariudellots\/wp-json\/wp\/v2\/posts\/1859","targetHints":{"allow":["GET"]}}],"collection":[{"href":"https:\/\/agora.xtec.cat\/escolariudellots\/wp-json\/wp\/v2\/posts"}],"about":[{"href":"https:\/\/agora.xtec.cat\/escolariudellots\/wp-json\/wp\/v2\/types\/post"}],"author":[{"embeddable":true,"href":"https:\/\/agora.xtec.cat\/escolariudellots\/wp-json\/wp\/v2\/users\/1"}],"replies":[{"embeddable":true,"href":"https:\/\/agora.xtec.cat\/escolariudellots\/wp-json\/wp\/v2\/comments?post=1859"}],"version-history":[{"count":2,"href":"https:\/\/agora.xtec.cat\/escolariudellots\/wp-json\/wp\/v2\/posts\/1859\/revisions"}],"predecessor-version":[{"id":1876,"href":"https:\/\/agora.xtec.cat\/escolariudellots\/wp-json\/wp\/v2\/posts\/1859\/revisions\/1876"}],"wp:featuredmedia":[{"embeddable":true,"href":"https:\/\/agora.xtec.cat\/escolariudellots\/wp-json\/wp\/v2\/media\/1860"}],"wp:attachment":[{"href":"https:\/\/agora.xtec.cat\/escolariudellots\/wp-json\/wp\/v2\/media?parent=1859"}],"wp:term":[{"taxonomy":"category","embeddable":true,"href":"https:\/\/agora.xtec.cat\/escolariudellots\/wp-json\/wp\/v2\/categories?post=1859"},{"taxonomy":"post_tag","embeddable":true,"href":"https:\/\/agora.xtec.cat\/escolariudellots\/wp-json\/wp\/v2\/tags?post=1859"}],"curies":[{"name":"wp","href":"https:\/\/api.w.org\/{rel}","templated":true}]}}