{"id":1653,"date":"2025-11-04T10:20:08","date_gmt":"2025-11-04T09:20:08","guid":{"rendered":"https:\/\/agora.xtec.cat\/escolariudellots\/?p=1653"},"modified":"2025-11-04T10:20:08","modified_gmt":"2025-11-04T09:20:08","slug":"la-castanyada","status":"publish","type":"post","link":"https:\/\/agora.xtec.cat\/escolariudellots\/general\/la-castanyada\/","title":{"rendered":"La Castanyada"},"content":{"rendered":"\n<p>Divendres vam celebrar la castanyada a l&#8217;escola. Els nens i nenes d&#8217;educaci\u00f3 infantil i primer, van gaudir d&#8217;una sessi\u00f3 de contes de La Min\u00fascula; mentre que la resta d&#8217;alumnat d&#8217;educaci\u00f3 prim\u00e0ria van jugar plegats a jocs de cucanya. Despr\u00e9s a la pista coberta vam menjar les castanyes que l&#8217;AMPA ens va torrar! Mmmm&#8230; bon\u00edssimes! Moltes gr\u00e0cies AMPA!<\/p>\n","protected":false},"excerpt":{"rendered":"<p>Divendres vam celebrar la castanyada a l&#8217;escola. Els nens i nenes d&#8217;educaci\u00f3 infantil i primer, van gaudir d&#8217;una sessi\u00f3 de contes de La Min\u00fascula; mentre que la resta d&#8217;alumnat d&#8217;educaci\u00f3 prim\u00e0ria van jugar plegats a jocs de cucanya. Despr\u00e9s a la pista coberta vam menjar&hellip;  <a href=\"https:\/\/agora.xtec.cat\/escolariudellots\/general\/la-castanyada\/\" title=\"Read La Castanyada\">Llegeix m\u00e9s\u00bb<\/a><\/p>\n","protected":false},"author":1,"featured_media":1654,"comment_status":"open","ping_status":"open","sticky":false,"template":"","format":"standard","meta":{"footnotes":""},"categories":[1],"tags":[],"class_list":["post-1653","post","type-post","status-publish","format-standard","has-post-thumbnail","hentry","category-general"],"post_mailing_queue_ids":[],"_links":{"self":[{"href":"https:\/\/agora.xtec.cat\/escolariudellots\/wp-json\/wp\/v2\/posts\/1653","targetHints":{"allow":["GET"]}}],"collection":[{"href":"https:\/\/agora.xtec.cat\/escolariudellots\/wp-json\/wp\/v2\/posts"}],"about":[{"href":"https:\/\/agora.xtec.cat\/escolariudellots\/wp-json\/wp\/v2\/types\/post"}],"author":[{"embeddable":true,"href":"https:\/\/agora.xtec.cat\/escolariudellots\/wp-json\/wp\/v2\/users\/1"}],"replies":[{"embeddable":true,"href":"https:\/\/agora.xtec.cat\/escolariudellots\/wp-json\/wp\/v2\/comments?post=1653"}],"version-history":[{"count":1,"href":"https:\/\/agora.xtec.cat\/escolariudellots\/wp-json\/wp\/v2\/posts\/1653\/revisions"}],"predecessor-version":[{"id":1655,"href":"https:\/\/agora.xtec.cat\/escolariudellots\/wp-json\/wp\/v2\/posts\/1653\/revisions\/1655"}],"wp:featuredmedia":[{"embeddable":true,"href":"https:\/\/agora.xtec.cat\/escolariudellots\/wp-json\/wp\/v2\/media\/1654"}],"wp:attachment":[{"href":"https:\/\/agora.xtec.cat\/escolariudellots\/wp-json\/wp\/v2\/media?parent=1653"}],"wp:term":[{"taxonomy":"category","embeddable":true,"href":"https:\/\/agora.xtec.cat\/escolariudellots\/wp-json\/wp\/v2\/categories?post=1653"},{"taxonomy":"post_tag","embeddable":true,"href":"https:\/\/agora.xtec.cat\/escolariudellots\/wp-json\/wp\/v2\/tags?post=1653"}],"curies":[{"name":"wp","href":"https:\/\/api.w.org\/{rel}","templated":true}]}}