{"id":1626,"date":"2025-10-22T16:22:25","date_gmt":"2025-10-22T14:22:25","guid":{"rendered":"https:\/\/agora.xtec.cat\/escolariudellots\/?p=1626"},"modified":"2025-10-22T16:22:26","modified_gmt":"2025-10-22T14:22:26","slug":"tallers-de-sexualitat-i5-i-2n","status":"publish","type":"post","link":"https:\/\/agora.xtec.cat\/escolariudellots\/general\/tallers-de-sexualitat-i5-i-2n\/","title":{"rendered":"Tallers de sexualitat I5 i 2n"},"content":{"rendered":"\n<p>Avui els nens i nenes d&#8217;I5 i 2n han fet uns tallers de sexualitat a c\u00e0rrec de la Pili Nicol\u00e1s. El d&#8217;I5 es titulava: &#8220;El nostre cos \u00e9s un tresor.&#8221; i el de 2n: &#8220;Com hem arribat fins aqu\u00ed?&#8221;<\/p>\n\n\n\n<figure class=\"wp-block-image size-large\"><a href=\"https:\/\/agora.xtec.cat\/escolariudellots\/wp-content\/uploads\/usu3050\/2025\/10\/WhatsApp-Image-2025-10-22-at-11.35.04.jpeg\"><img loading=\"lazy\" decoding=\"async\" width=\"1024\" height=\"768\" src=\"https:\/\/agora.xtec.cat\/escolariudellots\/wp-content\/uploads\/usu3050\/2025\/10\/WhatsApp-Image-2025-10-22-at-11.35.04-1024x768.jpeg\" alt=\"\" class=\"wp-image-1627\" srcset=\"https:\/\/agora.xtec.cat\/escolariudellots\/wp-content\/uploads\/usu3050\/2025\/10\/WhatsApp-Image-2025-10-22-at-11.35.04-1024x768.jpeg 1024w, https:\/\/agora.xtec.cat\/escolariudellots\/wp-content\/uploads\/usu3050\/2025\/10\/WhatsApp-Image-2025-10-22-at-11.35.04-300x225.jpeg 300w, https:\/\/agora.xtec.cat\/escolariudellots\/wp-content\/uploads\/usu3050\/2025\/10\/WhatsApp-Image-2025-10-22-at-11.35.04-768x576.jpeg 768w, https:\/\/agora.xtec.cat\/escolariudellots\/wp-content\/uploads\/usu3050\/2025\/10\/WhatsApp-Image-2025-10-22-at-11.35.04-1536x1152.jpeg 1536w, https:\/\/agora.xtec.cat\/escolariudellots\/wp-content\/uploads\/usu3050\/2025\/10\/WhatsApp-Image-2025-10-22-at-11.35.04-200x150.jpeg 200w, https:\/\/agora.xtec.cat\/escolariudellots\/wp-content\/uploads\/usu3050\/2025\/10\/WhatsApp-Image-2025-10-22-at-11.35.04.jpeg 2048w\" sizes=\"auto, (max-width: 1024px) 100vw, 1024px\" \/><\/a><\/figure>\n","protected":false},"excerpt":{"rendered":"<p>Avui els nens i nenes d&#8217;I5 i 2n han fet uns tallers de sexualitat a c\u00e0rrec de la Pili Nicol\u00e1s. El d&#8217;I5 es titulava: &#8220;El nostre cos \u00e9s un tresor.&#8221; i el de 2n: &#8220;Com hem arribat fins aqu\u00ed?&#8221;<\/p>\n<p><a href=\"https:\/\/agora.xtec.cat\/escolariudellots\/wp-content\/uploads\/usu3050\/2025\/10\/WhatsApp-Image-2025-10-22-at-11.35.04.jpeg\"><\/a><\/p>\n","protected":false},"author":1,"featured_media":1628,"comment_status":"open","ping_status":"open","sticky":false,"template":"","format":"standard","meta":{"footnotes":""},"categories":[1],"tags":[],"class_list":["post-1626","post","type-post","status-publish","format-standard","has-post-thumbnail","hentry","category-general"],"post_mailing_queue_ids":[],"_links":{"self":[{"href":"https:\/\/agora.xtec.cat\/escolariudellots\/wp-json\/wp\/v2\/posts\/1626","targetHints":{"allow":["GET"]}}],"collection":[{"href":"https:\/\/agora.xtec.cat\/escolariudellots\/wp-json\/wp\/v2\/posts"}],"about":[{"href":"https:\/\/agora.xtec.cat\/escolariudellots\/wp-json\/wp\/v2\/types\/post"}],"author":[{"embeddable":true,"href":"https:\/\/agora.xtec.cat\/escolariudellots\/wp-json\/wp\/v2\/users\/1"}],"replies":[{"embeddable":true,"href":"https:\/\/agora.xtec.cat\/escolariudellots\/wp-json\/wp\/v2\/comments?post=1626"}],"version-history":[{"count":1,"href":"https:\/\/agora.xtec.cat\/escolariudellots\/wp-json\/wp\/v2\/posts\/1626\/revisions"}],"predecessor-version":[{"id":1629,"href":"https:\/\/agora.xtec.cat\/escolariudellots\/wp-json\/wp\/v2\/posts\/1626\/revisions\/1629"}],"wp:featuredmedia":[{"embeddable":true,"href":"https:\/\/agora.xtec.cat\/escolariudellots\/wp-json\/wp\/v2\/media\/1628"}],"wp:attachment":[{"href":"https:\/\/agora.xtec.cat\/escolariudellots\/wp-json\/wp\/v2\/media?parent=1626"}],"wp:term":[{"taxonomy":"category","embeddable":true,"href":"https:\/\/agora.xtec.cat\/escolariudellots\/wp-json\/wp\/v2\/categories?post=1626"},{"taxonomy":"post_tag","embeddable":true,"href":"https:\/\/agora.xtec.cat\/escolariudellots\/wp-json\/wp\/v2\/tags?post=1626"}],"curies":[{"name":"wp","href":"https:\/\/api.w.org\/{rel}","templated":true}]}}