{"id":618,"date":"2020-06-15T09:31:20","date_gmt":"2020-06-15T07:31:20","guid":{"rendered":"http:\/\/agora.xtec.cat\/escolarambletadelclot\/?p=618"},"modified":"2026-01-15T16:35:56","modified_gmt":"2026-01-15T15:35:56","slug":"veniu-a-coneixer-la-nostra-escola-2","status":"publish","type":"post","link":"https:\/\/agora.xtec.cat\/escolarambletadelclot\/general\/veniu-a-coneixer-la-nostra-escola-2\/","title":{"rendered":"Llista de baremaci\u00f3 definitiva de la preinscripci\u00f3"},"content":{"rendered":"<p>Benvolgudes fam\u00edlies,<\/p>\n<p>En el seg\u00fcent enlla\u00e7 podeu consultar el <strong>barem ordenat definitiu de sol\u00b7licituds <\/strong>que han demanat el centre en primera opci\u00f3:<\/p>\n<p><a href=\"https:\/\/drive.google.com\/file\/d\/1ySv-Ilyf6kM2LpzMyRqiHRKDnTUuhTQy\/view?usp=sharing\"><img loading=\"lazy\" decoding=\"async\" class=\"alignnone wp-image-4917\" src=\"https:\/\/agora.xtec.cat\/escolarambletadelclot\/wp-content\/uploads\/usu436\/2020\/05\/oferta-inicial-de-places-5-e1591693475218.png\" alt=\"\" width=\"535\" height=\"98\" srcset=\"https:\/\/agora.xtec.cat\/escolarambletadelclot\/wp-content\/uploads\/usu436\/2020\/05\/oferta-inicial-de-places-5-e1591693475218.png 420w, https:\/\/agora.xtec.cat\/escolarambletadelclot\/wp-content\/uploads\/usu436\/2020\/05\/oferta-inicial-de-places-5-e1591693475218-300x55.png 300w\" sizes=\"auto, (max-width: 535px) 100vw, 535px\" \/><\/a><\/p>\n<p>El proper <strong>dia 6 de juliol es publicar\u00e0 l\u2019oferta final de places<\/strong>; i el <strong>7 de juliol<\/strong>, sortir\u00e0\u00a0 la <strong>llista amb les assignacions<\/strong> aix\u00ed com les llistes d\u2019espera.<\/p>\n<p style=\"text-align: center;\">***********************************************************************<\/p>\n<p>Des del <strong>13 al 22 de maig<\/strong> es dur\u00e0 a terme la <strong>preinscripci\u00f3 escolar<\/strong> per als ensenyaments de primer i segon cicle d\u2019educaci\u00f3 infantil, educaci\u00f3 prim\u00e0ria i educaci\u00f3 secund\u00e0ria obligat\u00f2ria. En les circunst\u00e0ncies actuals <b> <\/b>s\u2019intentar\u00e0 en la mesura del possible <strong>redu\u00efr la pres\u00e8ncia de fam\u00edlies en els centres educatius<\/strong>.<\/p>\n<p>Aquests s\u00f3n els <strong>documents necessaris per a formalitzar la preinscripci\u00f3<\/strong>:<\/p>\n<p>-El <strong>llibre de fam\u00edlia<\/strong> o altres documents relatius a la filiaci\u00f3. Si l&#8217;alumne o alumna est\u00e0 en situaci\u00f3 d&#8217;acolliment, la resoluci\u00f3 d&#8217;acolliment en fam\u00edlia o instituci\u00f3, del Departament de Treball, Afers Socials i Fam\u00edlies.<\/p>\n<p>-El<strong> DNI de la persona sol\u00b7licitant<\/strong> (pare, mare, tutor o tutora o guardador o guardadora de fet) o, si el sol\u00b7licitant \u00e9s estranger, de la targeta de resid\u00e8ncia on consta el <strong>NIE o el passaport<\/strong>. Si es tracta d&#8217;estrangers comunitaris, <strong>document d&#8217;identitat del pa\u00eds d&#8217;origen<\/strong>.<\/p>\n<p>-El DNI de l&#8217;alumne o alumna major de 14 anys o <strong>si t\u00e9 DNI tot i ser menor de 14 anys<\/strong>. De forma extraordin\u00e0ria, les dades d&#8217;identificaci\u00f3 o de filiaci\u00f3 dels alumnes estrangers tamb\u00e9 es poden acreditar amb el <strong>document d&#8217;identitat, el llibre de fam\u00edlia del pa\u00eds d&#8217;origen o la documentaci\u00f3 alternativa<\/strong> que la persona pugui aportar. El director o directora o la persona titular del centre la valorar\u00e0 i deixar\u00e0 const\u00e0ncia per escrit de la decisi\u00f3 adoptada.<\/p>\n<p>-El nostre <strong>codi de centre \u00e9s 08002617.<\/strong><\/p>\n<ul>\n<li>\n<h4><span style=\"color: #000000;\"><strong>Es prioritza la manera telem\u00e0tica i no presencial des del 13 de maig. Podeu accedir a l&#8217;aplicatiu en el <a style=\"color: #000000;\" href=\"http:\/\/ensenyament.gencat.cat\/ca\/tramits\/tramits-temes\/20483_preinscripcio_escolar?moda=1\"><span style=\"color: #808000;\">seg\u00fcent<\/span> <span style=\"color: #0000ff;\"><span style=\"color: #808000;\">enlla\u00e7<\/span>.<\/span><\/a><\/strong> <\/span><span style=\"color: #000000;\">Haureu d&#8217;enviar el formulari complert i tota aquesta informaci\u00f3 escannejada o fotografiada a preinscripcio@rambletadelclot.cat<\/span><\/h4>\n<\/li>\n<li>\n<h6><span style=\"color: #000000;\"><strong>En casos puntuals excepcionals, la preinscripci\u00f3 es podr\u00e0 realitzar de forma presencial nom\u00e9s amb cita pr\u00e8via, entre el 19 i el 22 maig.<span style=\"color: #000000;\"> Podeu demanar la cita pr\u00e8via trucant al tel\u00e8fon 634288705 de 9 a 13h o enviant un correu a preinscripcio@rambletadelclot.cat<\/span><\/strong><\/span><\/h6>\n<\/li>\n<\/ul>\n<p>Tamb\u00e9 podeu consultar la nota de premsa del departament en el <a href=\"http:\/\/ensenyament.gencat.cat\/ca\/inici\/nota-premsa\/?id=385690\"><strong>seg\u00fcent enlla\u00e7 <\/strong><\/a>o visitar la <strong><a href=\"https:\/\/www.edubcn.cat\/ca\/alumnat_i_familia\/informacio_general_matriculacio\/preinscripcio\">p\u00e0gina web del consorci<\/a><\/strong> per a m\u00e9s informaci\u00f3 actualitzada.<\/p>\n","protected":false},"excerpt":{"rendered":"<p>Benvolgudes fam\u00edlies, En el seg\u00fcent enlla\u00e7 podeu consultar el barem ordenat definitiu de sol\u00b7licituds que han demanat el centre en primera opci\u00f3: El proper dia 6 de juliol es publicar\u00e0 l\u2019oferta final de places; i el 7 de juliol, sortir\u00e0\u00a0 la llista amb les assignacions aix\u00ed com les llistes d\u2019espera. *********************************************************************** Des del 13 al [&hellip;]<\/p>\n","protected":false},"author":1,"featured_media":4917,"comment_status":"open","ping_status":"closed","sticky":false,"template":"","format":"standard","meta":{"_bbp_topic_count":0,"_bbp_reply_count":0,"_bbp_total_topic_count":0,"_bbp_total_reply_count":0,"_bbp_voice_count":0,"_bbp_anonymous_reply_count":0,"_bbp_topic_count_hidden":0,"_bbp_reply_count_hidden":0,"_bbp_forum_subforum_count":0,"site-sidebar-layout":"default","site-content-layout":"","ast-site-content-layout":"","site-content-style":"default","site-sidebar-style":"default","ast-global-header-display":"","ast-banner-title-visibility":"","ast-main-header-display":"","ast-hfb-above-header-display":"","ast-hfb-below-header-display":"","ast-hfb-mobile-header-display":"","site-post-title":"","ast-breadcrumbs-content":"","ast-featured-img":"","footer-sml-layout":"","theme-transparent-header-meta":"","adv-header-id-meta":"","stick-header-meta":"","header-above-stick-meta":"","header-main-stick-meta":"","header-below-stick-meta":"","astra-migrate-meta-layouts":"default","ast-page-background-enabled":"default","ast-page-background-meta":{"desktop":{"background-color":"var(--ast-global-color-4)","background-image":"","background-repeat":"repeat","background-position":"center center","background-size":"auto","background-attachment":"scroll","background-type":"","background-media":"","overlay-type":"","overlay-color":"","overlay-opacity":"","overlay-gradient":""},"tablet":{"background-color":"","background-image":"","background-repeat":"repeat","background-position":"center center","background-size":"auto","background-attachment":"scroll","background-type":"","background-media":"","overlay-type":"","overlay-color":"","overlay-opacity":"","overlay-gradient":""},"mobile":{"background-color":"","background-image":"","background-repeat":"repeat","background-position":"center center","background-size":"auto","background-attachment":"scroll","background-type":"","background-media":"","overlay-type":"","overlay-color":"","overlay-opacity":"","overlay-gradient":""}},"ast-content-background-meta":{"desktop":{"background-color":"var(--ast-global-color-5)","background-image":"","background-repeat":"repeat","background-position":"center center","background-size":"auto","background-attachment":"scroll","background-type":"","background-media":"","overlay-type":"","overlay-color":"","overlay-opacity":"","overlay-gradient":""},"tablet":{"background-color":"var(--ast-global-color-5)","background-image":"","background-repeat":"repeat","background-position":"center center","background-size":"auto","background-attachment":"scroll","background-type":"","background-media":"","overlay-type":"","overlay-color":"","overlay-opacity":"","overlay-gradient":""},"mobile":{"background-color":"var(--ast-global-color-5)","background-image":"","background-repeat":"repeat","background-position":"center center","background-size":"auto","background-attachment":"scroll","background-type":"","background-media":"","overlay-type":"","overlay-color":"","overlay-opacity":"","overlay-gradient":""}},"footnotes":""},"categories":[1],"tags":[],"class_list":["post-618","post","type-post","status-publish","format-standard","has-post-thumbnail","hentry","category-general"],"post_mailing_queue_ids":[],"_links":{"self":[{"href":"https:\/\/agora.xtec.cat\/escolarambletadelclot\/wp-json\/wp\/v2\/posts\/618","targetHints":{"allow":["GET"]}}],"collection":[{"href":"https:\/\/agora.xtec.cat\/escolarambletadelclot\/wp-json\/wp\/v2\/posts"}],"about":[{"href":"https:\/\/agora.xtec.cat\/escolarambletadelclot\/wp-json\/wp\/v2\/types\/post"}],"author":[{"embeddable":true,"href":"https:\/\/agora.xtec.cat\/escolarambletadelclot\/wp-json\/wp\/v2\/users\/1"}],"replies":[{"embeddable":true,"href":"https:\/\/agora.xtec.cat\/escolarambletadelclot\/wp-json\/wp\/v2\/comments?post=618"}],"version-history":[{"count":4,"href":"https:\/\/agora.xtec.cat\/escolarambletadelclot\/wp-json\/wp\/v2\/posts\/618\/revisions"}],"predecessor-version":[{"id":4920,"href":"https:\/\/agora.xtec.cat\/escolarambletadelclot\/wp-json\/wp\/v2\/posts\/618\/revisions\/4920"}],"wp:featuredmedia":[{"embeddable":true,"href":"https:\/\/agora.xtec.cat\/escolarambletadelclot\/wp-json\/wp\/v2\/media\/4917"}],"wp:attachment":[{"href":"https:\/\/agora.xtec.cat\/escolarambletadelclot\/wp-json\/wp\/v2\/media?parent=618"}],"wp:term":[{"taxonomy":"category","embeddable":true,"href":"https:\/\/agora.xtec.cat\/escolarambletadelclot\/wp-json\/wp\/v2\/categories?post=618"},{"taxonomy":"post_tag","embeddable":true,"href":"https:\/\/agora.xtec.cat\/escolarambletadelclot\/wp-json\/wp\/v2\/tags?post=618"}],"curies":[{"name":"wp","href":"https:\/\/api.w.org\/{rel}","templated":true}]}}