{"id":6178,"date":"2025-05-16T15:32:33","date_gmt":"2025-05-16T13:32:33","guid":{"rendered":"https:\/\/agora.xtec.cat\/escolarambletadelclot\/?p=6178"},"modified":"2025-05-20T13:10:05","modified_gmt":"2025-05-20T11:10:05","slug":"ajuts-de-menjador-curs-2025-26","status":"publish","type":"post","link":"https:\/\/agora.xtec.cat\/escolarambletadelclot\/general\/ajuts-de-menjador-curs-2025-26\/","title":{"rendered":"Ajuts de Menjador Curs 2025-26"},"content":{"rendered":"<p><span style=\"font-size: 12pt;\"><a href=\"https:\/\/agora.xtec.cat\/escolarambletadelclot\/wp-content\/uploads\/usu436\/2025\/05\/AJUTS-DE-MENJADOR.jpg\"><img loading=\"lazy\" decoding=\"async\" class=\"wp-image-6182 aligncenter\" src=\"https:\/\/agora.xtec.cat\/escolarambletadelclot\/wp-content\/uploads\/usu436\/2025\/05\/AJUTS-DE-MENJADOR-1024x600.jpg\" alt=\"\" width=\"384\" height=\"225\" srcset=\"https:\/\/agora.xtec.cat\/escolarambletadelclot\/wp-content\/uploads\/usu436\/2025\/05\/AJUTS-DE-MENJADOR-1024x600.jpg 1024w, https:\/\/agora.xtec.cat\/escolarambletadelclot\/wp-content\/uploads\/usu436\/2025\/05\/AJUTS-DE-MENJADOR-300x176.jpg 300w, https:\/\/agora.xtec.cat\/escolarambletadelclot\/wp-content\/uploads\/usu436\/2025\/05\/AJUTS-DE-MENJADOR-768x450.jpg 768w, https:\/\/agora.xtec.cat\/escolarambletadelclot\/wp-content\/uploads\/usu436\/2025\/05\/AJUTS-DE-MENJADOR-1536x900.jpg 1536w, https:\/\/agora.xtec.cat\/escolarambletadelclot\/wp-content\/uploads\/usu436\/2025\/05\/AJUTS-DE-MENJADOR.jpg 1748w\" sizes=\"auto, (max-width: 384px) 100vw, 384px\" \/><\/a><\/span><\/p>\n<p><span style=\"font-size: 12pt;\">Benvolgudes fam\u00edlies,<\/span><\/p>\n<p><span style=\"font-size: 12pt;\">L\u2019alumnat de I3 a 4t d\u2019ESO escolaritzat en centres p\u00fablics i concertats de fam\u00edlies amb ingressos per sota dels llindars establerts a la convocat\u00f2ria pot sol\u00b7licitar l\u2019ajut individual de menjador a trav\u00e9s del seu centre educatiu. A la ciutat de Barcelona aquests ajuts s\u00f3n gestionats pel<a href=\"https:\/\/www.edubcn.cat\/ca\/alumnat_i_familia\/ajuts_beques_i_subvencions\/ajuts_de_menjador_escolar\" target=\"_blank\" rel=\"noopener\">\u00a0Consorci d\u2019Educaci\u00f3 de Barcelona<\/a>, mitjan\u00e7ant convocat\u00f2ria p\u00fablica.<\/span><\/p>\n<h2><span style=\"font-size: 12pt;\">Convocat\u00f2ria d&#8217;ajuts individuals de menjador. Curs 2025-2026<\/span><\/h2>\n<p><span style=\"font-size: 12pt;\">S\u2019atorguen ajuts ordinaris del 70% i tamb\u00e9 extraordinaris fins a un m\u00e0xim de 100%<\/span><\/p>\n<ul>\n<li><span style=\"font-size: 12pt;\">Preu de menjador de 7,54 \u20ac, amb car\u00e0cter general, per aquells centres que tenen un espai de migdia amb una durada m\u00e0xima de dues hores i mitja total.<\/span><\/li>\n<li><span style=\"font-size: 12pt;\">Es pot sol\u00b7licitar l\u2019ajut tenint en compte els ingressos familiars corresponents a la renda 2024.<\/span><\/li>\n<li><span style=\"font-size: 12pt;\">S\u2019estableix un llindar per sobre del qual no es poden sol\u00b7licitar ajuts a fi de dedicar els ajuts als trams de rendes m\u00e9s baixes. Es pren com a refer\u00e8ncia el llindar de la pobresa establert a l\u2019IDESCAT. Aquesta mesura va ser aprovada pel Parlament de Catalunya a la Resoluci\u00f3 11\/17.<\/span><\/li>\n<\/ul>\n<h3><span style=\"font-size: 12pt;\">Presentaci\u00f3 de sol\u00b7licituds<\/span><\/h3>\n<p><span style=\"font-size: 12pt;\">Les sol\u00b7licituds es presentaran a trav\u00e9s d&#8217;un formulari telem\u00e0tic adre\u00e7at a l&#8217;alumnat que estigui matriculat o preinscrit per al curs 2025-2026, en un per\u00edode inicial i quatre per\u00edodes oberts de sol\u00b7licituds:<\/span><\/p>\n<ul>\n<li><span style=\"font-size: 12pt;\"><strong>Per\u00edode inicial (maig-juny): entre el 19 de maig i el 20 de juny de 2025<\/strong>, ambd\u00f3s inclosos. El termini per presentar la documentaci\u00f3 al centre, si escau, \u00e9s fins al 20 de juny.<\/span><\/li>\n<li><span style=\"font-size: 12pt;\">Un cop finalitzat el per\u00edode de juny, s\u2019establiran per\u00edodes oberts de presentaci\u00f3 de sol\u00b7licituds (noves peticions, alumnat nou vingut i situacions sobrevingudes).<\/span>\n<ul>\n<li><span style=\"font-size: 12pt;\"><strong>Primer per\u00edode obert<\/strong>\u00a0de presentaci\u00f3 de sol\u00b7licituds:<strong>\u00a0entre el 8 i el 24 de setembre de 2025<\/strong>, ambd\u00f3s inclosos.<\/span><\/li>\n<li><span style=\"font-size: 12pt;\"><strong>Segon per\u00edode obert<\/strong>\u00a0de presentaci\u00f3 de sol\u00b7licituds:\u00a0<strong>entre el 25 de setembre i el 30 de novembre de 2025,<\/strong>\u00a0ambd\u00f3s inclosos.<\/span><\/li>\n<li><span style=\"font-size: 12pt;\"><strong>Tercer per\u00edode obert<\/strong>\u00a0de presentaci\u00f3 de sol\u00b7licituds:\u00a0<strong>entre l&#8217;1 de desembre de 2025 i l&#8217;1 de mar\u00e7 de 2026<\/strong>, ambd\u00f3s inclosos.<\/span><\/li>\n<li><span style=\"font-size: 12pt;\"><strong>Quart per\u00edode obert<\/strong>\u00a0de presentaci\u00f3 de sol\u00b7licituds:\u00a0<strong>entre el 2 de mar\u00e7\u00a0 de 2026 i fins a l&#8217;\u00faltim dia que s&#8217;admetin noves admissions del curs 2025-2026.<\/strong><\/span><\/li>\n<\/ul>\n<\/li>\n<\/ul>\n<h3><span style=\"font-size: 12pt;\">Suport a les fam\u00edlies<\/span><\/h3>\n<ul>\n<li><span style=\"font-size: 12pt;\"><a href=\"https:\/\/drive.google.com\/file\/d\/1nZtCqaTf4DqKfjLjjdpd_UaxUAo93X24\/view?usp=drive_link\">Full informatiu de la convocat\u00f2ria 2025-2026, PDF<\/a><\/span><\/li>\n<\/ul>\n<h3><span style=\"font-size: 12pt;\">Fer la sol\u00b7licitud telem\u00e0tica<\/span><\/h3>\n<ul>\n<li><span style=\"font-size: 12pt;\"><strong><a href=\"https:\/\/ajutsmenjador.ceb.gencat.cat\/\" target=\"_blank\" rel=\"noopener\">Formulari de sol\u00b7licitud d&#8217;ajuts de menjador <\/a>(a partir del dia 19 de maig)<\/strong><\/span><\/li>\n<\/ul>\n<p><span style=\"font-size: 12pt;\">Si teniu qualsevol dubte o consulta podeu adre\u00e7ar-vos a l\u2019escola i us ajudarem!<\/span><\/p>\n","protected":false},"excerpt":{"rendered":"<p>Benvolgudes fam\u00edlies, L\u2019alumnat de I3 a 4t d\u2019ESO escolaritzat en centres p\u00fablics i concertats de fam\u00edlies amb ingressos per sota dels llindars establerts a la convocat\u00f2ria pot sol\u00b7licitar l\u2019ajut individual de menjador a trav\u00e9s del seu centre educatiu. A la ciutat de Barcelona aquests ajuts s\u00f3n gestionats pel\u00a0Consorci d\u2019Educaci\u00f3 de Barcelona, mitjan\u00e7ant convocat\u00f2ria p\u00fablica. Convocat\u00f2ria [&hellip;]<\/p>\n","protected":false},"author":1,"featured_media":0,"comment_status":"closed","ping_status":"closed","sticky":false,"template":"","format":"standard","meta":{"_bbp_topic_count":0,"_bbp_reply_count":0,"_bbp_total_topic_count":0,"_bbp_total_reply_count":0,"_bbp_voice_count":0,"_bbp_anonymous_reply_count":0,"_bbp_topic_count_hidden":0,"_bbp_reply_count_hidden":0,"_bbp_forum_subforum_count":0,"site-sidebar-layout":"default","site-content-layout":"","ast-site-content-layout":"","site-content-style":"default","site-sidebar-style":"default","ast-global-header-display":"","ast-banner-title-visibility":"","ast-main-header-display":"","ast-hfb-above-header-display":"","ast-hfb-below-header-display":"","ast-hfb-mobile-header-display":"","site-post-title":"","ast-breadcrumbs-content":"","ast-featured-img":"","footer-sml-layout":"","theme-transparent-header-meta":"","adv-header-id-meta":"","stick-header-meta":"","header-above-stick-meta":"","header-main-stick-meta":"","header-below-stick-meta":"","astra-migrate-meta-layouts":"default","ast-page-background-enabled":"default","ast-page-background-meta":{"desktop":{"background-color":"var(--ast-global-color-4)","background-image":"","background-repeat":"repeat","background-position":"center center","background-size":"auto","background-attachment":"scroll","background-type":"","background-media":"","overlay-type":"","overlay-color":"","overlay-opacity":"","overlay-gradient":""},"tablet":{"background-color":"","background-image":"","background-repeat":"repeat","background-position":"center center","background-size":"auto","background-attachment":"scroll","background-type":"","background-media":"","overlay-type":"","overlay-color":"","overlay-opacity":"","overlay-gradient":""},"mobile":{"background-color":"","background-image":"","background-repeat":"repeat","background-position":"center center","background-size":"auto","background-attachment":"scroll","background-type":"","background-media":"","overlay-type":"","overlay-color":"","overlay-opacity":"","overlay-gradient":""}},"ast-content-background-meta":{"desktop":{"background-color":"var(--ast-global-color-5)","background-image":"","background-repeat":"repeat","background-position":"center center","background-size":"auto","background-attachment":"scroll","background-type":"","background-media":"","overlay-type":"","overlay-color":"","overlay-opacity":"","overlay-gradient":""},"tablet":{"background-color":"var(--ast-global-color-5)","background-image":"","background-repeat":"repeat","background-position":"center center","background-size":"auto","background-attachment":"scroll","background-type":"","background-media":"","overlay-type":"","overlay-color":"","overlay-opacity":"","overlay-gradient":""},"mobile":{"background-color":"var(--ast-global-color-5)","background-image":"","background-repeat":"repeat","background-position":"center center","background-size":"auto","background-attachment":"scroll","background-type":"","background-media":"","overlay-type":"","overlay-color":"","overlay-opacity":"","overlay-gradient":""}},"footnotes":""},"categories":[1,4],"tags":[],"class_list":["post-6178","post","type-post","status-publish","format-standard","hentry","category-general","category-portada"],"post_mailing_queue_ids":[],"_links":{"self":[{"href":"https:\/\/agora.xtec.cat\/escolarambletadelclot\/wp-json\/wp\/v2\/posts\/6178","targetHints":{"allow":["GET"]}}],"collection":[{"href":"https:\/\/agora.xtec.cat\/escolarambletadelclot\/wp-json\/wp\/v2\/posts"}],"about":[{"href":"https:\/\/agora.xtec.cat\/escolarambletadelclot\/wp-json\/wp\/v2\/types\/post"}],"author":[{"embeddable":true,"href":"https:\/\/agora.xtec.cat\/escolarambletadelclot\/wp-json\/wp\/v2\/users\/1"}],"replies":[{"embeddable":true,"href":"https:\/\/agora.xtec.cat\/escolarambletadelclot\/wp-json\/wp\/v2\/comments?post=6178"}],"version-history":[{"count":4,"href":"https:\/\/agora.xtec.cat\/escolarambletadelclot\/wp-json\/wp\/v2\/posts\/6178\/revisions"}],"predecessor-version":[{"id":6186,"href":"https:\/\/agora.xtec.cat\/escolarambletadelclot\/wp-json\/wp\/v2\/posts\/6178\/revisions\/6186"}],"wp:attachment":[{"href":"https:\/\/agora.xtec.cat\/escolarambletadelclot\/wp-json\/wp\/v2\/media?parent=6178"}],"wp:term":[{"taxonomy":"category","embeddable":true,"href":"https:\/\/agora.xtec.cat\/escolarambletadelclot\/wp-json\/wp\/v2\/categories?post=6178"},{"taxonomy":"post_tag","embeddable":true,"href":"https:\/\/agora.xtec.cat\/escolarambletadelclot\/wp-json\/wp\/v2\/tags?post=6178"}],"curies":[{"name":"wp","href":"https:\/\/api.w.org\/{rel}","templated":true}]}}